{"id":31561,"date":"2026-01-22T16:06:19","date_gmt":"2026-01-22T13:06:19","guid":{"rendered":"https:\/\/akdenizhaber.com.tr\/?p=31561"},"modified":"2026-01-22T16:06:19","modified_gmt":"2026-01-22T13:06:19","slug":"kadin-muhtarlardan-manavgat-belediyesine-ziyaret","status":"publish","type":"post","link":"https:\/\/akdenizhaber.com.tr\/index.php\/2026\/01\/22\/kadin-muhtarlardan-manavgat-belediyesine-ziyaret\/","title":{"rendered":"Kad\u0131n Muhtarlardan Manavgat Belediyesine Ziyaret"},"content":{"rendered":"\n<p>Manavgat \u00d6rnek Mahallesi Muhtar\u0131 Melek \u015eahin, Eski Hisar Mahallesi Muhtar\u0131 M\u00fcnevver \u00c7etin ve K\u0131z\u0131la\u011fa\u00e7 Mahallesi Muhtar\u0131 Damla Kaya, Manavgat Belediyesini ziyaret etti.<\/p>\n\n\n\n<p>Belediye hizmet binas\u0131nda ger\u00e7ekle\u015fen ziyarette, mahallelerin mevcut ihtiya\u00e7lar\u0131 ve vatanda\u015flardan gelen talepler ele al\u0131nd\u0131. Kar\u015f\u0131l\u0131kl\u0131 g\u00f6r\u00fc\u015f al\u0131\u015fveri\u015finin yap\u0131ld\u0131\u011f\u0131 ziyarette, Manavgat Belediye Ba\u015fkan Vekili Av. Mehmet \u00c7i\u00e7ek, mahallelerde y\u00fcr\u00fct\u00fclen \u00e7al\u0131\u015fmalar ve planlamalar hakk\u0131nda bilgi verdi.<\/p>\n\n\n\n<p>Ba\u015fkan Vekili \u00c7i\u00e7ek, kad\u0131n muhtarlar\u0131n mahallelerinde y\u00fcr\u00fctt\u00fckleri \u00f6zverili \u00e7al\u0131\u015fmalar\u0131n \u015fehir ya\u015fam\u0131na \u00f6nemli katk\u0131 sundu\u011funu belirterek, Manavgat Belediyesi ile muhtarlar aras\u0131ndaki koordinasyonun g\u00fc\u00e7lenerek devam edece\u011fini s\u00f6yledi.<\/p>\n\n\n\n<p>Manavgat Belediyesi \/ B\u00fclten<\/p>\n","protected":false},"excerpt":{"rendered":"<p>Manavgat \u00d6rnek Mahallesi Muhtar\u0131 Melek \u015eahin, Eski Hisar Mahallesi Muhtar\u0131 M\u00fcnevver \u00c7etin ve K\u0131z\u0131la\u011fa\u00e7 Mahallesi Muhtar\u0131 Damla Kaya, Manavgat Belediyesini ziyaret etti. Belediye hizmet binas\u0131nda <a href=\"https:\/\/akdenizhaber.com.tr\/index.php\/2026\/01\/22\/kadin-muhtarlardan-manavgat-belediyesine-ziyaret\/\" class=\"read-more-link\">[more&#8230;]<\/a><\/p>\n","protected":false},"author":2,"featured_media":31562,"comment_status":"open","ping_status":"open","sticky":false,"template":"","format":"standard","meta":{"footnotes":""},"categories":[2],"tags":[],"class_list":["post-31561","post","type-post","status-publish","format-standard","has-post-thumbnail","hentry","category-gundem"],"_links":{"self":[{"href":"https:\/\/akdenizhaber.com.tr\/index.php\/wp-json\/wp\/v2\/posts\/31561","targetHints":{"allow":["GET"]}}],"collection":[{"href":"https:\/\/akdenizhaber.com.tr\/index.php\/wp-json\/wp\/v2\/posts"}],"about":[{"href":"https:\/\/akdenizhaber.com.tr\/index.php\/wp-json\/wp\/v2\/types\/post"}],"author":[{"embeddable":true,"href":"https:\/\/akdenizhaber.com.tr\/index.php\/wp-json\/wp\/v2\/users\/2"}],"replies":[{"embeddable":true,"href":"https:\/\/akdenizhaber.com.tr\/index.php\/wp-json\/wp\/v2\/comments?post=31561"}],"version-history":[{"count":1,"href":"https:\/\/akdenizhaber.com.tr\/index.php\/wp-json\/wp\/v2\/posts\/31561\/revisions"}],"predecessor-version":[{"id":31563,"href":"https:\/\/akdenizhaber.com.tr\/index.php\/wp-json\/wp\/v2\/posts\/31561\/revisions\/31563"}],"wp:featuredmedia":[{"embeddable":true,"href":"https:\/\/akdenizhaber.com.tr\/index.php\/wp-json\/wp\/v2\/media\/31562"}],"wp:attachment":[{"href":"https:\/\/akdenizhaber.com.tr\/index.php\/wp-json\/wp\/v2\/media?parent=31561"}],"wp:term":[{"taxonomy":"category","embeddable":true,"href":"https:\/\/akdenizhaber.com.tr\/index.php\/wp-json\/wp\/v2\/categories?post=31561"},{"taxonomy":"post_tag","embeddable":true,"href":"https:\/\/akdenizhaber.com.tr\/index.php\/wp-json\/wp\/v2\/tags?post=31561"}],"curies":[{"name":"wp","href":"https:\/\/api.w.org\/{rel}","templated":true}]}}