{"id":31558,"date":"2026-01-22T16:05:51","date_gmt":"2026-01-22T13:05:51","guid":{"rendered":"https:\/\/akdenizhaber.com.tr\/?p=31558"},"modified":"2026-01-22T16:05:52","modified_gmt":"2026-01-22T13:05:52","slug":"egitim-sen-manavgat-temsilciligi-baskan-vekili-ciceki-ziyaret-etti","status":"publish","type":"post","link":"https:\/\/akdenizhaber.com.tr\/index.php\/2026\/01\/22\/egitim-sen-manavgat-temsilciligi-baskan-vekili-ciceki-ziyaret-etti\/","title":{"rendered":"E\u011fitim-Sen Manavgat Temsilcili\u011fi, Ba\u015fkan Vekili \u00c7i\u00e7ek\u2019i Ziyaret Etti"},"content":{"rendered":"\n<p>E\u011fitim-Sen Manavgat Temsilcili\u011fi Y\u00fcr\u00fctme Kurulu Ba\u015fkan\u0131 B\u00fclent Irmak ve beraberindeki Y\u00f6netim Kurulu \u00dcyeleri, Manavgat Belediye Ba\u015fkan Vekili Av. Mehmet \u00c7i\u00e7ek\u2019i makam\u0131nda ziyaret etti.<\/p>\n\n\n\n<p>Ziyarette, i\u015f\u00e7i haklar\u0131 ve sendikal faaliyetler ele al\u0131nd\u0131. Taraflar aras\u0131nda kar\u015f\u0131l\u0131kl\u0131 g\u00f6r\u00fc\u015f al\u0131\u015fveri\u015finde bulunulurken, yerel y\u00f6netimler ile sendikalar aras\u0131ndaki ileti\u015fim ve i\u015f birli\u011finin \u00f6nemi vurguland\u0131.<\/p>\n\n\n\n<p>Manavgat Belediye Ba\u015fkan Vekili Av. Mehmet \u00c7i\u00e7ek, emek ve al\u0131n terinin korunmas\u0131n\u0131n sosyal belediyecili\u011fin temel unsurlar\u0131ndan biri oldu\u011funu ifade etti. \u00c7i\u00e7ek, belediye olarak i\u015f\u00e7i haklar\u0131n\u0131 g\u00f6zeten ve kat\u0131l\u0131mc\u0131 bir anlay\u0131\u015fla \u00e7al\u0131\u015fmalar\u0131n\u0131 s\u00fcrd\u00fcrd\u00fcklerini s\u00f6yledi.<\/p>\n\n\n\n<p>Manavgat Belediyesi \/ B\u00fclten<\/p>\n","protected":false},"excerpt":{"rendered":"<p>E\u011fitim-Sen Manavgat Temsilcili\u011fi Y\u00fcr\u00fctme Kurulu Ba\u015fkan\u0131 B\u00fclent Irmak ve beraberindeki Y\u00f6netim Kurulu \u00dcyeleri, Manavgat Belediye Ba\u015fkan Vekili Av. Mehmet \u00c7i\u00e7ek\u2019i makam\u0131nda ziyaret etti. Ziyarette, i\u015f\u00e7i <a href=\"https:\/\/akdenizhaber.com.tr\/index.php\/2026\/01\/22\/egitim-sen-manavgat-temsilciligi-baskan-vekili-ciceki-ziyaret-etti\/\" class=\"read-more-link\">[more&#8230;]<\/a><\/p>\n","protected":false},"author":2,"featured_media":31559,"comment_status":"open","ping_status":"open","sticky":false,"template":"","format":"standard","meta":{"footnotes":""},"categories":[2],"tags":[],"class_list":["post-31558","post","type-post","status-publish","format-standard","has-post-thumbnail","hentry","category-gundem"],"_links":{"self":[{"href":"https:\/\/akdenizhaber.com.tr\/index.php\/wp-json\/wp\/v2\/posts\/31558","targetHints":{"allow":["GET"]}}],"collection":[{"href":"https:\/\/akdenizhaber.com.tr\/index.php\/wp-json\/wp\/v2\/posts"}],"about":[{"href":"https:\/\/akdenizhaber.com.tr\/index.php\/wp-json\/wp\/v2\/types\/post"}],"author":[{"embeddable":true,"href":"https:\/\/akdenizhaber.com.tr\/index.php\/wp-json\/wp\/v2\/users\/2"}],"replies":[{"embeddable":true,"href":"https:\/\/akdenizhaber.com.tr\/index.php\/wp-json\/wp\/v2\/comments?post=31558"}],"version-history":[{"count":1,"href":"https:\/\/akdenizhaber.com.tr\/index.php\/wp-json\/wp\/v2\/posts\/31558\/revisions"}],"predecessor-version":[{"id":31560,"href":"https:\/\/akdenizhaber.com.tr\/index.php\/wp-json\/wp\/v2\/posts\/31558\/revisions\/31560"}],"wp:featuredmedia":[{"embeddable":true,"href":"https:\/\/akdenizhaber.com.tr\/index.php\/wp-json\/wp\/v2\/media\/31559"}],"wp:attachment":[{"href":"https:\/\/akdenizhaber.com.tr\/index.php\/wp-json\/wp\/v2\/media?parent=31558"}],"wp:term":[{"taxonomy":"category","embeddable":true,"href":"https:\/\/akdenizhaber.com.tr\/index.php\/wp-json\/wp\/v2\/categories?post=31558"},{"taxonomy":"post_tag","embeddable":true,"href":"https:\/\/akdenizhaber.com.tr\/index.php\/wp-json\/wp\/v2\/tags?post=31558"}],"curies":[{"name":"wp","href":"https:\/\/api.w.org\/{rel}","templated":true}]}}