{"id":31555,"date":"2026-01-22T16:05:19","date_gmt":"2026-01-22T13:05:19","guid":{"rendered":"https:\/\/akdenizhaber.com.tr\/?p=31555"},"modified":"2026-01-22T16:05:19","modified_gmt":"2026-01-22T13:05:19","slug":"chp-heyetinden-baskan-vekili-ciceke-ziyaret-2","status":"publish","type":"post","link":"https:\/\/akdenizhaber.com.tr\/index.php\/2026\/01\/22\/chp-heyetinden-baskan-vekili-ciceke-ziyaret-2\/","title":{"rendered":"CHP Heyetinden Ba\u015fkan Vekili \u00c7i\u00e7ek\u2019e Ziyaret"},"content":{"rendered":"\n<p>CHP Manavgat \u0130l\u00e7e \u00d6rg\u00fct\u00fc Ba\u015fkan\u0131 Oykun Ba\u015far ile CHP Antalya Milletvekilleri Sururi \u00c7orabat\u0131r ve Aliye Co\u015far, Manavgat Belediye Ba\u015fkan Vekili Av. Mehmet \u00c7i\u00e7ek\u2019i makam\u0131nda ziyaret etti.<\/p>\n\n\n\n<p>Side Hizmet Binas\u0131\u2019nda ger\u00e7ekle\u015fen ziyarette, Manavgat\u2019ta y\u00fcr\u00fct\u00fclen belediye hizmetleri, devam eden projeler ve gelecek d\u00f6neme ili\u015fkin \u00e7al\u0131\u015fmalar ele al\u0131nd\u0131.<\/p>\n\n\n\n<p>Ziyarete dair bir a\u00e7\u0131klama yapan Manavgat Belediye Ba\u015fkan Vekili Av. Mehmet \u00c7i\u00e7ek, \u015funlar\u0131 kaydetti:<\/p>\n\n\n\n<p>\u201cManavgat\u2019\u0131m\u0131z\u0131n geli\u015fimi ve halk\u0131m\u0131z\u0131n ya\u015fam kalitesinin art\u0131r\u0131lmas\u0131 ad\u0131na ortak ak\u0131l ve dayan\u0131\u015fma i\u00e7erisinde \u00e7al\u0131\u015f\u0131yoruz. Nazik ziyaretleri ve yap\u0131c\u0131 katk\u0131lar\u0131 dolay\u0131s\u0131yla \u0130l\u00e7e \u00d6rg\u00fct\u00fc Ba\u015fkan\u0131m\u0131z Say\u0131n Oykun Ba\u015far\u2019a ve Antalya Milletvekillerimiz Say\u0131n Sururi \u00c7orabat\u0131r ile Say\u0131n Aliye Co\u015far\u2019a te\u015fekk\u00fcr ediyorum. Manavgat i\u00e7in ortak hedefler do\u011frultusunda, uyum ve kararl\u0131l\u0131kla \u00e7al\u0131\u015fmay\u0131 s\u00fcrd\u00fcrece\u011fiz.\u201d<\/p>\n\n\n\n<p>Manavgat Belediyesi \/ B\u00fclten<\/p>\n","protected":false},"excerpt":{"rendered":"<p>CHP Manavgat \u0130l\u00e7e \u00d6rg\u00fct\u00fc Ba\u015fkan\u0131 Oykun Ba\u015far ile CHP Antalya Milletvekilleri Sururi \u00c7orabat\u0131r ve Aliye Co\u015far, Manavgat Belediye Ba\u015fkan Vekili Av. Mehmet \u00c7i\u00e7ek\u2019i makam\u0131nda ziyaret <a href=\"https:\/\/akdenizhaber.com.tr\/index.php\/2026\/01\/22\/chp-heyetinden-baskan-vekili-ciceke-ziyaret-2\/\" class=\"read-more-link\">[more&#8230;]<\/a><\/p>\n","protected":false},"author":2,"featured_media":31556,"comment_status":"open","ping_status":"open","sticky":false,"template":"","format":"standard","meta":{"footnotes":""},"categories":[2],"tags":[],"class_list":["post-31555","post","type-post","status-publish","format-standard","has-post-thumbnail","hentry","category-gundem"],"_links":{"self":[{"href":"https:\/\/akdenizhaber.com.tr\/index.php\/wp-json\/wp\/v2\/posts\/31555","targetHints":{"allow":["GET"]}}],"collection":[{"href":"https:\/\/akdenizhaber.com.tr\/index.php\/wp-json\/wp\/v2\/posts"}],"about":[{"href":"https:\/\/akdenizhaber.com.tr\/index.php\/wp-json\/wp\/v2\/types\/post"}],"author":[{"embeddable":true,"href":"https:\/\/akdenizhaber.com.tr\/index.php\/wp-json\/wp\/v2\/users\/2"}],"replies":[{"embeddable":true,"href":"https:\/\/akdenizhaber.com.tr\/index.php\/wp-json\/wp\/v2\/comments?post=31555"}],"version-history":[{"count":1,"href":"https:\/\/akdenizhaber.com.tr\/index.php\/wp-json\/wp\/v2\/posts\/31555\/revisions"}],"predecessor-version":[{"id":31557,"href":"https:\/\/akdenizhaber.com.tr\/index.php\/wp-json\/wp\/v2\/posts\/31555\/revisions\/31557"}],"wp:featuredmedia":[{"embeddable":true,"href":"https:\/\/akdenizhaber.com.tr\/index.php\/wp-json\/wp\/v2\/media\/31556"}],"wp:attachment":[{"href":"https:\/\/akdenizhaber.com.tr\/index.php\/wp-json\/wp\/v2\/media?parent=31555"}],"wp:term":[{"taxonomy":"category","embeddable":true,"href":"https:\/\/akdenizhaber.com.tr\/index.php\/wp-json\/wp\/v2\/categories?post=31555"},{"taxonomy":"post_tag","embeddable":true,"href":"https:\/\/akdenizhaber.com.tr\/index.php\/wp-json\/wp\/v2\/tags?post=31555"}],"curies":[{"name":"wp","href":"https:\/\/api.w.org\/{rel}","templated":true}]}}