{"id":31547,"date":"2026-01-22T16:02:46","date_gmt":"2026-01-22T13:02:46","guid":{"rendered":"https:\/\/akdenizhaber.com.tr\/?p=31547"},"modified":"2026-01-22T16:02:46","modified_gmt":"2026-01-22T13:02:46","slug":"cop31-heyetinden-baskan-vekili-ozdemire-ziyaret","status":"publish","type":"post","link":"https:\/\/akdenizhaber.com.tr\/index.php\/2026\/01\/22\/cop31-heyetinden-baskan-vekili-ozdemire-ziyaret\/","title":{"rendered":"COP31 heyetinden Ba\u015fkan Vekili \u00d6zdemir\u2019e ziyaret"},"content":{"rendered":"\n<p>Birle\u015fmi\u015f Milletler \u0130klim De\u011fi\u015fikli\u011fi \u00c7er\u00e7eve S\u00f6zle\u015fmesi (BM\u0130D\u00c7S) 31. Taraflar Konferans\u0131 (COP31) bu y\u0131l Antalya\u2019da ger\u00e7ekle\u015ftirecek. Konferans kapsam\u0131nda Antalya\u2019da temaslar\u0131n\u0131 s\u00fcrd\u00fcren COP31 operasyon heyeti, B\u00fcy\u00fck\u015fehir Belediyesi Ba\u015fkan Vekili B\u00fc\u015fra \u00d6zdemir\u2019i ziyaret etti. Ba\u015fkan Vekili \u00d6zdemir, COP31\u2019i yaln\u0131zca bir organizasyon de\u011fil, kal\u0131c\u0131 bir d\u00f6n\u00fc\u015f\u00fcm f\u0131rsat\u0131 olarak g\u00f6rd\u00fcklerini belirterek, \u201cAntalya B\u00fcy\u00fck\u015fehir Belediyesi olarak kentimizin altyap\u0131s\u0131, organizasyon kapasitesi ve uluslararas\u0131 deneyimiyle COP31\u2019e en g\u00fc\u00e7l\u00fc \u015fekilde ev sahipli\u011fi yapaca\u011f\u0131z\u201d dedi.&nbsp;<\/p>\n\n\n\n<p>9-20 Kas\u0131m 2026 tarihleri aras\u0131nda Antalya\u2019da d\u00fczenlenecek BM \u0130klim Zirvesi COP31 haz\u0131rl\u0131klar\u0131 kapsam\u0131nda Birle\u015fmi\u015f Milletler \u0130cra Sekreter Yard\u0131mc\u0131s\u0131 Naura Hamladj\u0131, Antalya Vali Yard\u0131mc\u0131s\u0131 Salih Y\u00fcce ve Bakanl\u0131k temsilcilerinden olu\u015fan bir heyet B\u00fcy\u00fck\u015fehir Belediyesi Ba\u015fkan\u0131 Vekili B\u00fc\u015fra \u00d6zdemir\u2019i makam\u0131nda ziyaret etti. Ba\u015fkan Vekili \u00d6zdemir, COP31\u2019in Antalya\u2019da d\u00fczenlenecek olmas\u0131n\u0131n,&nbsp; son derece \u00f6nemli ve stratejik bir ad\u0131m oldu\u011funu s\u00f6yledi.<\/p>\n\n\n\n<p>\u0130KL\u0130M\u0130N BA\u015eKENT\u0130 OLACA\u011eIZ<\/p>\n\n\n\n<p>\u0130klim de\u011fi\u015fikli\u011finden en \u00e7ok etkilenecek co\u011frafyada Antalya\u2019n\u0131n da yer ald\u0131\u011f\u0131n\u0131 aktaran B\u00fc\u015fra \u00d6zdemir, \u201cAntalya, T\u00fcrk turizminin ve tar\u0131m\u0131n ba\u015fkenti olarak tan\u0131mlan\u0131r. 2025 y\u0131l\u0131nda 40 \u00fclkeden 96 kentin \u00fcye oldu\u011fu Asya Belediye Ba\u015fkanlar\u0131 Forumu taraf\u0131ndan \u201c2025 y\u0131l\u0131 \u00c7evre Ba\u015fkenti\u201d olarak ilan edildi. \u015eimdi de COP31 s\u00fcrecinde \u201c\u0130klimin Ba\u015fkenti\u201d olaca\u011f\u0131z. D\u00fcnyan\u0131n bir\u00e7ok yerinde oldu\u011fu gibi Antalya\u2019da da son y\u0131llarda artan a\u015f\u0131r\u0131 ya\u011f\u0131\u015flar, seller, hortumlar, y\u00fcksek s\u0131cakl\u0131klar, mega orman yang\u0131nlar\u0131 gibi ya\u015fad\u0131\u011f\u0131m\u0131z pek \u00e7ok \u00e7evre felaketi iklim krizine kar\u015f\u0131 ne derece k\u0131r\u0131lgan oldu\u011fumuzu a\u00e7\u0131k\u00e7a g\u00f6stermektedir\u201d dedi.&nbsp;<\/p>\n\n\n\n<p><a><\/a>\u0130KL\u0130ME D\u0130REN\u00c7L\u0130 B\u0130R ANTALYA \u0130\u00c7\u0130N \u00c7ALI\u015eIYORUZ<\/p>\n\n\n\n<p>\u0130klime diren\u00e7li bir kent olma noktas\u0131nda b\u00fcy\u00fck bir sorumluluk ile hareket ettiklerini s\u00f6yleyen B\u00fc\u015fra \u00d6zdemir, \u201cS\u00fcrd\u00fcr\u00fclebilir Enerji ve \u0130klim Eylem Plan\u0131m\u0131z kapsam\u0131nda 2050 y\u0131l\u0131 karbon n\u00f6tr hedefimize kararl\u0131l\u0131kla ilerliyoruz. \u0130klim de\u011fi\u015fikli\u011fi ile m\u00fccadele ve uyum kapsam\u0131nda \u00e7al\u0131\u015fma alanlar\u0131m\u0131zda \u00e7evre odakl\u0131, bilime ve tekni\u011fe dayal\u0131, ortak ak\u0131lla \u00e7al\u0131\u015fmalar\u0131m\u0131z\u0131 s\u00fcrd\u00fcr\u00fcyoruz. 2019\u2019dan bug\u00fcne ulusal ve uluslararas\u0131 alanda ald\u0131\u011f\u0131m\u0131z 27 \u00e7evre \u00f6d\u00fcl\u00fc bunun en g\u00fc\u00e7l\u00fc g\u00f6stergesidir. COP31 s\u00fcrecini yaln\u0131zca bir organizasyon de\u011fil; kal\u0131c\u0131 bir d\u00f6n\u00fc\u015f\u00fcm f\u0131rsat\u0131 olarak g\u00f6r\u00fcyoruz. Kentimizin altyap\u0131s\u0131, organizasyon kapasitesi ve uluslararas\u0131 deneyimiyle COP31\u2019e en g\u00fc\u00e7l\u00fc \u015fekilde ev sahipli\u011fi yapaca\u011f\u0131m\u0131za y\u00fcrekten inan\u0131yorum\u201d diye konu\u015ftu.<\/p>\n\n\n\n<p>BM GENEL KURULUNDAN DAHA KALABALIK B\u0130R HEYET GELECEK<\/p>\n\n\n\n<p>Konu\u015fmas\u0131na T\u00fcrkiye ve Antalya\u2019y\u0131 COP31\u2019e ev sahipli\u011fi yapacak olmas\u0131ndan dolay\u0131 tebrik ederek ba\u015flayan Birle\u015fmi\u015f Milletler \u0130cra Sekreter Yard\u0131mc\u0131s\u0131 Naura Hamladj\u0131, COP31 s\u00fcrecinde T\u00fcrkiye ve Antalya\u2019n\u0131n iklim diplomasisinin kalbinde yer alaca\u011f\u0131n\u0131 kaydetti. BM \u0130cra Sekreter Yard\u0131mc\u0131s\u0131 Naura Hamladj\u0131, \u201cCOP31, BM Genel Kurulu\u2019ndan bile daha \u00e7ok kat\u0131l\u0131mc\u0131 \u00e7eken b\u00fcy\u00fck bir organizasyon. 193 \u00fclkeden m\u00fczakereci ve 50 bini a\u015fk\u0131n heyet \u00fcyesi gelecek. Etkinli\u011fin yap\u0131laca\u011f\u0131 alan, tesisler, ula\u015f\u0131m, emniyet ve sa\u011fl\u0131k gibi bir\u00e7ok faaliyetini nas\u0131l y\u00fcr\u00fct\u00fclece\u011fine bak\u0131yoruz. 3 g\u00fcn boyunca teknik incelememiz s\u00fcrecek. Ayn\u0131 zamanda Antalya\u2019n\u0131n g\u00fczelliklerini de ke\u015ffediyoruz. BM ekibi olarak COP31 s\u00fcresince yan\u0131n\u0131zda olaca\u011f\u0131z. Organizasyonun ba\u015far\u0131l\u0131 olmas\u0131 i\u00e7in ortakl\u0131k ruhu ile birlikte hareket edece\u011fiz\u201d diye konu\u015ftu.<\/p>\n\n\n\n<p>Ba\u015fkan Vekili B\u00fc\u015fra \u00d6zdemir, Naura Hamladj\u0131, B\u00fcy\u00fck\u015fehir Belediyesi b\u00fcrokratlar\u0131 ve COP31 heyeti bir s\u00fcre yap\u0131lacak \u00e7al\u0131\u015fmalara ili\u015fkin de\u011ferlendirme toplant\u0131s\u0131 yapt\u0131. Toplant\u0131 sonunda Ba\u015fkan Vekili B\u00fc\u015fra \u00d6zdemir, BM \u0130cra Sekreter Yard\u0131mc\u0131s\u0131 Naura Hamladj\u0131\u2019ya ziyaret an\u0131s\u0131na plaket takdim etti.<\/p>\n\n\n\n<p>Antalya B\u00fcy\u00fck\u015fehir Belediyesi \/ B\u00fclten<\/p>\n","protected":false},"excerpt":{"rendered":"<p>Birle\u015fmi\u015f Milletler \u0130klim De\u011fi\u015fikli\u011fi \u00c7er\u00e7eve S\u00f6zle\u015fmesi (BM\u0130D\u00c7S) 31. Taraflar Konferans\u0131 (COP31) bu y\u0131l Antalya\u2019da ger\u00e7ekle\u015ftirecek. Konferans kapsam\u0131nda Antalya\u2019da temaslar\u0131n\u0131 s\u00fcrd\u00fcren COP31 operasyon heyeti, B\u00fcy\u00fck\u015fehir Belediyesi <a href=\"https:\/\/akdenizhaber.com.tr\/index.php\/2026\/01\/22\/cop31-heyetinden-baskan-vekili-ozdemire-ziyaret\/\" class=\"read-more-link\">[more&#8230;]<\/a><\/p>\n","protected":false},"author":2,"featured_media":31548,"comment_status":"open","ping_status":"open","sticky":false,"template":"","format":"standard","meta":{"footnotes":""},"categories":[2],"tags":[],"class_list":["post-31547","post","type-post","status-publish","format-standard","has-post-thumbnail","hentry","category-gundem"],"_links":{"self":[{"href":"https:\/\/akdenizhaber.com.tr\/index.php\/wp-json\/wp\/v2\/posts\/31547","targetHints":{"allow":["GET"]}}],"collection":[{"href":"https:\/\/akdenizhaber.com.tr\/index.php\/wp-json\/wp\/v2\/posts"}],"about":[{"href":"https:\/\/akdenizhaber.com.tr\/index.php\/wp-json\/wp\/v2\/types\/post"}],"author":[{"embeddable":true,"href":"https:\/\/akdenizhaber.com.tr\/index.php\/wp-json\/wp\/v2\/users\/2"}],"replies":[{"embeddable":true,"href":"https:\/\/akdenizhaber.com.tr\/index.php\/wp-json\/wp\/v2\/comments?post=31547"}],"version-history":[{"count":1,"href":"https:\/\/akdenizhaber.com.tr\/index.php\/wp-json\/wp\/v2\/posts\/31547\/revisions"}],"predecessor-version":[{"id":31549,"href":"https:\/\/akdenizhaber.com.tr\/index.php\/wp-json\/wp\/v2\/posts\/31547\/revisions\/31549"}],"wp:featuredmedia":[{"embeddable":true,"href":"https:\/\/akdenizhaber.com.tr\/index.php\/wp-json\/wp\/v2\/media\/31548"}],"wp:attachment":[{"href":"https:\/\/akdenizhaber.com.tr\/index.php\/wp-json\/wp\/v2\/media?parent=31547"}],"wp:term":[{"taxonomy":"category","embeddable":true,"href":"https:\/\/akdenizhaber.com.tr\/index.php\/wp-json\/wp\/v2\/categories?post=31547"},{"taxonomy":"post_tag","embeddable":true,"href":"https:\/\/akdenizhaber.com.tr\/index.php\/wp-json\/wp\/v2\/tags?post=31547"}],"curies":[{"name":"wp","href":"https:\/\/api.w.org\/{rel}","templated":true}]}}