{"id":31538,"date":"2026-01-22T16:09:02","date_gmt":"2026-01-22T13:09:02","guid":{"rendered":"https:\/\/akdenizhaber.com.tr\/?p=31538"},"modified":"2026-01-22T16:09:03","modified_gmt":"2026-01-22T13:09:03","slug":"abdullah-doru","status":"publish","type":"post","link":"https:\/\/akdenizhaber.com.tr\/index.php\/2026\/01\/22\/abdullah-doru\/","title":{"rendered":"ABDULLAH DORU.."},"content":{"rendered":"\n<p><br>10 Ocak 2025 tarihinden \u00f6nce ismini \u00e7ok s\u0131k duydu\u011fum birisi idi Abdullah Doru..<br>Ne zamanki Manavgat Esnaf sanatkarlar Odas\u0131 ba\u015fkan aday\u0131 olarak ilk sahaya \u00e7\u0131kt\u0131 o g\u00fcn tan\u0131ma f\u0131rsat\u0131 buldum kendisini..<br>Bizler i\u00e7in anlaml\u0131 bir g\u00fcnd\u00fc Abdullah Doru\u2019nun bas\u0131n a\u00e7\u0131klamas\u0131n\u0131n yapt\u0131\u011f\u0131 g\u00fcn..<br>10 Ocak 2025 \u00c7al\u0131\u015fan Gazeteciler g\u00fcn\u00fcnde y\u00f6netim kurulu adaylar\u0131 ile birlikte bas\u0131n \u00f6n\u00fcnde kamuoyuna resmen aday oldu\u011funu deklare etti.<\/p>\n\n\n\n<figure class=\"wp-block-image size-large is-resized\"><img loading=\"lazy\" decoding=\"async\" width=\"819\" height=\"1024\" src=\"https:\/\/akdenizhaber.com.tr\/wp-content\/uploads\/2026\/01\/c2d890e3-5ef0-4487-85fc-d0ce407a1a8a-819x1024.jpeg\" alt=\"\" class=\"wp-image-31539\" style=\"width:663px;height:auto\" srcset=\"https:\/\/akdenizhaber.com.tr\/wp-content\/uploads\/2026\/01\/c2d890e3-5ef0-4487-85fc-d0ce407a1a8a-819x1024.jpeg 819w, https:\/\/akdenizhaber.com.tr\/wp-content\/uploads\/2026\/01\/c2d890e3-5ef0-4487-85fc-d0ce407a1a8a-240x300.jpeg 240w, https:\/\/akdenizhaber.com.tr\/wp-content\/uploads\/2026\/01\/c2d890e3-5ef0-4487-85fc-d0ce407a1a8a-768x961.jpeg 768w, https:\/\/akdenizhaber.com.tr\/wp-content\/uploads\/2026\/01\/c2d890e3-5ef0-4487-85fc-d0ce407a1a8a-1228x1536.jpeg 1228w, https:\/\/akdenizhaber.com.tr\/wp-content\/uploads\/2026\/01\/c2d890e3-5ef0-4487-85fc-d0ce407a1a8a.jpeg 1279w\" sizes=\"auto, (max-width: 819px) 100vw, 819px\" \/><\/figure>\n\n\n\n<p><br>O g\u00fcn birlikte yola \u00e7\u0131kt\u0131\u011f\u0131 y\u00f6netim kurulu adaylar\u0131 ile sand\u0131\u011f\u0131n geldi\u011fi g\u00fcne kadar birlik ve beraberlik i\u00e7erisinde g\u00f6t\u00fcrd\u00fc se\u00e7im yar\u0131\u015f\u0131n\u0131..<br>Rakipleri oy dev\u015firmek ad\u0131na y\u00f6netim kurulu listesi ile dama ta\u015f\u0131 gibi oynarken Abdullah Doru, yola \u00e7\u0131kt\u0131\u011f\u0131 arkada\u015flar\u0131n\u0131,yolda bulduklar\u0131 ile takas etmedi..Oy kayg\u0131s\u0131 ad\u0131na birlikteki yol arkada\u015flar\u0131 onun i\u00e7in \u00e7ok \u00f6nemli idi..Nitekim \u00f6yle de oldu..<br>Rakipleri ise; nereden daha \u00e7ok oy gelir d\u00fc\u015f\u00fcncesine kap\u0131l\u0131p y\u00f6netim kurulu aday listelerini delik de\u015fik etmekle me\u015fguld\u00fcler..<br>\u201cBa\u015fkan Aday\u0131y\u0131m\u201d dedi\u011fi g\u00fcn kendisine \u00e7ok \u015fans veren \u00e7\u0131kt\u0131 dersem yalan olur\u2026<br>Gencecik p\u0131r\u0131l p\u0131r\u0131l \u00e7al\u0131\u015fkan, tuttu\u011funu koparan ekibin i\u00e7ine birka\u00e7 tecr\u00fcbeli ismi de dahil ederek saha \u00e7al\u0131\u015fmalar\u0131na ba\u015flad\u0131 Doru ve ekibi\u2026<br>Bir kez gittikleri esnaf\u0131 birka\u00e7 kez ziyaret etmelerinin yan\u0131 s\u0131ra Doru\u2019nun Samimi,i\u00e7ten davran\u0131\u015f\u0131 ile birlikte esnaf ile tokala\u015fmak yerine kucakla\u015fmay\u0131 tercih etmesi kazanma yolundaki en b\u00fcy\u00fck hareketi olarak g\u00f6zlemlendi kamuoyunda..<br>Samimi,i\u00e7ten Manavgat sevdal\u0131s\u0131 y\u00fcre\u011fini ortaya koyarak \u00e7\u0131kt\u0131\u011f\u0131 er meydan\u0131nda \u00f6ncelikle esnafl\u0131k yapt\u0131\u011f\u0131 sanayiden bile oy alamaz s\u00f6ylemlerine se\u00e7im \u00e7al\u0131\u015fmalar\u0131 boyunca hep kulak t\u0131kad\u0131..<br>Ge\u00e7mi\u015fin esnaf y\u00fcz\u00fc g\u00f6rmeyen ba\u015fkan\u0131 Hasan \u00d6zcan se\u00e7ime g\u00fcnler kala \u00e7\u0131kt\u0131\u011f\u0131 saha \u00e7al\u0131\u015fmalar\u0131nda bizleri de ziyarete geldi\u011finde kendisine \u015fans\u0131n\u0131n olmad\u0131\u011f\u0131n\u0131 s\u00f6yledi\u011fimde bana bir oy tahmininde bulunarak d\u00f6rt aday\u0131n alaca\u011f\u0131 oylar\u0131 s\u00f6yleyerek se\u00e7imi kazanaca\u011f\u0131n\u0131 \u00fcst\u00fcne basa basa iddia etmi\u015fti..<br>Sand\u0131klar a\u00e7\u0131ld\u0131\u011f\u0131nda Hasan \u00d6zcan\u2019\u0131n bana yazd\u0131rd\u0131\u011f\u0131 oylarda kendi alaca\u011f\u0131 oyun tamamen aksine yar\u0131\u015fta alt s\u0131ralarda kalmas\u0131na neden oldu..<br>Hani derler ya; \u201cMa\u011frur olma padi\u015fah\u0131m senden b\u00fcy\u00fck Allah var\u201d s\u00f6z\u00fc Manavgat Esnaf ve Sanatkarlar odas\u0131 se\u00e7imlerinde bir kez daha ger\u00e7e\u011fe d\u00f6nm\u00fc\u015f oldu..<br>Esnaf odas\u0131 ba\u015fkan\u0131 esnaf\u0131n i\u00e7inden gelmeli,\u00e7\u0131rakl\u0131ktan,kalfal\u0131\u011fa sonrada ustal\u0131\u011fa uzanan yoldan ge\u00e7meli..Kulaklar\u0131 ustalar\u0131 taraf\u0131ndan \u00e7ekildi\u011finde ders \u00e7\u0131karmal\u0131 her kulak \u00e7ekildi\u011finde..<br>Abdullah Doru\u2019da onlardan birisi olarak girdi se\u00e7imlere\u2026<br>Dedikodu \u00fcretim merkezlerine kulaklar\u0131n\u0131 t\u0131kad\u0131..Yola arkada\u015flar\u0131 ile birlikte dedikodudan uzak tamamen se\u00e7imlere odaklanm\u0131\u015f bir yap\u0131 sergileyerek saha \u00e7al\u0131\u015fmalar\u0131na \u00e7ok b\u00fcy\u00fck \u00f6nem vererek devam etti..<br>Se\u00e7im \u00f6ncesi saha \u00e7al\u0131\u015fmalar\u0131nda verdi\u011fi s\u00f6zler rakipleri taraf\u0131ndan alaya al\u0131nd\u0131,k\u00fc\u00e7\u00fcmsendi..<br>Yapamaz,neyle yapacak yorumlar\u0131 yap\u0131ld\u0131 Abdullah Doru ile ilgili..<br>Rakiplerinin tam aksine oda \u00fcyeleri oy verirken Abdullah Doru\u2019nun s\u00f6zlerini yerine getirece\u011fine inanm\u0131\u015f bir tav\u0131r sergileyerek,onun samimi..D\u00fcr\u00fcst..\u0130\u00e7ten davran\u0131\u015f\u0131na g\u00fcvenerek oy verdiler..<br>Ve; sonu\u00e7ta kazanan taraf oldu Abdullah Doru ve ekibi oldu\u2026<br>Se\u00e7im stratejisini \u00e7ok iyi y\u00f6netti\u2026<br>Sand\u0131k g\u00fcn\u00fcne dek bu stratejiden hi\u00e7 vazge\u00e7medi\u2026Manavgat sevdas\u0131 hep \u00f6n s\u0131rada yer ald\u0131..<br>Toplumsal bar\u0131\u015f\u0131n \u00f6nceli\u011fi ile esnaf\u0131n zor g\u00fcnlerden birlik ve beraberlik i\u00e7erisinde \u00e7\u0131kaca\u011f\u0131na ve ba\u015fkan olaca\u011f\u0131na inand\u0131rm\u0131\u015ft\u0131 kendisini ve ekibini..<br>Nihayet \u00f6yle de oldu..Se\u00e7imi kazanan taraf Abdullah Doru ve ekibi oldu..<br>Ba\u015fta Abdullah Doru karde\u015fimi ve ekibini y\u00fcrekten kutluyor,\u00e7al\u0131\u015fmalar\u0131nda ba\u015far\u0131lar diliyorum..<br>Haydi, kal\u0131n sa\u011fl\u0131cakla.<br>Her \u015fey y\u00fcre\u011finize g\u00f6re olsun.<\/p>\n","protected":false},"excerpt":{"rendered":"<p>10 Ocak 2025 tarihinden \u00f6nce ismini \u00e7ok s\u0131k duydu\u011fum birisi idi Abdullah Doru..Ne zamanki Manavgat Esnaf sanatkarlar Odas\u0131 ba\u015fkan aday\u0131 olarak ilk sahaya \u00e7\u0131kt\u0131 o <a href=\"https:\/\/akdenizhaber.com.tr\/index.php\/2026\/01\/22\/abdullah-doru\/\" class=\"read-more-link\">[more&#8230;]<\/a><\/p>\n","protected":false},"author":2,"featured_media":31382,"comment_status":"open","ping_status":"open","sticky":false,"template":"","format":"standard","meta":{"footnotes":""},"categories":[1,2],"tags":[],"class_list":["post-31538","post","type-post","status-publish","format-standard","has-post-thumbnail","hentry","category-blog","category-gundem"],"_links":{"self":[{"href":"https:\/\/akdenizhaber.com.tr\/index.php\/wp-json\/wp\/v2\/posts\/31538","targetHints":{"allow":["GET"]}}],"collection":[{"href":"https:\/\/akdenizhaber.com.tr\/index.php\/wp-json\/wp\/v2\/posts"}],"about":[{"href":"https:\/\/akdenizhaber.com.tr\/index.php\/wp-json\/wp\/v2\/types\/post"}],"author":[{"embeddable":true,"href":"https:\/\/akdenizhaber.com.tr\/index.php\/wp-json\/wp\/v2\/users\/2"}],"replies":[{"embeddable":true,"href":"https:\/\/akdenizhaber.com.tr\/index.php\/wp-json\/wp\/v2\/comments?post=31538"}],"version-history":[{"count":1,"href":"https:\/\/akdenizhaber.com.tr\/index.php\/wp-json\/wp\/v2\/posts\/31538\/revisions"}],"predecessor-version":[{"id":31540,"href":"https:\/\/akdenizhaber.com.tr\/index.php\/wp-json\/wp\/v2\/posts\/31538\/revisions\/31540"}],"wp:featuredmedia":[{"embeddable":true,"href":"https:\/\/akdenizhaber.com.tr\/index.php\/wp-json\/wp\/v2\/media\/31382"}],"wp:attachment":[{"href":"https:\/\/akdenizhaber.com.tr\/index.php\/wp-json\/wp\/v2\/media?parent=31538"}],"wp:term":[{"taxonomy":"category","embeddable":true,"href":"https:\/\/akdenizhaber.com.tr\/index.php\/wp-json\/wp\/v2\/categories?post=31538"},{"taxonomy":"post_tag","embeddable":true,"href":"https:\/\/akdenizhaber.com.tr\/index.php\/wp-json\/wp\/v2\/tags?post=31538"}],"curies":[{"name":"wp","href":"https:\/\/api.w.org\/{rel}","templated":true}]}}