{"id":31535,"date":"2026-01-19T16:20:36","date_gmt":"2026-01-19T13:20:36","guid":{"rendered":"https:\/\/akdenizhaber.com.tr\/?p=31535"},"modified":"2026-01-19T16:20:37","modified_gmt":"2026-01-19T13:20:37","slug":"dogu-turkistan-davasi-manavgatta-konusulacak","status":"publish","type":"post","link":"https:\/\/akdenizhaber.com.tr\/index.php\/2026\/01\/19\/dogu-turkistan-davasi-manavgatta-konusulacak\/","title":{"rendered":"Do\u011fu T\u00fcrkistan Davas\u0131 Manavgat\u2019ta Konu\u015fulacak"},"content":{"rendered":"\n<p>Anadolu Gen\u00e7lik Derne\u011fi (AGD) Manavgat \u015eube Ba\u015fkan\u0131 Ahmet Ali G\u00f6k, Do\u011fu T\u00fcrkistan&#8217;da ya\u015fanan hak ihlallerine dikkat \u00e7ekmek amac\u0131yla d\u00fczenleyecekleri konferans \u00f6ncesi \u00f6nemli a\u00e7\u0131klamalarda bulundu. G\u00f6k, &#8220;Zul\u00fcm ebedi olamaz ancak sessiz kalmak bu zulme ortak olmakt\u0131r&#8221; dedi.<\/p>\n\n\n\n<p>&#8220;Dava De\u011fil, \u0130man Borcu&#8221;<\/p>\n\n\n\n<p>AGD&#8217;nin &#8220;Yeni Bir D\u00fcnya&#8221; ideali do\u011frultusunda mazlumlar\u0131n yan\u0131nda durmay\u0131 g\u00f6rev edindi\u011fini belirten G\u00f6k, Do\u011fu T\u00fcrkistan meselesinin kendileri i\u00e7in sadece bir d\u0131\u015f politika konusu de\u011fil, bir iman borcu oldu\u011funu vurgulad\u0131. Manavgat\u2019tan o co\u011frafyaya bir karde\u015flik k\u00f6pr\u00fcs\u00fc kurmak istediklerini ifade eden G\u00f6k, konferans\u0131n zulm\u00fc d\u00fcnyaya hayk\u0131rmak i\u00e7in bir vesile olaca\u011f\u0131n\u0131 dile getirdi.<\/p>\n\n\n\n<p>&#8220;Meseleyi Birinci A\u011f\u0131zdan Dinleyece\u011fiz&#8221;<\/p>\n\n\n\n<p>Do\u011fu T\u00fcrkistan Milli Meclis Ba\u015fkan\u0131 Seyit T\u00fcmt\u00fcrk\u2019\u00fcn kat\u0131l\u0131m\u0131yla ger\u00e7ekle\u015fecek etkinli\u011fin \u00f6nemine de\u011finen Ahmet Ali G\u00f6k, &#8220;Say\u0131n T\u00fcmt\u00fcrk \u00f6mr\u00fcn\u00fc bu davaya adam\u0131\u015f k\u0131ymetli bir isimdir. Kendisinin Manavgat\u2019ta olmas\u0131, halk\u0131m\u0131z\u0131n meseleyi birinci a\u011f\u0131zdan, en g\u00fcncel ve do\u011fru verilerle \u00f6\u011frenmesi i\u00e7in b\u00fcy\u00fck bir f\u0131rsatt\u0131r&#8221; ifadelerini kulland\u0131.<\/p>\n\n\n\n<p>Gen\u00e7li\u011fe &#8220;\u015euur&#8221; Vurgusu<\/p>\n\n\n\n<p>B\u00f6lgedeki asimilasyon politikalar\u0131na ve inan\u00e7 h\u00fcrriyeti \u00fczerindeki bask\u0131lara kar\u015f\u0131 uluslararas\u0131 kamuoyunda bir vicdan olu\u015fturmay\u0131 hedeflediklerini belirten G\u00f6k, Manavgatl\u0131 gen\u00e7lerin bu konudaki duyarl\u0131l\u0131\u011f\u0131n\u0131n umut verici oldu\u011funu s\u00f6yledi. G\u00f6k, AGD gen\u00e7li\u011finin yery\u00fcz\u00fcndeki haks\u0131zl\u0131klara kar\u015f\u0131 aksiyon alan bir nesil oldu\u011funu ve bu \u015fuurun adil bir d\u00fcnyan\u0131n temeli olaca\u011f\u0131n\u0131 kaydetti.<\/p>\n\n\n\n<p>T\u00fcm Vatanda\u015flara Davet<\/p>\n\n\n\n<p>G\u00f6k, siyasi g\u00f6r\u00fc\u015f fark\u0131 g\u00f6zetmeksizin t\u00fcm Manavgat halk\u0131n\u0131 24 Ocak Cumartesi g\u00fcn\u00fc saat 20.30&#8217;da \u0130brahim S\u00f6zen Gen\u00e7lik Merkezi&#8217;ne davet ederek, &#8220;Gelin, omuz omuza vererek Do\u011fu T\u00fcrkistan\u2019\u0131n yaln\u0131z olmad\u0131\u011f\u0131n\u0131 t\u00fcm d\u00fcnyaya g\u00f6sterelim&#8221; \u00e7a\u011fr\u0131s\u0131nda bulundu.<\/p>\n\n\n\n<p>B\u00fc\u015fra Deveci \/ Haber<\/p>\n","protected":false},"excerpt":{"rendered":"<p>Anadolu Gen\u00e7lik Derne\u011fi (AGD) Manavgat \u015eube Ba\u015fkan\u0131 Ahmet Ali G\u00f6k, Do\u011fu T\u00fcrkistan&#8217;da ya\u015fanan hak ihlallerine dikkat \u00e7ekmek amac\u0131yla d\u00fczenleyecekleri konferans \u00f6ncesi \u00f6nemli a\u00e7\u0131klamalarda bulundu. G\u00f6k, <a href=\"https:\/\/akdenizhaber.com.tr\/index.php\/2026\/01\/19\/dogu-turkistan-davasi-manavgatta-konusulacak\/\" class=\"read-more-link\">[more&#8230;]<\/a><\/p>\n","protected":false},"author":2,"featured_media":31536,"comment_status":"open","ping_status":"open","sticky":false,"template":"","format":"standard","meta":{"footnotes":""},"categories":[2],"tags":[],"class_list":["post-31535","post","type-post","status-publish","format-standard","has-post-thumbnail","hentry","category-gundem"],"_links":{"self":[{"href":"https:\/\/akdenizhaber.com.tr\/index.php\/wp-json\/wp\/v2\/posts\/31535","targetHints":{"allow":["GET"]}}],"collection":[{"href":"https:\/\/akdenizhaber.com.tr\/index.php\/wp-json\/wp\/v2\/posts"}],"about":[{"href":"https:\/\/akdenizhaber.com.tr\/index.php\/wp-json\/wp\/v2\/types\/post"}],"author":[{"embeddable":true,"href":"https:\/\/akdenizhaber.com.tr\/index.php\/wp-json\/wp\/v2\/users\/2"}],"replies":[{"embeddable":true,"href":"https:\/\/akdenizhaber.com.tr\/index.php\/wp-json\/wp\/v2\/comments?post=31535"}],"version-history":[{"count":1,"href":"https:\/\/akdenizhaber.com.tr\/index.php\/wp-json\/wp\/v2\/posts\/31535\/revisions"}],"predecessor-version":[{"id":31537,"href":"https:\/\/akdenizhaber.com.tr\/index.php\/wp-json\/wp\/v2\/posts\/31535\/revisions\/31537"}],"wp:featuredmedia":[{"embeddable":true,"href":"https:\/\/akdenizhaber.com.tr\/index.php\/wp-json\/wp\/v2\/media\/31536"}],"wp:attachment":[{"href":"https:\/\/akdenizhaber.com.tr\/index.php\/wp-json\/wp\/v2\/media?parent=31535"}],"wp:term":[{"taxonomy":"category","embeddable":true,"href":"https:\/\/akdenizhaber.com.tr\/index.php\/wp-json\/wp\/v2\/categories?post=31535"},{"taxonomy":"post_tag","embeddable":true,"href":"https:\/\/akdenizhaber.com.tr\/index.php\/wp-json\/wp\/v2\/tags?post=31535"}],"curies":[{"name":"wp","href":"https:\/\/api.w.org\/{rel}","templated":true}]}}