{"id":31532,"date":"2026-01-19T16:18:55","date_gmt":"2026-01-19T13:18:55","guid":{"rendered":"https:\/\/akdenizhaber.com.tr\/?p=31532"},"modified":"2026-01-19T16:18:56","modified_gmt":"2026-01-19T13:18:56","slug":"gungor-onceligimiz-manavgat-ekonomisini-cesitlendirmek","status":"publish","type":"post","link":"https:\/\/akdenizhaber.com.tr\/index.php\/2026\/01\/19\/gungor-onceligimiz-manavgat-ekonomisini-cesitlendirmek\/","title":{"rendered":"G\u00fcng\u00f6r: \u201c\u00d6nceli\u011fimiz Manavgat Ekonomisini \u00c7e\u015fitlendirmek\u201d"},"content":{"rendered":"\n<p><strong>Manavgat Ticaret ve Sanayi Odas\u0131 (MATSO) Ba\u015fkan\u0131 Sn. Seydi Tahsin G\u00dcNG\u00d6R, 10 Ocak \u00c7al\u0131\u015fan Gazeteciler G\u00fcn\u00fc dolay\u0131s\u0131yla Manavgat\u2019ta g\u00f6rev yapan bas\u0131n mensuplar\u0131yla Oda hizmet binas\u0131nda bir araya geldi. Toplant\u0131ya MATSO Meclis Ba\u015fkan\u0131 Sn. Sedat \u00d6Z, Ba\u015fkan Yard\u0131mc\u0131lar\u0131 Sn. Ali \u00d6ZEN ve Sn. An\u0131l BAHAR da kat\u0131ld\u0131.<\/strong><strong><\/strong><\/p>\n\n\n\n<p><strong>Samimi ve s\u0131cak bir atmosferde ger\u00e7ekle\u015fen bulu\u015fmada, Manavgat\u2019\u0131n ekonomik, sosyal ve k\u00fclt\u00fcrel geli\u015fimi masaya yat\u0131r\u0131ld\u0131. Ba\u015fkan Sn. G\u00dcNG\u00d6R, gazetecilerle kar\u015f\u0131l\u0131kl\u0131 fikir al\u0131\u015fveri\u015finde bulunarak, kentin mevcut sorunlar\u0131 ve \u00e7\u00f6z\u00fcm \u00f6nerileri \u00fczerine kapsaml\u0131 de\u011ferlendirmelerde bulundu. MATSO\u2019nun y\u00fcr\u00fctt\u00fc\u011f\u00fc \u00e7al\u0131\u015fmalar, \u00fcyelerden gelen talepler do\u011frultusunda yap\u0131lan giri\u015fimler ve kentin vizyonunu g\u00fc\u00e7lendirecek projeler de toplant\u0131n\u0131n ana ba\u015fl\u0131klar\u0131n\u0131 olu\u015fturdu.<\/strong><strong><\/strong><\/p>\n\n\n\n<p><strong>Bas\u0131n mensuplar\u0131n\u0131n kamuoyunu ayd\u0131nlatma noktas\u0131nda \u00f6nemli bir g\u00f6rev \u00fcstlendi\u011fini belirten Ba\u015fkan Sn. G\u00dcNG\u00d6R, \u201cKamuoyunu tarafs\u0131z ve do\u011fru bir \u015fekilde bilgilendirmek i\u00e7in b\u00fcy\u00fck bir \u00f6zveriyle \u00e7al\u0131\u015fan gazetecilerimizin 10 Ocak \u00c7al\u0131\u015fan Gazeteciler G\u00fcn\u00fc\u2019n\u00fc kutluyor, mesleklerinde ba\u015far\u0131lar\u0131n\u0131n devam\u0131n\u0131 diliyorum\u201d dedi. Manavgat\u2019\u0131n kalk\u0131nmas\u0131n\u0131n t\u00fcm payda\u015flar\u0131n ortak sorumlulu\u011fu oldu\u011funu vurgulayan Sn. G\u00dcNG\u00d6R, MATSO olarak bu anlay\u0131\u015fla \u00e7al\u0131\u015fmaya devam ettiklerini ifade etti.<\/strong><strong><\/strong><\/p>\n\n\n\n<p><strong>MANAVGAT EKONOM\u0130S\u0130N\u0130 \u00c7E\u015e\u0130TLEND\u0130RME HEDEF\u0130<\/strong><strong><\/strong><\/p>\n\n\n\n<p><strong>Ba\u015fkan Sn. G\u00dcNG\u00d6R, Manavgat\u2019\u0131n ekonomik yap\u0131s\u0131n\u0131 g\u00fc\u00e7lendirmek ve \u00e7e\u015fitlendirmek i\u00e7in \u00f6nemli projeler y\u00fcr\u00fctt\u00fcklerini s\u00f6yledi. \u201cManavgat OSB\u2019nin faaliyete ge\u00e7irilmesi, yeni hizmet binam\u0131z\u0131n tamamlanmas\u0131 ve il\u00e7emizin ihracat potansiyelinin art\u0131r\u0131lmas\u0131 \u00f6ncelikli hedeflerimiz aras\u0131nda yer al\u0131yor. Ayr\u0131ca turizmin \u00e7e\u015fitlendirilmesi ve 12 aya yay\u0131lmas\u0131, yerel \u00fcretimin desteklenmesi ve giri\u015fimcilik ekosisteminin g\u00fc\u00e7lendirilmesine odaklan\u0131yoruz\u201d diye konu\u015ftu.<\/strong><strong><\/strong><\/p>\n\n\n\n<p><strong>\u00dcYE SORUNLARI ANKARA\u2019YA TA\u015eINIYOR<\/strong><strong><\/strong><\/p>\n\n\n\n<p><strong>G\u00f6reve geldikleri g\u00fcnden bu yana \u00fcyelerle s\u00fcrekli ileti\u015fim halinde olduklar\u0131n\u0131 belirten Ba\u015fkan Sn. G\u00dcNG\u00d6R, \u00fcyelerden gelen talepleri T\u00fcrkiye Odalar ve Borsalar Birli\u011fi (TOBB) ba\u015fta olmak \u00fczere ilgili kurumlara resmi yaz\u0131larla ilettiklerini kaydetti. Manavgat\u2019\u0131n sosyo-ekonomik sorunlar\u0131na ili\u015fkin haz\u0131rlanan dosyalar\u0131n da siyasilerle payla\u015f\u0131ld\u0131\u011f\u0131n\u0131 ifade eden Sn. G\u00dcNG\u00d6R, TOBB Ba\u015fkan\u0131 Say\u0131n Rifat H\u0130SARCIKLIO\u011eLU\u2019na desteklerinden dolay\u0131 te\u015fekk\u00fcr etti.<\/strong><strong><\/strong><\/p>\n\n\n\n<p><strong>MANAVGAT OSB\u2019N\u0130N 2026 YILI \u0130\u00c7ER\u0130S\u0130NDE ALTYAPI \u0130N\u015eATINA BA\u015eLAMAK \u0130\u00c7\u0130N \u00c7ABA G\u00d6STER\u0130YORUZ<\/strong><strong><\/strong><\/p>\n\n\n\n<p><strong>Toplant\u0131da, Manavgat\u2019\u0131n \u00fcretim g\u00fcc\u00fcn\u00fc art\u0131racak en \u00f6nemli yat\u0131r\u0131mlardan biri olan Manavgat Organize Sanayi B\u00f6lgesi\u2019nde gelinen son a\u015fama da payla\u015f\u0131ld\u0131. Ba\u015fkan Sn. G\u00dcNG\u00d6R, 360 d\u00f6n\u00fcml\u00fck alanda kurulacak OSB\u2019de, b\u00fcy\u00fckl\u00fckleri 3 bin ile 10 bin metrekare aras\u0131nda de\u011fi\u015fen 59 sanayi parselinin yer alaca\u011f\u0131n\u0131 belirtti. Butik ve nitelikli bir OSB hedeflediklerini ifade eden Sn. G\u00dcNG\u00d6R, \u201cOSB\u2019nin faaliyete ge\u00e7mesiyle birlikte il\u00e7emizde \u00fcretim, istihdam ve katma de\u011fer sa\u011flayacak \u00f6nemli yat\u0131r\u0131mlar\u0131n \u00f6n\u00fc a\u00e7\u0131lacakt\u0131r. Hedefimiz, 2026 y\u0131l\u0131 i\u00e7erisinde OSB\u2019nin altyap\u0131 in\u015faat\u0131na ba\u015flamak. OSB&#8217;yi bir an \u00f6nce hizmete girmesini sa\u011flayarak kent ekonomisine g\u00fc\u00e7l\u00fc bir ivme kazand\u0131rmak istiyoruz\u201d dedi.<\/strong><strong><\/strong><\/p>\n\n\n\n<p><strong>OSB\u2019nin tamamlanmas\u0131yla birlikte binin \u00fczerinde ki\u015fiye istihdam sa\u011flanaca\u011f\u0131n\u0131 kaydeden Sn. G\u00dcNG\u00d6R, konaklama tesislerinin ihtiya\u00e7 duydu\u011fu bir\u00e7ok \u00fcr\u00fcn\u00fcn art\u0131k Manavgat\u2019ta \u00fcretilece\u011fini s\u00f6yledi. Projenin ula\u015f\u0131m ba\u011flant\u0131lar\u0131n\u0131n ise Karayollar\u0131 B\u00f6lge M\u00fcd\u00fcrl\u00fc\u011f\u00fc taraf\u0131ndan yap\u0131laca\u011f\u0131 ifade edildi.<\/strong><strong><\/strong><\/p>\n\n\n\n<p><strong>Ba\u015fkan Sn. G\u00dcNG\u00d6R, Manavgat OSB\u2019nin yaln\u0131zca sanayi alan\u0131nda de\u011fil, b\u00f6lgesel kalk\u0131nma ve s\u00fcrd\u00fcr\u00fclebilir ekonomik b\u00fcy\u00fcme a\u00e7\u0131s\u0131ndan da kritik bir rol \u00fcstlenece\u011fini dile getirdi.<\/strong><strong><\/strong><\/p>\n\n\n\n<p><strong>Ge\u00e7mi\u015ften g\u00fcn\u00fcm\u00fcze OSB\u2019nin hayata ge\u00e7irilmesinde eme\u011fi bulunan herkese te\u015fekk\u00fcr eden Ba\u015fkan Sn. Seydi Tahsin G\u00dcNG\u00d6R, \u201cBa\u015fta Cumhurba\u015fkan\u0131m\u0131z Sn. Recep Tayyip ERDO\u011eAN olmak \u00fczere; Sanayi ve Teknoloji Bakan\u0131m\u0131z Sn. Mehmet Fatih KACIR\u2019a, Sanayi ve Teknoloji Bakan Yard\u0131mc\u0131m\u0131z Sn. Oru\u00e7 Baba \u0130NAN\u2019a ve AK Parti Antalya Milletvekilimiz Sn. Dr. Tuba VURAL \u00c7OKAL\u2019a \u015f\u00fckranlar\u0131m\u0131 sunuyorum\u201d ifadelerini kulland\u0131.<\/strong><strong><\/strong><\/p>\n\n\n\n<p><strong>MATSO\u2019YA EN AZ 50 YIL H\u0130ZMET EDECEK YEN\u0130 H\u0130ZMET B\u0130NASI<\/strong><strong><\/strong><\/p>\n\n\n\n<p><strong>Ba\u015fkan Sn. G\u00dcNG\u00d6R, Manavgat\u2019a kazand\u0131r\u0131lacak yeni hizmet binas\u0131 projesi hakk\u0131nda da bilgi verdi. Mevcut hizmet binas\u0131n\u0131n 28 y\u0131ld\u0131r kullan\u0131ld\u0131\u011f\u0131n\u0131 ve art\u0131k yetersiz kald\u0131\u011f\u0131n\u0131 belirten Sn. G\u00dcNG\u00d6R, Sorgun b\u00f6lgesinde 5 bin 829 metrekarelik alana in\u015fa edilecek yeni hizmet kompleksinin TOBB\u2019un deste\u011fiyle hayata ge\u00e7irilece\u011fini s\u00f6yledi.<\/strong><strong><\/strong><\/p>\n\n\n\n<p><strong>Yeni binan\u0131n kongre ve fuar alanlar\u0131yla birlikte modern sosyal donat\u0131lar\u0131 i\u00e7erece\u011fini belirten Ba\u015fkan Sn. G\u00dcNG\u00d6R, \u201cYeni hizmet binam\u0131z; e\u011fitim, toplant\u0131, proje geli\u015ftirme ve \u00fcye hizmetlerine \u00f6zel olarak planlanm\u0131\u015f alanlar\u0131yla Odam\u0131z\u0131n kurumsal kapasitesini \u00f6nemli \u00f6l\u00e7\u00fcde art\u0131racakt\u0131r. Manavgat\u2019\u0131n h\u0131zla geli\u015fen ekonomik yap\u0131s\u0131na uygun, modern ve gelece\u011fe d\u00f6n\u00fck bir yap\u0131 in\u015fa etmeyi hedefliyoruz\u201d dedi.<\/strong><strong><\/strong><\/p>\n\n\n\n<p><strong>Modern hizmet kompleksinin, Manavgat\u2019\u0131n ticari hayat\u0131na de\u011fer katacak bir merkez olaca\u011f\u0131n\u0131 vurgulayan Sn. G\u00dcNG\u00d6R, projenin 2027 y\u0131l\u0131 i\u00e7erisinde tamamlanmas\u0131n\u0131n planland\u0131\u011f\u0131n\u0131 ifade etti.<\/strong><strong><\/strong><\/p>\n\n\n\n<p><strong>Toplant\u0131n\u0131n sonunda Ba\u015fkan Sn. G\u00dcNG\u00d6R, gazetecilerin sorular\u0131n\u0131 yan\u0131tlayarak MATSO\u2019nun \u015feffaf ve kat\u0131l\u0131mc\u0131 anlay\u0131\u015fla \u00e7al\u0131\u015fmalar\u0131n\u0131 s\u00fcrd\u00fcrd\u00fc\u011f\u00fcn\u00fc vurgulad\u0131.<\/strong><strong><\/strong><\/p>\n\n\n\n<p><strong>Manavgat Ticaret ve Sanayi Odas\u0131 \/ B\u00fclten<\/strong><\/p>\n","protected":false},"excerpt":{"rendered":"<p>Manavgat Ticaret ve Sanayi Odas\u0131 (MATSO) Ba\u015fkan\u0131 Sn. Seydi Tahsin G\u00dcNG\u00d6R, 10 Ocak \u00c7al\u0131\u015fan Gazeteciler G\u00fcn\u00fc dolay\u0131s\u0131yla Manavgat\u2019ta g\u00f6rev yapan bas\u0131n mensuplar\u0131yla Oda hizmet binas\u0131nda <a href=\"https:\/\/akdenizhaber.com.tr\/index.php\/2026\/01\/19\/gungor-onceligimiz-manavgat-ekonomisini-cesitlendirmek\/\" class=\"read-more-link\">[more&#8230;]<\/a><\/p>\n","protected":false},"author":2,"featured_media":31533,"comment_status":"open","ping_status":"open","sticky":false,"template":"","format":"standard","meta":{"footnotes":""},"categories":[2],"tags":[],"class_list":["post-31532","post","type-post","status-publish","format-standard","has-post-thumbnail","hentry","category-gundem"],"_links":{"self":[{"href":"https:\/\/akdenizhaber.com.tr\/index.php\/wp-json\/wp\/v2\/posts\/31532","targetHints":{"allow":["GET"]}}],"collection":[{"href":"https:\/\/akdenizhaber.com.tr\/index.php\/wp-json\/wp\/v2\/posts"}],"about":[{"href":"https:\/\/akdenizhaber.com.tr\/index.php\/wp-json\/wp\/v2\/types\/post"}],"author":[{"embeddable":true,"href":"https:\/\/akdenizhaber.com.tr\/index.php\/wp-json\/wp\/v2\/users\/2"}],"replies":[{"embeddable":true,"href":"https:\/\/akdenizhaber.com.tr\/index.php\/wp-json\/wp\/v2\/comments?post=31532"}],"version-history":[{"count":1,"href":"https:\/\/akdenizhaber.com.tr\/index.php\/wp-json\/wp\/v2\/posts\/31532\/revisions"}],"predecessor-version":[{"id":31534,"href":"https:\/\/akdenizhaber.com.tr\/index.php\/wp-json\/wp\/v2\/posts\/31532\/revisions\/31534"}],"wp:featuredmedia":[{"embeddable":true,"href":"https:\/\/akdenizhaber.com.tr\/index.php\/wp-json\/wp\/v2\/media\/31533"}],"wp:attachment":[{"href":"https:\/\/akdenizhaber.com.tr\/index.php\/wp-json\/wp\/v2\/media?parent=31532"}],"wp:term":[{"taxonomy":"category","embeddable":true,"href":"https:\/\/akdenizhaber.com.tr\/index.php\/wp-json\/wp\/v2\/categories?post=31532"},{"taxonomy":"post_tag","embeddable":true,"href":"https:\/\/akdenizhaber.com.tr\/index.php\/wp-json\/wp\/v2\/tags?post=31532"}],"curies":[{"name":"wp","href":"https:\/\/api.w.org\/{rel}","templated":true}]}}