{"id":31523,"date":"2026-01-19T16:11:37","date_gmt":"2026-01-19T13:11:37","guid":{"rendered":"https:\/\/akdenizhaber.com.tr\/?p=31523"},"modified":"2026-01-19T16:11:38","modified_gmt":"2026-01-19T13:11:38","slug":"cosardan-akpye-emekli-elestirisi-bu-bir-zulumdur-emekli-sadaka-degil-hakkini-istiyor","status":"publish","type":"post","link":"https:\/\/akdenizhaber.com.tr\/index.php\/2026\/01\/19\/cosardan-akpye-emekli-elestirisi-bu-bir-zulumdur-emekli-sadaka-degil-hakkini-istiyor\/","title":{"rendered":"Co\u015far\u2019dan AKP\u2019ye &#8216;Emekli&#8217; Ele\u015ftirisi: &#8220;Bu Bir Zul\u00fcmd\u00fcr, Emekli Sadaka De\u011fil Hakk\u0131n\u0131 \u0130stiyor!&#8221;"},"content":{"rendered":"\n<p>CHP Antalya Milletvekili Aliye Co\u015far, TBMM Plan ve B\u00fct\u00e7e Komisyonu\u2019nda yapt\u0131\u011f\u0131 konu\u015fmada, emekli maa\u015flar\u0131na yap\u0131lan d\u00fczenlemeyi &#8220;sefalet \u00fccreti&#8221; olarak nitelendirdi. Co\u015far, iktidar\u0131n emekliyi bir &#8220;y\u00fck&#8221; olarak g\u00f6rd\u00fc\u011f\u00fcn\u00fc savunarak, &#8220;En d\u00fc\u015f\u00fck emekli maa\u015f\u0131 asgari \u00fccret seviyesine \u00e7\u0131kar\u0131lmal\u0131d\u0131r&#8221; dedi.<\/p>\n\n\n\n<p>TBMM Plan ve B\u00fct\u00e7e Komisyonu\u2019nda d\u00fcn yap\u0131lan g\u00f6r\u00fc\u015fmelerinde iktidar\u0131n ekonomi politikalar\u0131n\u0131 ve emekli maa\u015f art\u0131\u015flar\u0131n\u0131 sert bir dille ele\u015ftiren Co\u015far, milyonlarca emeklinin a\u00e7l\u0131k s\u0131n\u0131r\u0131n\u0131n alt\u0131nda ya\u015famaya mahk\u00fbm edildi\u011fini ifade etti.<\/p>\n\n\n\n<p>Emekli Hak Etti\u011fi \u015eekilde Onuruyla Ya\u015famak \u0130stiyor, \u0130ktidar \u0130se Sefaleti Reva G\u00f6r\u00fcyor<\/p>\n\n\n\n<p>Co\u015far konu\u015fmas\u0131nda \u201cBug\u00fcn, \u00fclkemizde milyonlarca insan\u0131n y\u0131llarca \u00e7al\u0131\u015f\u0131p \u00fcreterek ve al\u0131n teri d\u00f6kerek hak ettikleri ve kar\u015f\u0131l\u0131\u011f\u0131nda insanca ya\u015fam s\u00fcrecekleri emeklilikleri AKP iktidar\u0131nda hayatta kalma m\u00fccadelesine d\u00f6n\u00fc\u015fm\u00fc\u015ft\u00fcr. Emeklilerimiz yoksulluk, ge\u00e7im derdi ve bor\u00e7 sarmal\u0131ndad\u0131r. AKP&#8217;nin yaratt\u0131\u011f\u0131 ekonomik tablo emeklileri yok saymakt\u0131r.<\/p>\n\n\n\n<p>Komisyona getirilen teklifte, 2025 y\u0131l\u0131n\u0131n ikinci yar\u0131s\u0131nda 16.881 lira olarak uygulanan en d\u00fc\u015f\u00fck emekli ayl\u0131\u011f\u0131 1 Ocak 2026&#8217;dan itibaren ge\u00e7erli olmak \u00fczere 20 bin liraya \u00e7\u0131kar\u0131l\u0131yor. 1.000 liral\u0131k art\u0131\u015f\u0131 l\u00fctuf gibi buraya getiriyorsunuz, emeklinin akl\u0131yla alay eder gibi sadece bin lira! Emekli hak etti\u011fi \u015fekilde onuruyla ya\u015famak istiyor, iktidar ise sefaleti reva g\u00f6r\u00fcyor. \u0130ktidar emekliyi y\u00fck olarak g\u00f6r\u00fcyor, emekliye bilin\u00e7li ve planl\u0131 olarak mill\u00ee gelirden pay ay\u0131rm\u0131yor.\u201d dedi<\/p>\n\n\n\n<p>&#8220;6 Ayda 1.2 Milyon Ki\u015fi Daha Sefalete \u0130tildi&#8221;<\/p>\n\n\n\n<p>Temmuz ay\u0131ndan bu yana en d\u00fc\u015f\u00fck maa\u015f alan emekli say\u0131s\u0131n\u0131n 3.7 milyondan 4.9 milyona y\u00fckseldi\u011fine dikkat \u00e7eken Co\u015far, iktidar\u0131n yoksullu\u011fu bilin\u00e7li bir politika olarak uygulad\u0131\u011f\u0131n\u0131 savundu. Co\u015far, &#8220;Alt\u0131 ay gibi k\u0131sa bir s\u00fcrede 1 milyon 200 bin vatanda\u015f\u0131m\u0131z\u0131 daha sefalet s\u0131n\u0131r\u0131n\u0131n alt\u0131na ittiniz. Zenginlikte de\u011fil, yoksullukta e\u015fitliyorsunuz,&#8221; ifadelerini kullanan Co\u015far, \u201cA\u00e7l\u0131k s\u0131n\u0131r\u0131n\u0131n 30.143 T\u00fcrk Liras\u0131, yoksulluk s\u0131n\u0131r\u0131n\u0131n 90.188 T\u00fcrk liras\u0131 oldu\u011fu g\u00fcn\u00fcm\u00fczde ekonomik krizin faturas\u0131n\u0131 emekliye ve emek\u00e7iye \u00f6detiyorsunuz.<\/p>\n\n\n\n<p>CHP\u2019nin \u00c7\u00f6z\u00fcm \u00d6nerisi Net: Asgari \u00dccret ve \u0130ntibak Yasas\u0131<\/p>\n\n\n\n<p>Cumhuriyet Halk Partisi olarak en d\u00fc\u015f\u00fck emekli ayl\u0131\u011f\u0131 i\u00e7in teklifimiz nettir.<\/p>\n\n\n\n<p>En d\u00fc\u015f\u00fck emekli ayl\u0131\u011f\u0131 asgari \u00fccret seviyesine \u00e7ekilmelidir.<\/p>\n\n\n\n<p>Emekliler aras\u0131ndaki adaletsizli\u011fi giderecek \u0130ntibak Yasas\u0131 derhal \u00e7\u0131kar\u0131lmal\u0131d\u0131r.<\/p>\n\n\n\n<p>Maa\u015flara seyyanen zam uygulanmal\u0131d\u0131r.<\/p>\n\n\n\n<p>&#8220;Kaynak Yok Diyenler Faiz Lobisine Bakmal\u0131&#8221;<\/p>\n\n\n\n<p>AKP \u0130ktidar\u0131n\u0131n &#8220;kaynak yok&#8221; savunmas\u0131na b\u00fct\u00e7e rakamlar\u0131yla yan\u0131t veren Milletvekili Co\u015far, paran\u0131n emekli yerine faiz lobilerine ve yanda\u015flara aktar\u0131ld\u0131\u011f\u0131n\u0131 iddia etti:<\/p>\n\n\n\n<p>&#8220;B\u00fct\u00e7eden faiz \u00f6demesine 2.7 trilyon lira ayr\u0131l\u0131yor, vazge\u00e7ilen kurumlar vergisi miktar\u0131 ise 768 milyon lira. Faiz lobisine ve yanda\u015f milyarderlere verilen deste\u011fi kesin, emekliye verin!&#8221;<\/p>\n\n\n\n<p>&#8221; \u00dclkenin Ger\u00e7eklerini G\u00f6rmezden Gelenlere Vatanda\u015f Sand\u0131kta Cevab\u0131 Verecek&#8221;<\/p>\n\n\n\n<p>Cumhuriyet Halk Partisi milletvekillerinin emekliler i\u00e7in Mecliste n\u00f6bet tutma eylemine &#8220;\u015fov&#8221; diyen \u00c7al\u0131\u015fma ve Sosyal G\u00fcvenlik Bakan\u0131\u2019na cevap veren Co\u015far, &#8220;Bakan \u00f6nce kendi y\u00f6netim beceriksizli\u011fine bak\u0131p \u00f6z ele\u015ftiri yapmal\u0131. \u00dclkenin ger\u00e7eklerini g\u00f6rmezden gelenlere vatanda\u015f sand\u0131kta ger\u00e7ekleri g\u00f6sterecektir. \u00dclkede yokluk var, yoksulluk var, emekliye reva g\u00f6r\u00fclen sefalet \u00fccreti var, a\u00e7l\u0131k s\u0131n\u0131r\u0131n\u0131n alt\u0131nda ya\u015fayan milyonlar var; bir de bunlar\u0131 ne g\u00f6rmek isteyen ne de duymak isteyen saray iktidar\u0131 var.<\/p>\n\n\n\n<p>Kendi yaratt\u0131\u011f\u0131n\u0131z ekonomik krizin faturas\u0131n\u0131 vatanda\u015fa kesen iktidar tercihini emekliden, al\u0131n terinden yana de\u011fil ranttan, saraydan ve yanda\u015ftan yana kullan\u0131yor.<\/p>\n\n\n\n<p>Bu ekonomik krizin bir di\u011fer y\u00fcz\u00fc de adalet krizidir. \u0130ktidardan g\u00fc\u00e7 alan bir kesim az\u0131nl\u0131k l\u00fcks i\u00e7inde ya\u015farken milyonlarca emekli ge\u00e7inemiyorsa burada bir adalet krizi vard\u0131r. Bir yanda market raflar\u0131na, pazar tezg\u00e2hlar\u0131na i\u00e7 \u00e7ekerek bak\u0131p giden, torununa har\u00e7l\u0131k veremeyen, kiray\u0131 ve faturalar\u0131 d\u00fc\u015f\u00fcnen emekliler, bir yanda da servetine servet katan servet\u00e7iler var. Bug\u00fcn \u00fclkemizde ya\u015fam\u0131n\u0131n geri kalan\u0131 rahat ve huzurlu bir \u015fekilde ge\u00e7irmek isteyen emeklilerimiz maalesef ge\u00e7imini sa\u011flayamad\u0131\u011f\u0131 i\u00e7in bu ya\u015fta \u00e7al\u0131\u015fmak zorunda kal\u0131yor. Bu d\u00fczende sosyal devlet yoktur, sosyal adalet yoktur. Emeklilerimiz sadaka de\u011fil hakk\u0131n\u0131 istiyor, l\u00fctuf de\u011fil adalet istiyor.<\/p>\n\n\n\n<p>T\u00dc\u0130K&#8217;in ger\u00e7ek d\u0131\u015f\u0131 enflasyon rakamlar\u0131yla bug\u00fcn ya\u015fanan ekonomik krizi sosyal krize d\u00f6n\u00fc\u015ft\u00fcren AKP iktidar\u0131d\u0131r.<\/p>\n\n\n\n<p>Y\u0131llarca verilen eme\u011fin kar\u015f\u0131l\u0131\u011f\u0131nda hak edilen hayat bu de\u011fildir; bu i\u015fkencedir, bu zul\u00fcmd\u00fcr.&#8221; diyerek s\u00f6zlerini noktalad\u0131.<\/p>\n\n\n\n<p>Haber Merkezi<\/p>\n","protected":false},"excerpt":{"rendered":"<p>CHP Antalya Milletvekili Aliye Co\u015far, TBMM Plan ve B\u00fct\u00e7e Komisyonu\u2019nda yapt\u0131\u011f\u0131 konu\u015fmada, emekli maa\u015flar\u0131na yap\u0131lan d\u00fczenlemeyi &#8220;sefalet \u00fccreti&#8221; olarak nitelendirdi. Co\u015far, iktidar\u0131n emekliyi bir &#8220;y\u00fck&#8221; <a href=\"https:\/\/akdenizhaber.com.tr\/index.php\/2026\/01\/19\/cosardan-akpye-emekli-elestirisi-bu-bir-zulumdur-emekli-sadaka-degil-hakkini-istiyor\/\" class=\"read-more-link\">[more&#8230;]<\/a><\/p>\n","protected":false},"author":2,"featured_media":31524,"comment_status":"open","ping_status":"open","sticky":false,"template":"","format":"standard","meta":{"footnotes":""},"categories":[2],"tags":[],"class_list":["post-31523","post","type-post","status-publish","format-standard","has-post-thumbnail","hentry","category-gundem"],"_links":{"self":[{"href":"https:\/\/akdenizhaber.com.tr\/index.php\/wp-json\/wp\/v2\/posts\/31523","targetHints":{"allow":["GET"]}}],"collection":[{"href":"https:\/\/akdenizhaber.com.tr\/index.php\/wp-json\/wp\/v2\/posts"}],"about":[{"href":"https:\/\/akdenizhaber.com.tr\/index.php\/wp-json\/wp\/v2\/types\/post"}],"author":[{"embeddable":true,"href":"https:\/\/akdenizhaber.com.tr\/index.php\/wp-json\/wp\/v2\/users\/2"}],"replies":[{"embeddable":true,"href":"https:\/\/akdenizhaber.com.tr\/index.php\/wp-json\/wp\/v2\/comments?post=31523"}],"version-history":[{"count":1,"href":"https:\/\/akdenizhaber.com.tr\/index.php\/wp-json\/wp\/v2\/posts\/31523\/revisions"}],"predecessor-version":[{"id":31525,"href":"https:\/\/akdenizhaber.com.tr\/index.php\/wp-json\/wp\/v2\/posts\/31523\/revisions\/31525"}],"wp:featuredmedia":[{"embeddable":true,"href":"https:\/\/akdenizhaber.com.tr\/index.php\/wp-json\/wp\/v2\/media\/31524"}],"wp:attachment":[{"href":"https:\/\/akdenizhaber.com.tr\/index.php\/wp-json\/wp\/v2\/media?parent=31523"}],"wp:term":[{"taxonomy":"category","embeddable":true,"href":"https:\/\/akdenizhaber.com.tr\/index.php\/wp-json\/wp\/v2\/categories?post=31523"},{"taxonomy":"post_tag","embeddable":true,"href":"https:\/\/akdenizhaber.com.tr\/index.php\/wp-json\/wp\/v2\/tags?post=31523"}],"curies":[{"name":"wp","href":"https:\/\/api.w.org\/{rel}","templated":true}]}}