{"id":31516,"date":"2026-01-19T16:06:39","date_gmt":"2026-01-19T13:06:39","guid":{"rendered":"https:\/\/akdenizhaber.com.tr\/?p=31516"},"modified":"2026-01-19T16:06:39","modified_gmt":"2026-01-19T13:06:39","slug":"pazarcilar-odasi-baskani-mehmet-dogan-pazarci-esnafi-buyuk-aile-oldugumuzu-kanitladi","status":"publish","type":"post","link":"https:\/\/akdenizhaber.com.tr\/index.php\/2026\/01\/19\/pazarcilar-odasi-baskani-mehmet-dogan-pazarci-esnafi-buyuk-aile-oldugumuzu-kanitladi\/","title":{"rendered":"Pazarc\u0131lar Odas\u0131 Ba\u015fkan\u0131 Mehmet Do\u011fan;                  \u201cPazarc\u0131 esnaf\u0131 B\u00fcy\u00fck Aile Oldu\u011fumuzu Kan\u0131tlad\u0131\u201d"},"content":{"rendered":"\n<p><\/p>\n\n\n\n<p>Ge\u00e7ti\u011fimiz g\u00fcnlerde yap\u0131lan Pazarc\u0131lar odas\u0131 se\u00e7imlerinde b\u00fcy\u00fck farkla tekrar oda ba\u015fkanl\u0131\u011f\u0131na se\u00e7ilen Mehmet Do\u011fan pazaryerlerinde hem tezgah\u0131n\u0131 a\u00e7\u0131yor, hem de \u00fcyelerine te\u015fekk\u00fcr ziyaretlerini s\u00fcrd\u00fcrmeye devam ediyor.<\/p>\n\n\n\n<p>Se\u00e7im \u00e7al\u0131\u015fmalar\u0131 s\u00fcrecinde pazarc\u0131 esnaf\u0131ndan b\u00fcy\u00fck ilgi ve destek g\u00f6rd\u00fc\u011f\u00fcne dikkat \u00e7eken Mehmet Do\u011fan,\u201dOda \u00fcyelerimiz bir kez daha ger\u00e7ekleri g\u00f6rerek hizmetten yana olduklar\u0131n\u0131 tescil etmi\u015flerdir. \u015eahs\u0131m ve y\u00f6netim kuruluna g\u00f6sterdikleri yak\u0131n ilgi ve destekten dolay\u0131 her birine ayr\u0131 ayr\u0131 y\u00fcrek dolusu te\u015fekk\u00fcr ediyorum\u201d dedi.<\/p>\n\n\n\n<p>Se\u00e7im d\u00f6neminin geride kald\u0131\u011f\u0131n\u0131 i\u015faret eden Pazarc\u0131lar Odas\u0131 Ba\u015fkan\u0131 Mehmet Do\u011fan, kald\u0131klar\u0131 yerden hizmete devam edeceklerini ve pazarc\u0131n\u0131n daha rahat ve g\u00fczel \u00e7al\u0131\u015fmas\u0131 anlam\u0131na ellerinden gelen gayreti g\u00f6stererek yollar\u0131na devam edeceklerini ifade ederek \u015f\u00f6yle konu\u015ftu;<\/p>\n\n\n\n<p>\u201cGer\u00e7ekle\u015ftirmi\u015f oldu\u011fumuz Ola\u011fan Genel Kurulumuzda, esnaflar\u0131m\u0131z\u0131n b\u00fcy\u00fck tevecc\u00fch\u00fc ve g\u00fc\u00e7l\u00fc deste\u011fiyle yeniden Manavgat Pazarc\u0131lar Odas\u0131 Ba\u015fkanl\u0131\u011f\u0131na se\u00e7ilmenin onurunu ya\u015fad\u0131m. Bizlere g\u00fcvenen, sahip \u00e7\u0131kan, sand\u0131kta iradesini ortaya koyan t\u00fcm esnaflar\u0131m\u0131za y\u00fcrekten te\u015fekk\u00fcr ediyorum. 2022 y\u0131l\u0131nda ba\u015flad\u0131\u011f\u0131m\u0131z hizmet yoluna h\u0131z kesmeden devam edece\u011fiz. Ya\u015fad\u0131\u011f\u0131m\u0131z se\u00e7im ortam\u0131nda bir kere daha g\u00f6rd\u00fcm ki biz \u00e7ok b\u00fcy\u00fck bir aileyiz. Yeni d\u00f6nemimizde rabbim hay\u0131rl\u0131 hizmetler yapmay\u0131 bizlere nasip etsin in\u015fallah. Genel kurulumuza kat\u0131lan t\u00fcm esnaflar\u0131m\u0131za bir kez daha \u015fahs\u0131m ve y\u00f6netim kurulu arkada\u015flar\u0131m ad\u0131na te\u015fekk\u00fcr ediyor, Sayg\u0131lar\u0131m\u0131 sunuyorum. Rabbim birli\u011fimizi daim eylesin in\u015fallah.<\/p>\n\n\n\n<p>Sa\u011f olun, var olun, Allah\u2019a emanet olun\u201d dedi.<\/p>\n\n\n\n<p>B\u00fc\u015fra Deveci \/ Haber<\/p>\n","protected":false},"excerpt":{"rendered":"<p>Ge\u00e7ti\u011fimiz g\u00fcnlerde yap\u0131lan Pazarc\u0131lar odas\u0131 se\u00e7imlerinde b\u00fcy\u00fck farkla tekrar oda ba\u015fkanl\u0131\u011f\u0131na se\u00e7ilen Mehmet Do\u011fan pazaryerlerinde hem tezgah\u0131n\u0131 a\u00e7\u0131yor, hem de \u00fcyelerine te\u015fekk\u00fcr ziyaretlerini s\u00fcrd\u00fcrmeye devam <a href=\"https:\/\/akdenizhaber.com.tr\/index.php\/2026\/01\/19\/pazarcilar-odasi-baskani-mehmet-dogan-pazarci-esnafi-buyuk-aile-oldugumuzu-kanitladi\/\" class=\"read-more-link\">[more&#8230;]<\/a><\/p>\n","protected":false},"author":2,"featured_media":31517,"comment_status":"open","ping_status":"open","sticky":false,"template":"","format":"standard","meta":{"footnotes":""},"categories":[2],"tags":[],"class_list":["post-31516","post","type-post","status-publish","format-standard","has-post-thumbnail","hentry","category-gundem"],"_links":{"self":[{"href":"https:\/\/akdenizhaber.com.tr\/index.php\/wp-json\/wp\/v2\/posts\/31516","targetHints":{"allow":["GET"]}}],"collection":[{"href":"https:\/\/akdenizhaber.com.tr\/index.php\/wp-json\/wp\/v2\/posts"}],"about":[{"href":"https:\/\/akdenizhaber.com.tr\/index.php\/wp-json\/wp\/v2\/types\/post"}],"author":[{"embeddable":true,"href":"https:\/\/akdenizhaber.com.tr\/index.php\/wp-json\/wp\/v2\/users\/2"}],"replies":[{"embeddable":true,"href":"https:\/\/akdenizhaber.com.tr\/index.php\/wp-json\/wp\/v2\/comments?post=31516"}],"version-history":[{"count":1,"href":"https:\/\/akdenizhaber.com.tr\/index.php\/wp-json\/wp\/v2\/posts\/31516\/revisions"}],"predecessor-version":[{"id":31518,"href":"https:\/\/akdenizhaber.com.tr\/index.php\/wp-json\/wp\/v2\/posts\/31516\/revisions\/31518"}],"wp:featuredmedia":[{"embeddable":true,"href":"https:\/\/akdenizhaber.com.tr\/index.php\/wp-json\/wp\/v2\/media\/31517"}],"wp:attachment":[{"href":"https:\/\/akdenizhaber.com.tr\/index.php\/wp-json\/wp\/v2\/media?parent=31516"}],"wp:term":[{"taxonomy":"category","embeddable":true,"href":"https:\/\/akdenizhaber.com.tr\/index.php\/wp-json\/wp\/v2\/categories?post=31516"},{"taxonomy":"post_tag","embeddable":true,"href":"https:\/\/akdenizhaber.com.tr\/index.php\/wp-json\/wp\/v2\/tags?post=31516"}],"curies":[{"name":"wp","href":"https:\/\/api.w.org\/{rel}","templated":true}]}}