{"id":31508,"date":"2026-01-19T15:58:58","date_gmt":"2026-01-19T12:58:58","guid":{"rendered":"https:\/\/akdenizhaber.com.tr\/?p=31508"},"modified":"2026-01-19T16:01:01","modified_gmt":"2026-01-19T13:01:01","slug":"alo-marko-pasa","status":"publish","type":"post","link":"https:\/\/akdenizhaber.com.tr\/index.php\/2026\/01\/19\/alo-marko-pasa\/","title":{"rendered":"ALO MARKO PA\u015eA!.."},"content":{"rendered":"\n<p><\/p>\n\n\n\n<p>Derdimizi kimlere anlatal\u0131m&#8230;?<\/p>\n\n\n\n<p>Derdini Marko pa\u015fa\u2019ya anlat. .<\/p>\n\n\n\n<p>\u201cKim takar Yalova kaymakam\u0131n\u0131\u201d&#8230;<\/p>\n\n\n\n<p>Denilen g\u00fcnlerden ge\u00e7iyoruz,tamda bu g\u00fcnleri ya\u015f\u0131yoruz Manavgat olarak, Manavgat\u2019ta ya\u015fayanlar olarak..<\/p>\n\n\n\n<figure class=\"wp-block-image size-large is-resized\"><img loading=\"lazy\" decoding=\"async\" width=\"1024\" height=\"1024\" src=\"https:\/\/akdenizhaber.com.tr\/wp-content\/uploads\/2026\/01\/5090d87a-035f-416d-b2ef-0f20040f83c3-1024x1024.jpeg\" alt=\"\" class=\"wp-image-31511\" style=\"width:499px;height:auto\" srcset=\"https:\/\/akdenizhaber.com.tr\/wp-content\/uploads\/2026\/01\/5090d87a-035f-416d-b2ef-0f20040f83c3-1024x1024.jpeg 1024w, https:\/\/akdenizhaber.com.tr\/wp-content\/uploads\/2026\/01\/5090d87a-035f-416d-b2ef-0f20040f83c3-300x300.jpeg 300w, https:\/\/akdenizhaber.com.tr\/wp-content\/uploads\/2026\/01\/5090d87a-035f-416d-b2ef-0f20040f83c3-150x150.jpeg 150w, https:\/\/akdenizhaber.com.tr\/wp-content\/uploads\/2026\/01\/5090d87a-035f-416d-b2ef-0f20040f83c3-768x768.jpeg 768w, https:\/\/akdenizhaber.com.tr\/wp-content\/uploads\/2026\/01\/5090d87a-035f-416d-b2ef-0f20040f83c3.jpeg 1440w\" sizes=\"auto, (max-width: 1024px) 100vw, 1024px\" \/><\/figure>\n\n\n\n<p>Hemen her g\u00fcn bir s\u00fcrprizle uyan\u0131r ,\u015fa\u015f\u0131r olup da ; \u201cVay Anas\u0131n\u0131\u201d..der olduk..<\/p>\n\n\n\n<p>Ortadaki ya\u015fanan gariplikleri de, vurdumduymazl\u0131klar\u0131 da kime \u015fikayet edece\u011fimizi de bilemez olduk.<\/p>\n\n\n\n<p>Vurdumduymazlar i\u015flerini o kadar g\u00fczel yap\u0131yorlar ki; adeta vatanda\u015fla alay ediyorlar..<\/p>\n\n\n\n<p>Devletin her imkan\u0131n\u0131 \u00f6yle yada b\u00f6yle ellerine alm\u0131\u015f olanlar, meydan\u0131 bo\u015f bulanlar gemi az\u0131ya alm\u0131\u015f bir vaziyette kafalar\u0131na g\u00f6re hareket ediyorlar.<\/p>\n\n\n\n<p>Mevsim k\u0131\u015f, k\u0131\u015f\u0131n en so\u011fuk g\u00fcnlerini ya\u015f\u0131yoruz, Manavgat\u2019ta do\u011fal gaz yok, hemen her kes elektrikle ,klima , elektrikli sobalar ile \u0131s\u0131n\u0131yor..<\/p>\n\n\n\n<p>Hal b\u00f6yle iken sabah uyan\u0131nca elektrikler kesik..<\/p>\n\n\n\n<p>Buz gibi havada \u0131s\u0131n \u0131s\u0131nabilirsen..<\/p>\n\n\n\n<p>\u00c7ocuk mu var?,Hasta m\u0131 var kimin umurunda?<\/p>\n\n\n\n<p>Dire\u011fin dibinde \u00e7al\u0131\u015fan birine sorunca adam nerdeyse d\u00f6vecek.<\/p>\n\n\n\n<p>Kimi arars\u0131n\u0131z?<\/p>\n\n\n\n<p>Devletin Manavgat\u2019ta ki en b\u00fcy\u00fck temsilcisi kaymakam oldu\u011funa g\u00f6re onu arars\u0131n\u0131zda, g\u00f6revlinin aktard\u0131\u011f\u0131 telefon be\u015f on defa \u00e7alar ve kapan\u0131r.<\/p>\n\n\n\n<p>\u0130\u015fte burada ; derdini Marko pa\u015fa\u2019ya anlat &#8230;diyeni dinler Marko pa\u015fa nerede, telefonu var m\u0131 acaba diye arars\u0131n\u0131z..<\/p>\n\n\n\n<p>Devletin temsilcileri neden vard\u0131r?<\/p>\n\n\n\n<p>Devleti temsil etmek i\u00e7in,zorda kalan,bir sorunu olan kimselerin derdine derman olmak ,hi\u00e7 de\u011filse derdini dinlemek i\u00e7in vard\u0131r..<\/p>\n\n\n\n<p>L\u00fcks binalarda oturup,l\u00fcks arabalara binip de; t\u00f6renlerde boy g\u00f6stermekle devlet temsil edilmez herhalde.<\/p>\n\n\n\n<p>Devletin bir ciddiyeti vard\u0131r, e\u011fer elektrik i\u015fletmesi her \u015feyi ile devletin elinde olsa idi inan\u0131n kimse kafas\u0131na g\u00f6re k\u0131\u015f\u0131n en so\u011fuk g\u00fcnlerinde elektrikleri kesipte,halka ne haliniz varsa g\u00f6r\u00fcn demezdi..<\/p>\n\n\n\n<p>Devlet devlettir.<\/p>\n\n\n\n<p>Kimse devletin yerine ge\u00e7ip de ; ben devletim, istedi\u011fimi yapar\u0131m,kimseye de hesap vermem..demez,diyemez .<\/p>\n\n\n\n<p>Sabahtan ak\u015fama kadar elektrik kesintisi ne demek?<\/p>\n\n\n\n<p>Diyece\u011fim de ,o kadar garipliklerin oldu\u011fu bu g\u00fczel \u00fclke de bunlar\u0131n oluyor olmas\u0131 da s\u00fcrpriz de\u011fil..<\/p>\n\n\n\n<p>Kal\u0131n sa\u011fl\u0131cakla\u2026<\/p>\n","protected":false},"excerpt":{"rendered":"<p>Derdimizi kimlere anlatal\u0131m&#8230;? Derdini Marko pa\u015fa\u2019ya anlat. . \u201cKim takar Yalova kaymakam\u0131n\u0131\u201d&#8230; Denilen g\u00fcnlerden ge\u00e7iyoruz,tamda bu g\u00fcnleri ya\u015f\u0131yoruz Manavgat olarak, Manavgat\u2019ta ya\u015fayanlar olarak.. Hemen her <a href=\"https:\/\/akdenizhaber.com.tr\/index.php\/2026\/01\/19\/alo-marko-pasa\/\" class=\"read-more-link\">[more&#8230;]<\/a><\/p>\n","protected":false},"author":2,"featured_media":31305,"comment_status":"open","ping_status":"open","sticky":false,"template":"","format":"standard","meta":{"footnotes":""},"categories":[1,2],"tags":[],"class_list":["post-31508","post","type-post","status-publish","format-standard","has-post-thumbnail","hentry","category-blog","category-gundem"],"_links":{"self":[{"href":"https:\/\/akdenizhaber.com.tr\/index.php\/wp-json\/wp\/v2\/posts\/31508","targetHints":{"allow":["GET"]}}],"collection":[{"href":"https:\/\/akdenizhaber.com.tr\/index.php\/wp-json\/wp\/v2\/posts"}],"about":[{"href":"https:\/\/akdenizhaber.com.tr\/index.php\/wp-json\/wp\/v2\/types\/post"}],"author":[{"embeddable":true,"href":"https:\/\/akdenizhaber.com.tr\/index.php\/wp-json\/wp\/v2\/users\/2"}],"replies":[{"embeddable":true,"href":"https:\/\/akdenizhaber.com.tr\/index.php\/wp-json\/wp\/v2\/comments?post=31508"}],"version-history":[{"count":2,"href":"https:\/\/akdenizhaber.com.tr\/index.php\/wp-json\/wp\/v2\/posts\/31508\/revisions"}],"predecessor-version":[{"id":31512,"href":"https:\/\/akdenizhaber.com.tr\/index.php\/wp-json\/wp\/v2\/posts\/31508\/revisions\/31512"}],"wp:featuredmedia":[{"embeddable":true,"href":"https:\/\/akdenizhaber.com.tr\/index.php\/wp-json\/wp\/v2\/media\/31305"}],"wp:attachment":[{"href":"https:\/\/akdenizhaber.com.tr\/index.php\/wp-json\/wp\/v2\/media?parent=31508"}],"wp:term":[{"taxonomy":"category","embeddable":true,"href":"https:\/\/akdenizhaber.com.tr\/index.php\/wp-json\/wp\/v2\/categories?post=31508"},{"taxonomy":"post_tag","embeddable":true,"href":"https:\/\/akdenizhaber.com.tr\/index.php\/wp-json\/wp\/v2\/tags?post=31508"}],"curies":[{"name":"wp","href":"https:\/\/api.w.org\/{rel}","templated":true}]}}