{"id":31504,"date":"2026-01-19T15:58:25","date_gmt":"2026-01-19T12:58:25","guid":{"rendered":"https:\/\/akdenizhaber.com.tr\/?p=31504"},"modified":"2026-01-19T15:58:26","modified_gmt":"2026-01-19T12:58:26","slug":"kalabalik-ve-yalniz-olmak","status":"publish","type":"post","link":"https:\/\/akdenizhaber.com.tr\/index.php\/2026\/01\/19\/kalabalik-ve-yalniz-olmak\/","title":{"rendered":"KALABALIK ve YALNIZ OLMAK!.."},"content":{"rendered":"\n<p><\/p>\n\n\n\n<p>Selamlar g\u00f6nl\u00fc g\u00fczel dostlar\u2026<\/p>\n\n\n\n<p>Bazen durup d\u00fc\u015f\u00fcn\u00fcyorum: Biz ne ara bu kadar kalabal\u0131k olup da bu kadar yaln\u0131z olduk?<\/p>\n\n\n\n<p>Eskiden apartman kap\u0131s\u0131 \u00e7al\u0131nca \u201cKim o?\u201d demeden a\u00e7ard\u0131k.<\/p>\n\n\n\n<p>\u015eimdi kap\u0131 \u00e7al\u0131nca \u00f6nce kalp h\u0131z\u0131m\u0131z art\u0131yor, sonra perde aralan\u0131yor\u2026<\/p>\n\n\n\n<p>Sanki ev de\u011fil de banka kasas\u0131 koruyoruz.<\/p>\n\n\n\n<p>Beton y\u0131\u011f\u0131nlar\u0131n\u0131n aras\u0131nda s\u0131k\u0131\u015fm\u0131\u015f\u0131z.<\/p>\n\n\n\n<p>Hayat dedi\u011fin zaten h\u0131zl\u0131\u2026<\/p>\n\n\n\n<p>Ama biz h\u0131zland\u0131k\u00e7a bir \u015feyi kaybettik: Birbirimizi.<\/p>\n\n\n\n<p>Yan kom\u015funun ad\u0131n\u0131 bilmiyoruz.<\/p>\n\n\n\n<p>\u201cA\u00e7 m\u0131, tok mu, hastas\u0131 var m\u0131?\u201d hi\u00e7 sormuyoruz.<\/p>\n\n\n\n<p>Ama bak\u0131n\u2026<\/p>\n\n\n\n<p>Ben mesela evden \u00e7\u0131k\u0131p girerken apartmandaki elektrik-su-do\u011falgaz saatlerine g\u00f6z\u00fcm tak\u0131l\u0131r.<\/p>\n\n\n\n<p>Kesilmi\u015f mi?<\/p>\n\n\n\n<p>Borcundan dolay\u0131 m\u0131 kesilmi\u015f?<\/p>\n\n\n\n<p>Oradan yola \u00e7\u0131kar\u0131m\u2026 \u201cAcaba maddi s\u0131k\u0131nt\u0131 i\u00e7inde mi?\u201d diye d\u00fc\u015f\u00fcn\u00fcr\u00fcm.<\/p>\n\n\n\n<p>Hani bazen bir faturan\u0131n kesilmesi bile insan\u0131n hayat\u0131ndaki en sessiz \u00e7\u0131\u011fl\u0131kt\u0131r ya\u2026<\/p>\n\n\n\n<p>Kimse duymaz ama evin i\u00e7i buz gibi kal\u0131r.<\/p>\n\n\n\n<p>Biz b\u00f6yle i\u015fte\u2026<\/p>\n\n\n\n<p>Yan yana ya\u015f\u0131yoruz ama birbirimizin ac\u0131s\u0131n\u0131 \u00e7o\u011fu zaman ancak \u201csaatten\u201d anl\u0131yoruz.<\/p>\n\n\n\n<p>Ama bir bak\u0131yorsun\u2026<\/p>\n\n\n\n<p>D\u00fcnyan\u0131n \u00f6b\u00fcr ucundaki bir ac\u0131ya g\u00f6z\u00fcm\u00fcz doluyor.<\/p>\n\n\n\n<p>K\u00f6t\u00fc m\u00fc? Hay\u0131r.<\/p>\n\n\n\n<p>Aksine\u2026 \u00c7ok g\u00fczel bir \u015fey bu.<\/p>\n\n\n\n<p>Ama i\u015fte insan\u0131n akl\u0131na tak\u0131l\u0131yor:<\/p>\n\n\n\n<p>Bir t\u0131k \u00f6tedeki kom\u015fuya k\u00f6r, bin kilometre \u00f6tedeki ac\u0131ya a\u015f\u0131r\u0131 duyarl\u0131\u2026<\/p>\n\n\n\n<p>Bu nas\u0131l bir h\u00e2l?<\/p>\n\n\n\n<p>Yak\u0131n\u0131 g\u00f6r\u00fcnce sorumluluk ba\u015flar.<\/p>\n\n\n\n<p>Uzak olunca \u201czaten bir \u015fey yapamam\u201d bahanesi devreye girer.<\/p>\n\n\n\n<p>\u00c7\u00fcnk\u00fc insan bazen i\u00e7inden \u015f\u00f6yle ge\u00e7iriyor:<\/p>\n\n\n\n<p>\u201cAz \u00f6tedekini g\u00f6r\u00fcrsem yard\u0131m etmek zorunda kal\u0131r\u0131m\u2026<\/p>\n\n\n\n<p>Ama uzaktaki zaten uzakta\u2026<\/p>\n\n\n\n<p>Ne yapabilirim ki?\u201d<\/p>\n\n\n\n<p>Sonra da i\u015fin en kolay k\u0131sm\u0131n\u0131 yap\u0131yoruz:<\/p>\n\n\n\n<p>Vicdan rahatlatma\u2026<\/p>\n\n\n\n<p>Bir \u00fcz\u00fclme\u2026<\/p>\n\n\n\n<p>Bir payla\u015fma\u2026<\/p>\n\n\n\n<p>Bir \u201cah vah\u201d\u2026<\/p>\n\n\n\n<p>Hepsi bu.<\/p>\n\n\n\n<p>Biz kom\u015fuyu g\u00f6rm\u00fcyoruz\u2026<\/p>\n\n\n\n<p>Ama sosyal medyada \u201c\u0130nsanl\u0131k \u00f6ld\u00fc.\u201d diye payla\u015f\u0131p duruyoruz.<\/p>\n\n\n\n<p>Hatta o kadar \u00fcz\u00fcl\u00fcyoruz ki; \u00fcz\u00fcnt\u00fcm\u00fcz\u00fcn bile foto\u011fraf\u0131n\u0131 \u00e7ekip payla\u015facak seviyeye geldik.<\/p>\n\n\n\n<p>Duygular\u0131m\u0131z bile art\u0131k \u201chik\u00e2ye\u201d oldu.<\/p>\n\n\n\n<p>Eskiden iyilik sessiz olurdu.<\/p>\n\n\n\n<p>\u015eimdi iyilik\u2026 Biraz ba\u011f\u0131rarak yap\u0131l\u0131yor:<\/p>\n\n\n\n<p>\u201cBak ben yapt\u0131m ha!\u201d<\/p>\n\n\n\n<p>\u201cG\u00f6r\u00fcn bunu!\u201d<\/p>\n\n\n\n<p>Hatta bazen insan\u0131n i\u00e7inden diyesi geliyor:<\/p>\n\n\n\n<p>\u201c\u0130yili\u011fin alt\u0131na yorumlar a\u00e7\u0131k m\u0131 abla?\u201d<\/p>\n\n\n\n<p>Yanl\u0131\u015f anlamay\u0131n\u2026<\/p>\n\n\n\n<p>D\u00fcnyan\u0131n ac\u0131s\u0131na kay\u0131ts\u0131z kalmak insan\u0131 ta\u015f yapar.<\/p>\n\n\n\n<p>Ama sadece oraya bak\u0131p dibimizi unutmak da ba\u015fka bir ta\u015fla\u015fma.<\/p>\n\n\n\n<p>Mesela\u2026<\/p>\n\n\n\n<p>Bir apartmanda ayn\u0131 merdiveni \u00e7\u0131k\u0131yoruz.<\/p>\n\n\n\n<p>Ayn\u0131 asans\u00f6re biniyoruz.<\/p>\n\n\n\n<p>Ayn\u0131 duvarlar\u0131n i\u00e7indeyiz.<\/p>\n\n\n\n<p>Ama birbirimize gelince\u2026 Sanki herkes \u201cg\u00f6rmezden gelme\u201d yar\u0131\u015f\u0131nda.<\/p>\n\n\n\n<p>Asans\u00f6rde g\u00f6z g\u00f6ze gelmemek i\u00e7in tavana bak\u0131yoruz.<\/p>\n\n\n\n<p>\u201cG\u00fcnayd\u0131n.\u201d demek zor geliyor.<\/p>\n\n\n\n<p>O iki kelime sanki krediyle sat\u0131l\u0131yor.<\/p>\n\n\n\n<p>Halbuki;&nbsp; insan\u0131n bazen tek ihtiyac\u0131 \u015fudur:<\/p>\n\n\n\n<p>Bir selam..Bir h\u00e2l hat\u0131r.<\/p>\n\n\n\n<p>Bir \u201cnas\u0131ls\u0131n?\u201d..Bir de \u201cbir \u015feye ihtiyac\u0131n var m\u0131?\u201d<\/p>\n\n\n\n<p>Ama biz bunu unutmu\u015fuz..\u015eimdi de\u011ferlerimiz de\u011fi\u015fti mi?<\/p>\n\n\n\n<p>De\u011fi\u015fti. Hem de \u00f6yle b\u00f6yle de\u011fil\u2026<\/p>\n\n\n\n<p>Baz\u0131 de\u011ferlerimizi kaybetmedik; resmen sessize ald\u0131k.<\/p>\n\n\n\n<p>Vicdan var\u2026 Ama titre\u015fimde.<\/p>\n\n\n\n<p>Merhamet var\u2026 Ama bataryas\u0131 d\u00fc\u015f\u00fck.<\/p>\n\n\n\n<p>Kom\u015fuluk var\u2026 Ama g\u00fcncelleme bekliyor.<\/p>\n\n\n\n<p>Ve en ac\u0131s\u0131 \u015fu:<\/p>\n\n\n\n<p>Bazen i\u00e7imizden iyilik yapmak geliyor ama\u2026 \u201cMillet ne der?\u201d korkusu ge\u00e7iyor \u00f6n\u00fcm\u00fcze.<\/p>\n\n\n\n<p>Bak\u0131n, acayip bir \u00e7a\u011fday\u0131z:..\u0130yilik yap\u0131nca bile \u00e7ekiniyoruz.<\/p>\n\n\n\n<p>Ama k\u00f6t\u00fcl\u00fck g\u00f6r\u00fcnce\u2026 Al\u0131\u015f\u0131yoruz.<\/p>\n\n\n\n<p>\u0130nsan\u0131 bu bitiriyor.<\/p>\n\n\n\n<p>Bir de \u015fu var\u2026<\/p>\n\n\n\n<p>Biz ac\u0131ya \u00fcz\u00fcl\u00fcyoruz ya\u2026<\/p>\n\n\n\n<p>Bazen ger\u00e7ekten \u00fcz\u00fcl\u00fcyoruz.<\/p>\n\n\n\n<p>Bazen de sadece \u201c\u00fcz\u00fclm\u00fc\u015f gibi\u201d yap\u0131yoruz.<\/p>\n\n\n\n<p>\u00c7\u00fcnk\u00fc \u00e7a\u011f\u0131m\u0131z g\u00f6steri \u00e7a\u011f\u0131.<\/p>\n\n\n\n<p>Hatta \u00fcz\u00fclmek bile performans:<\/p>\n\n\n\n<p>\u00dcz\u00fcl.. Payla\u015f..Etkile\u015fim al..<\/p>\n\n\n\n<p>\u0130\u015fte burada korkuyorum.<\/p>\n\n\n\n<p>\u00c7\u00fcnk\u00fc duygular\u0131m\u0131z bile sahneye \u00e7\u0131k\u0131nca, i\u00e7imiz bo\u015fal\u0131yor.<\/p>\n\n\n\n<p>O y\u00fczden soruyorum dostlar\u2026<\/p>\n\n\n\n<p>Biz de\u011ferlerimizi kaybetmedik belki\u2026<\/p>\n\n\n\n<p>Ama \u00fczerini tozland\u0131rd\u0131k.<\/p>\n\n\n\n<p>Hadi gelin\u2026<\/p>\n\n\n\n<p>Bir g\u00fcnl\u00fc\u011f\u00fcne bile olsa\u2026<\/p>\n\n\n\n<p>Telefonu biraz b\u0131rakal\u0131m.<\/p>\n\n\n\n<p>Bir kap\u0131 \u00e7alal\u0131m.<\/p>\n\n\n\n<p>Bir selam verelim.<\/p>\n\n\n\n<p>Belki d\u00fcnyay\u0131 hemen de\u011fi\u015ftiremeyiz\u2026<\/p>\n\n\n\n<p>Ama ayn\u0131 apartman da insan kalabiliriz.<\/p>\n","protected":false},"excerpt":{"rendered":"<p>Selamlar g\u00f6nl\u00fc g\u00fczel dostlar\u2026 Bazen durup d\u00fc\u015f\u00fcn\u00fcyorum: Biz ne ara bu kadar kalabal\u0131k olup da bu kadar yaln\u0131z olduk? Eskiden apartman kap\u0131s\u0131 \u00e7al\u0131nca \u201cKim o?\u201d <a href=\"https:\/\/akdenizhaber.com.tr\/index.php\/2026\/01\/19\/kalabalik-ve-yalniz-olmak\/\" class=\"read-more-link\">[more&#8230;]<\/a><\/p>\n","protected":false},"author":2,"featured_media":31506,"comment_status":"open","ping_status":"open","sticky":false,"template":"","format":"standard","meta":{"footnotes":""},"categories":[1,2],"tags":[],"class_list":["post-31504","post","type-post","status-publish","format-standard","has-post-thumbnail","hentry","category-blog","category-gundem"],"_links":{"self":[{"href":"https:\/\/akdenizhaber.com.tr\/index.php\/wp-json\/wp\/v2\/posts\/31504","targetHints":{"allow":["GET"]}}],"collection":[{"href":"https:\/\/akdenizhaber.com.tr\/index.php\/wp-json\/wp\/v2\/posts"}],"about":[{"href":"https:\/\/akdenizhaber.com.tr\/index.php\/wp-json\/wp\/v2\/types\/post"}],"author":[{"embeddable":true,"href":"https:\/\/akdenizhaber.com.tr\/index.php\/wp-json\/wp\/v2\/users\/2"}],"replies":[{"embeddable":true,"href":"https:\/\/akdenizhaber.com.tr\/index.php\/wp-json\/wp\/v2\/comments?post=31504"}],"version-history":[{"count":1,"href":"https:\/\/akdenizhaber.com.tr\/index.php\/wp-json\/wp\/v2\/posts\/31504\/revisions"}],"predecessor-version":[{"id":31507,"href":"https:\/\/akdenizhaber.com.tr\/index.php\/wp-json\/wp\/v2\/posts\/31504\/revisions\/31507"}],"wp:featuredmedia":[{"embeddable":true,"href":"https:\/\/akdenizhaber.com.tr\/index.php\/wp-json\/wp\/v2\/media\/31506"}],"wp:attachment":[{"href":"https:\/\/akdenizhaber.com.tr\/index.php\/wp-json\/wp\/v2\/media?parent=31504"}],"wp:term":[{"taxonomy":"category","embeddable":true,"href":"https:\/\/akdenizhaber.com.tr\/index.php\/wp-json\/wp\/v2\/categories?post=31504"},{"taxonomy":"post_tag","embeddable":true,"href":"https:\/\/akdenizhaber.com.tr\/index.php\/wp-json\/wp\/v2\/tags?post=31504"}],"curies":[{"name":"wp","href":"https:\/\/api.w.org\/{rel}","templated":true}]}}