{"id":31501,"date":"2026-01-19T15:53:18","date_gmt":"2026-01-19T12:53:18","guid":{"rendered":"https:\/\/akdenizhaber.com.tr\/?p=31501"},"modified":"2026-01-19T15:53:19","modified_gmt":"2026-01-19T12:53:19","slug":"stratejik-gurultu-haritasi-tamamlandi","status":"publish","type":"post","link":"https:\/\/akdenizhaber.com.tr\/index.php\/2026\/01\/19\/stratejik-gurultu-haritasi-tamamlandi\/","title":{"rendered":"Stratejik G\u00fcr\u00fclt\u00fc Haritas\u0131 tamamland\u0131"},"content":{"rendered":"\n<p>Antalya B\u00fcy\u00fck\u015fehir Belediyesi ile T\u00dcB\u0130TAK Marmara Ara\u015ft\u0131rma Merkezi (MAM) aras\u0131nda imzalanan protokol do\u011frultusunda hayata ge\u00e7irilen \u201cKaynak Bazl\u0131 Stratejik G\u00fcr\u00fclt\u00fc Haritas\u0131n\u0131n Haz\u0131rlanmas\u0131 Projesini\u201d tamamland\u0131. Proje kapsam\u0131nda, Antalya B\u00fcy\u00fck\u015fehir Belediyesi, 19 il\u00e7e belediyesi, kamu kurum ve kurulu\u015f temsilcilerinin yer ald\u0131\u011f\u0131 bir kapan\u0131\u015f toplant\u0131s\u0131 ger\u00e7ekle\u015ftirildi. Projenin bir sonraki ad\u0131m\u0131nda \u201c G\u00fcr\u00fclt\u00fc Eylem Planlar\u0131 Projesi\u201d ba\u015flat\u0131lacak.<\/p>\n\n\n\n<p>Kentlerin \u00f6nemli \u00e7evresel sorunlar\u0131 aras\u0131nda yer alan g\u00fcr\u00fclt\u00fc kirlili\u011finin azalt\u0131lmas\u0131na y\u00f6nelik \u00e7al\u0131\u015fmalar\u0131n\u0131 s\u00fcrd\u00fcren Antalya B\u00fcy\u00fck\u015fehir Belediyesi, ana hizmet binas\u0131 E\u011fitim Salonu\u2019nda \u201cKaynak Bazl\u0131 Stratejik G\u00fcr\u00fclt\u00fc Haritas\u0131n\u0131n Haz\u0131rlanmas\u0131 Projesinin\u201d kapan\u0131\u015f toplant\u0131s\u0131n\u0131 ger\u00e7ekle\u015ftirdi. Toplant\u0131da, proje \u00e7\u0131kt\u0131lar\u0131 de\u011ferlendirilerek stratejik g\u00fcr\u00fclt\u00fc haritalar\u0131n\u0131n yerel y\u00f6netim uygulamalar\u0131nda, g\u00fcr\u00fclt\u00fc eylem planlar\u0131n\u0131n haz\u0131rlanmas\u0131nda ve s\u00fcrd\u00fcr\u00fclebilir kent politikalar\u0131n\u0131n geli\u015ftirilmesinde etkin bi\u00e7imde kullan\u0131lmas\u0131na y\u00f6nelik g\u00f6r\u00fc\u015f al\u0131\u015fveri\u015finde bulunuldu.<\/p>\n\n\n\n<p>KAPSAMLI G\u00dcR\u00dcLT\u00dc HAR\u0130TASI \u00c7IKARILDI<\/p>\n\n\n\n<p>T\u00dcB\u0130TAK Marmara Ara\u015ft\u0131rma Merkezi\u2019nde g\u00f6revli olan Dr. Deniz Sar\u0131, B\u00fcy\u00fck\u015fehir Belediyesi sorumluluk s\u0131n\u0131rlar\u0131 i\u00e7erisindeki 19 il\u00e7ede bulunan end\u00fcstri tesisleri, e\u011flence tesisleri, karayollar\u0131 ve hafif rayl\u0131 sistem kaynakl\u0131 stratejik g\u00fcr\u00fclt\u00fc haritalar\u0131 konusunda bir sunum yapt\u0131. Sunumda, Antalya\u2019n\u0131n g\u00fcr\u00fclt\u00fc haritas\u0131 g\u00f6sterildi, 19 il\u00e7eden gelen veriler do\u011frultusunda kapsaml\u0131 ve detayl\u0131 bir g\u00fcr\u00fclt\u00fc haritas\u0131 ortaya \u00e7\u0131kar\u0131lm\u0131\u015f oldu.&nbsp;<\/p>\n\n\n\n<p>HAR\u0130TALAR TESL\u0130M ED\u0130LD\u0130<\/p>\n\n\n\n<p>Antalya B\u00fcy\u00fck\u015fehir Belediyesi Ba\u015fkan Dan\u0131\u015fman\u0131 Lokman Atasoy taraf\u0131ndan, il\u00e7e belediyeleri temsilcilerine g\u00fcr\u00fclt\u00fc haritas\u0131 raporlar\u0131n\u0131 teslim etti.&nbsp; Daha \u00f6nceki y\u0131llarda 5 merkez il\u00e7eyi kapsayacak \u015fekilde haz\u0131rlanan g\u00fcr\u00fclt\u00fc haritas\u0131 projesi, bu kez t\u00fcm Antalya\u2019y\u0131 kapsayacak \u015fekilde 19 il\u00e7ede yap\u0131ld\u0131.<\/p>\n\n\n\n<p>\u00c7\u00d6Z\u00dcM \u00d6NER\u0130LER\u0130 SUNULDU<\/p>\n\n\n\n<p>Haz\u0131rlanan stratejik g\u00fcr\u00fclt\u00fc haritalar\u0131 do\u011frultusunda olu\u015fturulan g\u00fcr\u00fclt\u00fc eylem planlar\u0131 ile g\u00fcr\u00fclt\u00fc maruziyetine g\u00f6re g\u00fcr\u00fclt\u00fc azalt\u0131c\u0131 ve \u00f6nleyici tedbirler belirlendi. G\u00fcr\u00fclt\u00fcn\u00fcn standart boyutlara indirilmesi i\u00e7in neler yap\u0131lmas\u0131 gerekti\u011fi konusunda \u00e7\u00f6z\u00fcm \u00f6nerileri sunuldu. Ayr\u0131ca g\u00fcr\u00fclt\u00fcn\u00fcn sebep oldu\u011fu kaynaklar\u0131n belirlenerek, buna kar\u015f\u0131 al\u0131nacak \u00f6nlemler ortaya konuldu. B\u00f6ylelikle g\u00fcr\u00fclt\u00fcn\u00fcn kontrol\u00fcn\u00fcn sa\u011flanmas\u0131 ama\u00e7lan\u0131yor.<\/p>\n\n\n\n<p>Antalya B\u00fcy\u00fck\u015fehir Belediyesi \/ B\u00fclten<\/p>\n","protected":false},"excerpt":{"rendered":"<p>Antalya B\u00fcy\u00fck\u015fehir Belediyesi ile T\u00dcB\u0130TAK Marmara Ara\u015ft\u0131rma Merkezi (MAM) aras\u0131nda imzalanan protokol do\u011frultusunda hayata ge\u00e7irilen \u201cKaynak Bazl\u0131 Stratejik G\u00fcr\u00fclt\u00fc Haritas\u0131n\u0131n Haz\u0131rlanmas\u0131 Projesini\u201d tamamland\u0131. Proje kapsam\u0131nda, <a href=\"https:\/\/akdenizhaber.com.tr\/index.php\/2026\/01\/19\/stratejik-gurultu-haritasi-tamamlandi\/\" class=\"read-more-link\">[more&#8230;]<\/a><\/p>\n","protected":false},"author":2,"featured_media":31502,"comment_status":"open","ping_status":"open","sticky":false,"template":"","format":"standard","meta":{"footnotes":""},"categories":[2],"tags":[],"class_list":["post-31501","post","type-post","status-publish","format-standard","has-post-thumbnail","hentry","category-gundem"],"_links":{"self":[{"href":"https:\/\/akdenizhaber.com.tr\/index.php\/wp-json\/wp\/v2\/posts\/31501","targetHints":{"allow":["GET"]}}],"collection":[{"href":"https:\/\/akdenizhaber.com.tr\/index.php\/wp-json\/wp\/v2\/posts"}],"about":[{"href":"https:\/\/akdenizhaber.com.tr\/index.php\/wp-json\/wp\/v2\/types\/post"}],"author":[{"embeddable":true,"href":"https:\/\/akdenizhaber.com.tr\/index.php\/wp-json\/wp\/v2\/users\/2"}],"replies":[{"embeddable":true,"href":"https:\/\/akdenizhaber.com.tr\/index.php\/wp-json\/wp\/v2\/comments?post=31501"}],"version-history":[{"count":1,"href":"https:\/\/akdenizhaber.com.tr\/index.php\/wp-json\/wp\/v2\/posts\/31501\/revisions"}],"predecessor-version":[{"id":31503,"href":"https:\/\/akdenizhaber.com.tr\/index.php\/wp-json\/wp\/v2\/posts\/31501\/revisions\/31503"}],"wp:featuredmedia":[{"embeddable":true,"href":"https:\/\/akdenizhaber.com.tr\/index.php\/wp-json\/wp\/v2\/media\/31502"}],"wp:attachment":[{"href":"https:\/\/akdenizhaber.com.tr\/index.php\/wp-json\/wp\/v2\/media?parent=31501"}],"wp:term":[{"taxonomy":"category","embeddable":true,"href":"https:\/\/akdenizhaber.com.tr\/index.php\/wp-json\/wp\/v2\/categories?post=31501"},{"taxonomy":"post_tag","embeddable":true,"href":"https:\/\/akdenizhaber.com.tr\/index.php\/wp-json\/wp\/v2\/tags?post=31501"}],"curies":[{"name":"wp","href":"https:\/\/api.w.org\/{rel}","templated":true}]}}