{"id":31498,"date":"2026-01-19T15:52:10","date_gmt":"2026-01-19T12:52:10","guid":{"rendered":"https:\/\/akdenizhaber.com.tr\/?p=31498"},"modified":"2026-01-19T15:52:11","modified_gmt":"2026-01-19T12:52:11","slug":"chpli-buyuksehir-belediye-baskanlari-mersinde-bulustu","status":"publish","type":"post","link":"https:\/\/akdenizhaber.com.tr\/index.php\/2026\/01\/19\/chpli-buyuksehir-belediye-baskanlari-mersinde-bulustu\/","title":{"rendered":"CHP\u2019li B\u00fcy\u00fck\u015fehir Belediye Ba\u015fkanlar\u0131 Mersin\u2019de bulu\u015ftu"},"content":{"rendered":"\n<p>Antalya B\u00fcy\u00fck\u015fehir Belediye Ba\u015fkan Vekili B\u00fc\u015fra \u00d6zdemir, T\u00fcrkiye Belediyeler Birli\u011fi Ba\u015fkan Vekili ve Mersin B\u00fcy\u00fck\u015fehir Belediye Ba\u015fkan\u0131 Vahap Se\u00e7er\u2019in ev sahipli\u011finde d\u00fczenlenen B\u00fcy\u00fck\u015fehir Belediye Ba\u015fkanlar\u0131 bulu\u015fmas\u0131na kat\u0131ld\u0131. Toplant\u0131da belediyelerin 2025 y\u0131l\u0131 hizmetleri de\u011ferlendirilirken, 2026 y\u0131l\u0131na y\u00f6nelik \u00e7al\u0131\u015fma planlar\u0131 ele al\u0131nd\u0131.<\/p>\n\n\n\n<p>Cumhuriyet Halk Partili (CHP) B\u00fcy\u00fck\u015fehir Belediye Ba\u015fkanlar\u0131 Mersin\u2019de \u2018Halk \u0130\u00e7in Hep Beraber\u2019&nbsp;temas\u0131yla d\u00fczenlenen toplant\u0131da biraraya geldi. Cumhuriyet Halk Partisi Yerel Y\u00f6netimler ve Diren\u00e7li Kentlerden Sorumlu Genel Ba\u015fkan Yard\u0131mc\u0131s\u0131 G\u00f6kan Zeybek\u2019in ba\u015fkanl\u0131\u011f\u0131nda d\u00fczenlenen toplant\u0131da yerel y\u00f6netimlerin kar\u015f\u0131la\u015ft\u0131\u011f\u0131 sorunlar, \u00e7\u00f6z\u00fcm yollar\u0131 ve iyi uygulama \u00f6rnekleri ele al\u0131nd\u0131. Belediyeler aras\u0131 bilgi ve deneyim payla\u015f\u0131m\u0131n\u0131n yan\u0131 s\u0131ra, \u00fclke ve d\u00fcnya g\u00fcndemindeki geli\u015fmeler de de\u011ferlendirildi.<\/p>\n\n\n\n<p>BA\u015eKAN VE BA\u015eKAN VEK\u0130LLER\u0130 KATILDI<\/p>\n\n\n\n<p>Tutuklu belediye ba\u015fkanlar\u0131, yoksullukla m\u00fccadele, devam eden operasyonlar ve kurakl\u0131kla m\u00fccadele gibi konular\u0131n da g\u00f6r\u00fc\u015f\u00fcld\u00fc\u011f\u00fc toplant\u0131ya; Antalya B\u00fcy\u00fck\u015fehir Belediye Ba\u015fkan Vekili B\u00fc\u015fra \u00d6zdemir, Mersin B\u00fcy\u00fck\u015fehir Belediye Ba\u015fkan\u0131 Vahap Se\u00e7er, \u0130stanbul B\u00fcy\u00fck\u015fehir Belediye Ba\u015fkan Vekili Nuri Aslan, Ankara B\u00fcy\u00fck\u015fehir Belediye Ba\u015fkan\u0131 Mansur Yava\u015f, Bursa B\u00fcy\u00fck\u015fehir Belediye Ba\u015fkan\u0131 Mustafa Bozbey, Adana B\u00fcy\u00fck\u015fehir Belediye Ba\u015fkan Vekili G\u00fcng\u00f6r Ge\u00e7er, Bal\u0131kesir B\u00fcy\u00fck\u015fehir Belediye Ba\u015fkan\u0131 Ahmet Ak\u0131n, Tekirda\u011f B\u00fcy\u00fck\u015fehir Belediye Ba\u015fkan\u0131 Candan Y\u00fcceer, Mu\u011fla B\u00fcy\u00fck\u015fehir Belediye Ba\u015fkan\u0131 Ahmet Aras, Denizli B\u00fcy\u00fck\u015fehir Belediye Ba\u015fkan\u0131 B\u00fclent Nuri \u00c7avu\u015fo\u011flu ve Eski\u015fehir B\u00fcy\u00fck\u015fehir Belediye Ba\u015fkan\u0131 Ay\u015fe \u00dcnl\u00fcce kat\u0131ld\u0131.<\/p>\n\n\n\n<p>YEREL Y\u00d6NET\u0130MLER\u0130N KAR\u015eILA\u015eTI\u011eI SORUNLAR ELE ALINDI<\/p>\n\n\n\n<p>Antalya B\u00fcy\u00fck\u015fehir Belediye Ba\u015fkan Vekili B\u00fc\u015fra \u00d6zdemir, ya\u015fanan t\u00fcm engellemelere ve zorluklara ra\u011fmen halk i\u00e7in hizmet \u00fcretmeye devam ettiklerini s\u00f6yledi. Toplant\u0131y\u0131 de\u011ferlendiren \u00d6zdemir, \u201cYerel y\u00f6netimlerin kar\u015f\u0131la\u015ft\u0131\u011f\u0131 sorunlar\u0131, \u00e7\u00f6z\u00fcm yollar\u0131n\u0131 ve iyi uygulama \u00f6rneklerini ele ald\u0131k. Belediyeler aras\u0131 bilgi ve deneyim payla\u015f\u0131m\u0131n\u0131n yan\u0131 s\u0131ra, \u00fclke ve d\u00fcnya g\u00fcndemindeki geli\u015fmeleri de birlikte de\u011ferlendirdik. 2026 y\u0131l\u0131nda da durmadan, yorulmadan Antalya halk\u0131 i\u00e7in \u00e7al\u0131\u015fmaya ve hizmet \u00fcretmeye devam edece\u011fiz. Bu bulu\u015fmada ortaya konan g\u00f6r\u00fc\u015flerin ve al\u0131nan kararlar\u0131n, kentlerimiz ad\u0131na hay\u0131rl\u0131 sonu\u00e7lar do\u011furmas\u0131n\u0131 temenni ediyorum\u201d dedi.<br>Antalya B\u00fcy\u00fck\u015fehir Belediyesi \/ B\u00fclten<\/p>\n","protected":false},"excerpt":{"rendered":"<p>Antalya B\u00fcy\u00fck\u015fehir Belediye Ba\u015fkan Vekili B\u00fc\u015fra \u00d6zdemir, T\u00fcrkiye Belediyeler Birli\u011fi Ba\u015fkan Vekili ve Mersin B\u00fcy\u00fck\u015fehir Belediye Ba\u015fkan\u0131 Vahap Se\u00e7er\u2019in ev sahipli\u011finde d\u00fczenlenen B\u00fcy\u00fck\u015fehir Belediye Ba\u015fkanlar\u0131 <a href=\"https:\/\/akdenizhaber.com.tr\/index.php\/2026\/01\/19\/chpli-buyuksehir-belediye-baskanlari-mersinde-bulustu\/\" class=\"read-more-link\">[more&#8230;]<\/a><\/p>\n","protected":false},"author":2,"featured_media":31499,"comment_status":"open","ping_status":"open","sticky":false,"template":"","format":"standard","meta":{"footnotes":""},"categories":[2],"tags":[],"class_list":["post-31498","post","type-post","status-publish","format-standard","has-post-thumbnail","hentry","category-gundem"],"_links":{"self":[{"href":"https:\/\/akdenizhaber.com.tr\/index.php\/wp-json\/wp\/v2\/posts\/31498","targetHints":{"allow":["GET"]}}],"collection":[{"href":"https:\/\/akdenizhaber.com.tr\/index.php\/wp-json\/wp\/v2\/posts"}],"about":[{"href":"https:\/\/akdenizhaber.com.tr\/index.php\/wp-json\/wp\/v2\/types\/post"}],"author":[{"embeddable":true,"href":"https:\/\/akdenizhaber.com.tr\/index.php\/wp-json\/wp\/v2\/users\/2"}],"replies":[{"embeddable":true,"href":"https:\/\/akdenizhaber.com.tr\/index.php\/wp-json\/wp\/v2\/comments?post=31498"}],"version-history":[{"count":1,"href":"https:\/\/akdenizhaber.com.tr\/index.php\/wp-json\/wp\/v2\/posts\/31498\/revisions"}],"predecessor-version":[{"id":31500,"href":"https:\/\/akdenizhaber.com.tr\/index.php\/wp-json\/wp\/v2\/posts\/31498\/revisions\/31500"}],"wp:featuredmedia":[{"embeddable":true,"href":"https:\/\/akdenizhaber.com.tr\/index.php\/wp-json\/wp\/v2\/media\/31499"}],"wp:attachment":[{"href":"https:\/\/akdenizhaber.com.tr\/index.php\/wp-json\/wp\/v2\/media?parent=31498"}],"wp:term":[{"taxonomy":"category","embeddable":true,"href":"https:\/\/akdenizhaber.com.tr\/index.php\/wp-json\/wp\/v2\/categories?post=31498"},{"taxonomy":"post_tag","embeddable":true,"href":"https:\/\/akdenizhaber.com.tr\/index.php\/wp-json\/wp\/v2\/tags?post=31498"}],"curies":[{"name":"wp","href":"https:\/\/api.w.org\/{rel}","templated":true}]}}