{"id":31491,"date":"2026-01-17T14:14:41","date_gmt":"2026-01-17T11:14:41","guid":{"rendered":"https:\/\/akdenizhaber.com.tr\/?p=31491"},"modified":"2026-01-17T14:14:42","modified_gmt":"2026-01-17T11:14:42","slug":"manavgat-engelliler-derneginden-uyelere-birlik-ve-dayanisma-kahvaltisi","status":"publish","type":"post","link":"https:\/\/akdenizhaber.com.tr\/index.php\/2026\/01\/17\/manavgat-engelliler-derneginden-uyelere-birlik-ve-dayanisma-kahvaltisi\/","title":{"rendered":"Manavgat Engelliler Derne\u011fi\u2019nden \u00dcyelere Birlik ve Dayan\u0131\u015fma Kahvalt\u0131s\u0131"},"content":{"rendered":"\n<p><br>Sammy Garden ev sahipli\u011finde d\u00fczenlenen kahvalt\u0131 etkinli\u011finde \u00fcyeler bir araya geldi<br>Manavgat Engelliler Derne\u011fi, \u00fcyeleriyle kayna\u015fmak ve dayan\u0131\u015fmay\u0131 g\u00fc\u00e7lendirmek amac\u0131yla kahvalt\u0131 etkinli\u011fi d\u00fczenledi. Sammy Garden ev sahipli\u011finde ger\u00e7ekle\u015ftirilen etkinlikte dernek \u00fcyeleri keyifli bir sabah ge\u00e7irdi.<br>Samimi bir ortamda ger\u00e7ekle\u015fen kahvalt\u0131 program\u0131nda, \u00fcyeler hem sohbet etme hem de dernek \u00e7al\u0131\u015fmalar\u0131 hakk\u0131nda fikir al\u0131\u015fveri\u015finde bulunma imk\u00e2n\u0131 yakalad\u0131. Etkinlik boyunca birlik, beraberlik ve dayan\u0131\u015fma vurgusu \u00f6n plana \u00e7\u0131kt\u0131.<br>Manavgat Engelliler Derne\u011fi yetkilileri, bu t\u00fcr sosyal etkinliklerin \u00fcyeler aras\u0131ndaki ba\u011f\u0131 g\u00fc\u00e7lendirdi\u011fini ve engellilik konusunda fark\u0131ndal\u0131\u011f\u0131n artmas\u0131na katk\u0131 sa\u011flad\u0131\u011f\u0131n\u0131 ifade etti. Ayr\u0131ca etkinli\u011fe ev sahipli\u011fi yapan Sammy Garden i\u015fletmesine desteklerinden dolay\u0131 te\u015fekk\u00fcr edildi.<br>Dernek olarak sosyal hayata kat\u0131l\u0131m\u0131 art\u0131rmaya y\u00f6nelik etkinliklerin \u00f6n\u00fcm\u00fczdeki d\u00f6nemde de devam edece\u011fi belirtildi.<\/p>\n\n\n\n<p>B\u00fc\u015fra Deveci \/ Haber<\/p>\n","protected":false},"excerpt":{"rendered":"<p>Sammy Garden ev sahipli\u011finde d\u00fczenlenen kahvalt\u0131 etkinli\u011finde \u00fcyeler bir araya geldiManavgat Engelliler Derne\u011fi, \u00fcyeleriyle kayna\u015fmak ve dayan\u0131\u015fmay\u0131 g\u00fc\u00e7lendirmek amac\u0131yla kahvalt\u0131 etkinli\u011fi d\u00fczenledi. Sammy Garden ev <a href=\"https:\/\/akdenizhaber.com.tr\/index.php\/2026\/01\/17\/manavgat-engelliler-derneginden-uyelere-birlik-ve-dayanisma-kahvaltisi\/\" class=\"read-more-link\">[more&#8230;]<\/a><\/p>\n","protected":false},"author":2,"featured_media":31492,"comment_status":"open","ping_status":"open","sticky":false,"template":"","format":"standard","meta":{"footnotes":""},"categories":[2],"tags":[],"class_list":["post-31491","post","type-post","status-publish","format-standard","has-post-thumbnail","hentry","category-gundem"],"_links":{"self":[{"href":"https:\/\/akdenizhaber.com.tr\/index.php\/wp-json\/wp\/v2\/posts\/31491","targetHints":{"allow":["GET"]}}],"collection":[{"href":"https:\/\/akdenizhaber.com.tr\/index.php\/wp-json\/wp\/v2\/posts"}],"about":[{"href":"https:\/\/akdenizhaber.com.tr\/index.php\/wp-json\/wp\/v2\/types\/post"}],"author":[{"embeddable":true,"href":"https:\/\/akdenizhaber.com.tr\/index.php\/wp-json\/wp\/v2\/users\/2"}],"replies":[{"embeddable":true,"href":"https:\/\/akdenizhaber.com.tr\/index.php\/wp-json\/wp\/v2\/comments?post=31491"}],"version-history":[{"count":1,"href":"https:\/\/akdenizhaber.com.tr\/index.php\/wp-json\/wp\/v2\/posts\/31491\/revisions"}],"predecessor-version":[{"id":31493,"href":"https:\/\/akdenizhaber.com.tr\/index.php\/wp-json\/wp\/v2\/posts\/31491\/revisions\/31493"}],"wp:featuredmedia":[{"embeddable":true,"href":"https:\/\/akdenizhaber.com.tr\/index.php\/wp-json\/wp\/v2\/media\/31492"}],"wp:attachment":[{"href":"https:\/\/akdenizhaber.com.tr\/index.php\/wp-json\/wp\/v2\/media?parent=31491"}],"wp:term":[{"taxonomy":"category","embeddable":true,"href":"https:\/\/akdenizhaber.com.tr\/index.php\/wp-json\/wp\/v2\/categories?post=31491"},{"taxonomy":"post_tag","embeddable":true,"href":"https:\/\/akdenizhaber.com.tr\/index.php\/wp-json\/wp\/v2\/tags?post=31491"}],"curies":[{"name":"wp","href":"https:\/\/api.w.org\/{rel}","templated":true}]}}