{"id":31488,"date":"2026-01-16T14:17:47","date_gmt":"2026-01-16T11:17:47","guid":{"rendered":"https:\/\/akdenizhaber.com.tr\/?p=31488"},"modified":"2026-01-16T14:17:48","modified_gmt":"2026-01-16T11:17:48","slug":"ulku-ocaklarindan-serikte-egitime-destek-ziyareti","status":"publish","type":"post","link":"https:\/\/akdenizhaber.com.tr\/index.php\/2026\/01\/16\/ulku-ocaklarindan-serikte-egitime-destek-ziyareti\/","title":{"rendered":"\u00dclk\u00fc Ocaklar\u0131\u2019ndan Serik\u2019te E\u011fitime Destek Ziyareti"},"content":{"rendered":"\n<p>\u00dclk\u00fc Ocaklar\u0131 Antalya \u0130l Ba\u015fkanl\u0131\u011f\u0131, e\u011fitime destek \u00e7al\u0131\u015fmalar\u0131 kapsam\u0131nda Serik il\u00e7esinde bulunan Naturalya \u0130brahim \u015eahin Ortaokulu\u2019nu ziyaret etti. Ziyaret, \u00dclk\u00fc Ocaklar\u0131 Antalya \u0130l Ba\u015fkan\u0131 Say\u0131n \u00d6mer Faruk Y\u0131ld\u0131r\u0131m\u2019\u0131n \u00f6nc\u00fcl\u00fc\u011f\u00fcnde ger\u00e7ekle\u015ftirildi.<\/p>\n\n\n\n<p>Ziyarette \u00f6\u011frencilere karne hediyesi olarak, \u00dclk\u00fc Ocaklar\u0131 Genel Merkezi taraf\u0131ndan haz\u0131rlanan UOUZEM ve ODAK2023 e\u011fitim programlar\u0131 tan\u0131t\u0131ld\u0131. Programlar\u0131n i\u00e7erikleri hakk\u0131nda bilgilendirme yap\u0131l\u0131rken, \u00f6\u011frencilerin bu dijital e\u011fitim uygulamalar\u0131ndan etkin bi\u00e7imde faydalanmalar\u0131 i\u00e7in te\u015fvik edici \u00e7al\u0131\u015fmalar y\u00fcr\u00fct\u00fcld\u00fc.<\/p>\n\n\n\n<p>Yetkililer, e\u011fitim alan\u0131nda yap\u0131lan her yat\u0131r\u0131m\u0131n gelece\u011fe at\u0131lan g\u00fc\u00e7l\u00fc bir ad\u0131m oldu\u011funu vurgulayarak, gen\u00e7lerin akademik ve ki\u015fisel geli\u015fimlerine katk\u0131 sa\u011flayacak projelerin kararl\u0131l\u0131kla s\u00fcrd\u00fcr\u00fclece\u011fini ifade etti.<\/p>\n\n\n\n<p>Haber Merkezi<\/p>\n","protected":false},"excerpt":{"rendered":"<p>\u00dclk\u00fc Ocaklar\u0131 Antalya \u0130l Ba\u015fkanl\u0131\u011f\u0131, e\u011fitime destek \u00e7al\u0131\u015fmalar\u0131 kapsam\u0131nda Serik il\u00e7esinde bulunan Naturalya \u0130brahim \u015eahin Ortaokulu\u2019nu ziyaret etti. Ziyaret, \u00dclk\u00fc Ocaklar\u0131 Antalya \u0130l Ba\u015fkan\u0131 Say\u0131n <a href=\"https:\/\/akdenizhaber.com.tr\/index.php\/2026\/01\/16\/ulku-ocaklarindan-serikte-egitime-destek-ziyareti\/\" class=\"read-more-link\">[more&#8230;]<\/a><\/p>\n","protected":false},"author":2,"featured_media":31489,"comment_status":"open","ping_status":"open","sticky":false,"template":"","format":"standard","meta":{"footnotes":""},"categories":[2],"tags":[],"class_list":["post-31488","post","type-post","status-publish","format-standard","has-post-thumbnail","hentry","category-gundem"],"_links":{"self":[{"href":"https:\/\/akdenizhaber.com.tr\/index.php\/wp-json\/wp\/v2\/posts\/31488","targetHints":{"allow":["GET"]}}],"collection":[{"href":"https:\/\/akdenizhaber.com.tr\/index.php\/wp-json\/wp\/v2\/posts"}],"about":[{"href":"https:\/\/akdenizhaber.com.tr\/index.php\/wp-json\/wp\/v2\/types\/post"}],"author":[{"embeddable":true,"href":"https:\/\/akdenizhaber.com.tr\/index.php\/wp-json\/wp\/v2\/users\/2"}],"replies":[{"embeddable":true,"href":"https:\/\/akdenizhaber.com.tr\/index.php\/wp-json\/wp\/v2\/comments?post=31488"}],"version-history":[{"count":1,"href":"https:\/\/akdenizhaber.com.tr\/index.php\/wp-json\/wp\/v2\/posts\/31488\/revisions"}],"predecessor-version":[{"id":31490,"href":"https:\/\/akdenizhaber.com.tr\/index.php\/wp-json\/wp\/v2\/posts\/31488\/revisions\/31490"}],"wp:featuredmedia":[{"embeddable":true,"href":"https:\/\/akdenizhaber.com.tr\/index.php\/wp-json\/wp\/v2\/media\/31489"}],"wp:attachment":[{"href":"https:\/\/akdenizhaber.com.tr\/index.php\/wp-json\/wp\/v2\/media?parent=31488"}],"wp:term":[{"taxonomy":"category","embeddable":true,"href":"https:\/\/akdenizhaber.com.tr\/index.php\/wp-json\/wp\/v2\/categories?post=31488"},{"taxonomy":"post_tag","embeddable":true,"href":"https:\/\/akdenizhaber.com.tr\/index.php\/wp-json\/wp\/v2\/tags?post=31488"}],"curies":[{"name":"wp","href":"https:\/\/api.w.org\/{rel}","templated":true}]}}