{"id":31469,"date":"2026-01-15T17:16:28","date_gmt":"2026-01-15T14:16:28","guid":{"rendered":"https:\/\/akdenizhaber.com.tr\/?p=31469"},"modified":"2026-01-15T17:16:28","modified_gmt":"2026-01-15T14:16:28","slug":"oda-secimleri","status":"publish","type":"post","link":"https:\/\/akdenizhaber.com.tr\/index.php\/2026\/01\/15\/oda-secimleri\/","title":{"rendered":"ODA SE\u00c7\u0130MLER\u0130.."},"content":{"rendered":"\n<p><\/p>\n\n\n\n<p>2025 y\u0131l\u0131n\u0131n Ocak ay\u0131 ba\u015flar\u0131nda ba\u015flad\u0131 Manavgat\u2019ta oda se\u00e7imleri hareketlili\u011fi bir \u00e7ok ki\u015fi saha \u00e7al\u0131\u015fmalar\u0131na ba\u015flad\u0131\u011f\u0131nda kamuoyunda g\u00fclenler oldu..<\/p>\n\n\n\n<p>\u201cDaha uzun aylar var,sizin ba\u015fka i\u015finiz yok mu?\u201d diyenler oldu..Esnaf odas\u0131 se\u00e7imlerinde bir d\u00f6nem \u00f6nce se\u00e7imi kaybeden Nihat Arslan ilk ba\u015flayanlardand\u0131 kamuoyu yoklamas\u0131 yapan..<\/p>\n\n\n\n<p>\u0130kinci isim ise Abdullah Doru,\u00e7ok iyi an\u0131ms\u0131yorum 10 Ocak 2025 tarihinde kahvalt\u0131l\u0131 bas\u0131n toplant\u0131s\u0131 ile yola \u00e7\u0131kan Abdullah Doru ve ekibi \u00c7al\u0131\u015fan Gazeteciler g\u00fcn\u00fcnde start vermi\u015fti \u00e7al\u0131\u015fmalar\u0131na..<\/p>\n\n\n\n<p>Ad\u0131 san\u0131 pek duyulmayan Abdullah Doru\u2019ya sahaya ilk \u00e7\u0131kt\u0131\u011f\u0131 andan se\u00e7imlerin yap\u0131laca\u011f\u0131 g\u00fcne dek \u015fans vermeyen ki\u015filer \u00e7o\u011funluktayd\u0131\u2026<\/p>\n\n\n\n<p>Doru,t\u00fcm bu s\u00f6ylentilere kulak t\u0131kayarak duymazdan geldi..Kendini ve ekibini inand\u0131rm\u0131\u015f \u201cBu se\u00e7imlerden biz galip \u00e7\u0131kaca\u011f\u0131z ba\u015fka yolu yok\u201d s\u00f6ylemleri ile yola devam ederek son ana kadar saha \u00e7al\u0131\u015fmalar\u0131n\u0131 ba\u015far\u0131l\u0131 bir \u015fekilde y\u00fcr\u00fctm\u00fc\u015ft\u00fc\u2026<\/p>\n\n\n\n<p>Di\u011fer adaylar saha \u00e7al\u0131\u015fmalar\u0131nda sadece el uzat\u0131rken Doru,her esnaf\u0131 ayn\u0131 samimiyet,ayn\u0131 s\u0131cakl\u0131kla her gitti\u011fi i\u015fyerinde kucaklay\u0131p,sar\u0131p sarmalam\u0131\u015f,tabiri yerinde ise ya\u011fl\u0131 g\u00fcre\u015f pehlivanlar\u0131 misali pe\u015frev \u00e7ekmi\u015f\u2026Y\u00fcre\u011findeki s\u0131cakl\u0131\u011f\u0131 esnafla payla\u015fmay\u0131 ba\u015fararak uzun ince bir yolun sonucunda kazanan taraf olmu\u015ftu..<\/p>\n\n\n\n<p>Di\u011fer adaylarda sahada idi fakat esnaf\u0131n nabz\u0131n\u0131 y\u00fckseltmeyi her ne hikmetse beceremedi diyebiliriz..<\/p>\n\n\n\n<p>Sahaya en son \u00e7\u0131kan aday ise d\u00f6nemin ba\u015fkan\u0131 Hasan \u00d6zcan oldu..Hasan \u00d6zcan se\u00e7ime \u00e7ok az&nbsp; bir s\u00fcre kala \u00e7\u0131kt\u0131 sahaya..Kendinden emin her zamanki gibi kibirli ve kazanan taraf\u0131n kendisi oldu\u011fundan emin olarak saha \u00e7al\u0131\u015fmalar\u0131na ba\u015flad\u0131\u011f\u0131nda kendiside biliyordu ki \u201cBu se\u00e7imi ben kazanamayaca\u011f\u0131m\u201d d\u00fc\u015f\u00fcncelerine kar\u015f\u0131n ister istemez sahada olmay\u0131 tercih etti..<\/p>\n\n\n\n<p>Sonu\u00e7ta o da y\u0131k\u0131lanlar listesindeki yerini ald\u0131..<\/p>\n\n\n\n<p>Osman \u015eeker\u2019e gelince d\u00f6nemin y\u00f6netim kurulunda olmas\u0131na kar\u015f\u0131n aday olarak \u00e7\u0131kt\u0131\u011f\u0131 sahada esnaf\u0131n tek tepkisi neden y\u00f6netimden istifa etmedin? Sorusu oldu..Y\u00f6netim kurulu \u00fcyeli\u011finden istifa etmi\u015f olsa idi tablo de\u011fi\u015fir miydi?.. bence hay\u0131r..Belki oy say\u0131s\u0131n\u0131 artt\u0131rabilirdi..Osman \u015eeker ile birlikte yola \u00e7\u0131kan Esnaf Odas\u0131 eski ba\u015fkanlar\u0131ndan Hasan \u00c7elik\u2019te vard\u0131..Bir\u00e7ok esnaf Hasan \u00c7elik tek ba\u015f\u0131na \u00e7\u0131ksa idi daha \u00e7ok oy al\u0131rd\u0131 d\u00fc\u015f\u00fcncelerini payla\u015ft\u0131 kamuoyu ile..<\/p>\n\n\n\n<p>Ge\u00e7mi\u015f d\u00f6nem se\u00e7imlerinde oldu\u011fu gibi bu se\u00e7imlerde siyasilerin uzak durdu\u011funa,Belediye ba\u015fkan vekili Mehmet \u00c7i\u00e7ek ve ekibinin se\u00e7imlere kar\u0131\u015fmad\u0131\u011f\u0131n\u0131 g\u00f6zlemledik..Siyasi partilerin il\u00e7e te\u015fkilatlar\u0131 se\u00e7imlerde boy g\u00f6stermese de partilere \u00fcye ki\u015filerin \u00e7e\u015fitli ba\u015fkan adaylar\u0131n\u0131n&nbsp; yan\u0131nda ki\u015fisel olarak yer ald\u0131\u011f\u0131n\u0131 ve destek verdi\u011fini g\u00f6rd\u00fck.<\/p>\n\n\n\n<p>Pazarc\u0131lar odas\u0131nda iki h\u0131s\u0131m bir kez daha kar\u015f\u0131 kar\u015f\u0131ya geldiler..Mevcut ba\u015fkan Mehmet Do\u011fan ile ge\u00e7mi\u015f d\u00f6nemin ba\u015fkan\u0131 Sami Dursun Do\u011fan\u2019\u0131n kar\u015f\u0131la\u015ft\u0131\u011f\u0131 se\u00e7imlerde bir\u00e7ok ki\u015fi se\u00e7imlerin \u00e7ok \u00e7eki\u015fmeli ge\u00e7ece\u011fini kazanan taraf\u0131n az bir oy fark\u0131 ile kazanaca\u011f\u0131 y\u00f6n\u00fcnde g\u00f6r\u00fc\u015f belirtirken se\u00e7imler b\u00fcy\u00fck farkla kazanan Mehmet Do\u011fan\u2019\u0131n ba\u015fkanl\u0131\u011f\u0131 g\u00f6revinde iyiden yana \u00e7al\u0131\u015fmalara imza att\u0131\u011f\u0131 ger\u00e7e\u011fi ortaya \u00e7\u0131kt\u0131..<\/p>\n\n\n\n<p>Mehmet Do\u011fan\u2019\u0131n en b\u00fcy\u00fck \u015fanslar\u0131ndan birisi hizmetle birlikte pazarc\u0131 esnaf\u0131 ile sabah\u0131n k\u00f6r\u00fcnden gecenin ge\u00e7 saatlerine dek pazarc\u0131 tezgah\u0131n\u0131 a\u00e7\u0131p kapamas\u0131..Her an,her dakika esnaf\u0131 ile birlikte olmas\u0131..Her konuda pazarc\u0131n\u0131n sorunlar\u0131na ortak olu\u015fu se\u00e7imleri yeniden farkla kazanmas\u0131nda b\u00fcy\u00fck etken oldu.<\/p>\n\n\n\n<p>Bakkallar odas\u0131na gelince Abdullah Akca\u2019n\u0131n tecr\u00fcbesi ge\u00e7mi\u015fte ya\u015fad\u0131\u011f\u0131 se\u00e7imlerde y\u0131k\u0131lmay\u0131\u015f\u0131 20 y\u0131ld\u0131r ayn\u0131 koltukta oturmas\u0131n\u0131n sebeplerinin ba\u015f\u0131nda i\u015fi iyi biliyor olmas\u0131 yat\u0131yordu..<\/p>\n\n\n\n<p>Servis\u00e7iler odas\u0131 ba\u015fkan\u0131 Mustafa Ayd\u0131n ve ekini en rahat olanlard\u0131..Bir ara rakip \u00e7\u0131kacak s\u00f6ylentilerinin bo\u015fa \u00e7\u0131kt\u0131\u011f\u0131 ve Mustafa Ayd\u0131n g\u00fcven oyu alarak yola devam etti\u011fini g\u00f6rd\u00fck.<\/p>\n\n\n\n<p>\u015eof\u00f6rler odas\u0131nda ise KO\u00c7Y\u0130\u011e\u0130T slogan\u0131 ile ola \u00e7\u0131kan ba\u015fkan Muammer \u00dcnal ilk se\u00e7imlerin ekseriyet sa\u011flanamamas\u0131 \u00fczerine iptalinden sonra ikinci se\u00e7imlerde farkl\u0131 bi\u00e7imde se\u00e7imleri alaca\u011f\u0131 kamuoyunda g\u00f6z\u00fck\u00fcyordu..Detaylar\u0131na girmeyece\u011fim \u00e7eki\u015fmeli ge\u00e7en se\u00e7im sonuncunda kazanan Muammer \u00dcnal oldu.<\/p>\n\n\n\n<p>Oda se\u00e7imlerinde kazanan t\u00fcm ba\u015fkanlar\u0131 ve y\u00f6netim kurullar\u0131n\u0131 y\u00fcrekten kutluyor,ba\u015far\u0131lar diliyorum.<\/p>\n\n\n\n<p>Haydi, kal\u0131n sa\u011fl\u0131cakla.<\/p>\n\n\n\n<p>Her \u015fey y\u00fcre\u011finize g\u00f6re olsun..<\/p>\n","protected":false},"excerpt":{"rendered":"<p>2025 y\u0131l\u0131n\u0131n Ocak ay\u0131 ba\u015flar\u0131nda ba\u015flad\u0131 Manavgat\u2019ta oda se\u00e7imleri hareketlili\u011fi bir \u00e7ok ki\u015fi saha \u00e7al\u0131\u015fmalar\u0131na ba\u015flad\u0131\u011f\u0131nda kamuoyunda g\u00fclenler oldu.. \u201cDaha uzun aylar var,sizin ba\u015fka i\u015finiz <a href=\"https:\/\/akdenizhaber.com.tr\/index.php\/2026\/01\/15\/oda-secimleri\/\" class=\"read-more-link\">[more&#8230;]<\/a><\/p>\n","protected":false},"author":2,"featured_media":31382,"comment_status":"open","ping_status":"open","sticky":false,"template":"","format":"standard","meta":{"footnotes":""},"categories":[1,2],"tags":[],"class_list":["post-31469","post","type-post","status-publish","format-standard","has-post-thumbnail","hentry","category-blog","category-gundem"],"_links":{"self":[{"href":"https:\/\/akdenizhaber.com.tr\/index.php\/wp-json\/wp\/v2\/posts\/31469","targetHints":{"allow":["GET"]}}],"collection":[{"href":"https:\/\/akdenizhaber.com.tr\/index.php\/wp-json\/wp\/v2\/posts"}],"about":[{"href":"https:\/\/akdenizhaber.com.tr\/index.php\/wp-json\/wp\/v2\/types\/post"}],"author":[{"embeddable":true,"href":"https:\/\/akdenizhaber.com.tr\/index.php\/wp-json\/wp\/v2\/users\/2"}],"replies":[{"embeddable":true,"href":"https:\/\/akdenizhaber.com.tr\/index.php\/wp-json\/wp\/v2\/comments?post=31469"}],"version-history":[{"count":1,"href":"https:\/\/akdenizhaber.com.tr\/index.php\/wp-json\/wp\/v2\/posts\/31469\/revisions"}],"predecessor-version":[{"id":31470,"href":"https:\/\/akdenizhaber.com.tr\/index.php\/wp-json\/wp\/v2\/posts\/31469\/revisions\/31470"}],"wp:featuredmedia":[{"embeddable":true,"href":"https:\/\/akdenizhaber.com.tr\/index.php\/wp-json\/wp\/v2\/media\/31382"}],"wp:attachment":[{"href":"https:\/\/akdenizhaber.com.tr\/index.php\/wp-json\/wp\/v2\/media?parent=31469"}],"wp:term":[{"taxonomy":"category","embeddable":true,"href":"https:\/\/akdenizhaber.com.tr\/index.php\/wp-json\/wp\/v2\/categories?post=31469"},{"taxonomy":"post_tag","embeddable":true,"href":"https:\/\/akdenizhaber.com.tr\/index.php\/wp-json\/wp\/v2\/tags?post=31469"}],"curies":[{"name":"wp","href":"https:\/\/api.w.org\/{rel}","templated":true}]}}