{"id":31436,"date":"2026-01-12T16:07:07","date_gmt":"2026-01-12T13:07:07","guid":{"rendered":"https:\/\/akdenizhaber.com.tr\/?p=31436"},"modified":"2026-01-12T16:07:07","modified_gmt":"2026-01-12T13:07:07","slug":"manavgatli-guresci-bozkurt-kutahyada-sampiyon-oldu","status":"publish","type":"post","link":"https:\/\/akdenizhaber.com.tr\/index.php\/2026\/01\/12\/manavgatli-guresci-bozkurt-kutahyada-sampiyon-oldu\/","title":{"rendered":"Manavgatl\u0131 G\u00fcre\u015f\u00e7i Bozkurt, K\u00fctahya&#8217;da \u015eampiyon Oldu"},"content":{"rendered":"\n<p>Manavgat Belediyesi G\u00fcre\u015f Kul\u00fcb\u00fc sporcusu Mehmet Ba\u015fkan Bozkurt, K\u00fctahya\u2019da d\u00fczenlenen Okullar Aras\u0131 Gen\u00e7ler B Grup M\u00fcsabakalar\u0131\u2019nda 92 kiloda \u015fampiyonlu\u011fa ula\u015ft\u0131.<\/p>\n\n\n\n<p>08-11 Ocak 2026 tarihleri aras\u0131nda K\u00fctahya\u2019n\u0131n ev sahipli\u011finde ger\u00e7ekle\u015ftirilen organizasyonda mindere \u00e7\u0131kan Bozkurt, rakiplerini geride b\u0131rakarak birincilik k\u00fcrs\u00fcs\u00fcne \u00e7\u0131kt\u0131.<\/p>\n\n\n\n<p>Bu sonu\u00e7la T\u00fcrkiye \u015eampiyonas\u0131\u2019na kat\u0131lma hakk\u0131 elde eden gen\u00e7 sporcu, \u015eubat ay\u0131nda \u0130stanbul\u2019da d\u00fczenlenecek \u015fampiyonada Manavgat Belediyesi G\u00fcre\u015f Kul\u00fcb\u00fc\u2019n\u00fc temsil edecek.<\/p>\n\n\n\n<p>Manavgat Belediyesi \/ B\u00fclten<\/p>\n","protected":false},"excerpt":{"rendered":"<p>Manavgat Belediyesi G\u00fcre\u015f Kul\u00fcb\u00fc sporcusu Mehmet Ba\u015fkan Bozkurt, K\u00fctahya\u2019da d\u00fczenlenen Okullar Aras\u0131 Gen\u00e7ler B Grup M\u00fcsabakalar\u0131\u2019nda 92 kiloda \u015fampiyonlu\u011fa ula\u015ft\u0131. 08-11 Ocak 2026 tarihleri aras\u0131nda <a href=\"https:\/\/akdenizhaber.com.tr\/index.php\/2026\/01\/12\/manavgatli-guresci-bozkurt-kutahyada-sampiyon-oldu\/\" class=\"read-more-link\">[more&#8230;]<\/a><\/p>\n","protected":false},"author":2,"featured_media":31437,"comment_status":"open","ping_status":"open","sticky":false,"template":"","format":"standard","meta":{"footnotes":""},"categories":[2],"tags":[],"class_list":["post-31436","post","type-post","status-publish","format-standard","has-post-thumbnail","hentry","category-gundem"],"_links":{"self":[{"href":"https:\/\/akdenizhaber.com.tr\/index.php\/wp-json\/wp\/v2\/posts\/31436","targetHints":{"allow":["GET"]}}],"collection":[{"href":"https:\/\/akdenizhaber.com.tr\/index.php\/wp-json\/wp\/v2\/posts"}],"about":[{"href":"https:\/\/akdenizhaber.com.tr\/index.php\/wp-json\/wp\/v2\/types\/post"}],"author":[{"embeddable":true,"href":"https:\/\/akdenizhaber.com.tr\/index.php\/wp-json\/wp\/v2\/users\/2"}],"replies":[{"embeddable":true,"href":"https:\/\/akdenizhaber.com.tr\/index.php\/wp-json\/wp\/v2\/comments?post=31436"}],"version-history":[{"count":1,"href":"https:\/\/akdenizhaber.com.tr\/index.php\/wp-json\/wp\/v2\/posts\/31436\/revisions"}],"predecessor-version":[{"id":31438,"href":"https:\/\/akdenizhaber.com.tr\/index.php\/wp-json\/wp\/v2\/posts\/31436\/revisions\/31438"}],"wp:featuredmedia":[{"embeddable":true,"href":"https:\/\/akdenizhaber.com.tr\/index.php\/wp-json\/wp\/v2\/media\/31437"}],"wp:attachment":[{"href":"https:\/\/akdenizhaber.com.tr\/index.php\/wp-json\/wp\/v2\/media?parent=31436"}],"wp:term":[{"taxonomy":"category","embeddable":true,"href":"https:\/\/akdenizhaber.com.tr\/index.php\/wp-json\/wp\/v2\/categories?post=31436"},{"taxonomy":"post_tag","embeddable":true,"href":"https:\/\/akdenizhaber.com.tr\/index.php\/wp-json\/wp\/v2\/tags?post=31436"}],"curies":[{"name":"wp","href":"https:\/\/api.w.org\/{rel}","templated":true}]}}