{"id":31421,"date":"2026-01-12T16:04:03","date_gmt":"2026-01-12T13:04:03","guid":{"rendered":"https:\/\/akdenizhaber.com.tr\/?p=31421"},"modified":"2026-01-12T16:04:04","modified_gmt":"2026-01-12T13:04:04","slug":"gungor-girisimlerimiz-sonuc-verdi-konaklama-tesislerinde-yangin-guvenligi-icin-sure-uzatildi","status":"publish","type":"post","link":"https:\/\/akdenizhaber.com.tr\/index.php\/2026\/01\/12\/gungor-girisimlerimiz-sonuc-verdi-konaklama-tesislerinde-yangin-guvenligi-icin-sure-uzatildi\/","title":{"rendered":"G\u00fcng\u00f6r: Giri\u015fimlerimiz Sonu\u00e7 Verdi                                   \u201cKonaklama Tesislerinde Yang\u0131n G\u00fcvenli\u011fi \u0130\u00e7in S\u00fcre Uzat\u0131ld\u0131\u201d"},"content":{"rendered":"\n<p><\/p>\n\n\n\n<p><strong>Manavgat Ticaret ve Sanayi Odas\u0131 (MATSO) Ba\u015fkan\u0131 Sn. Seydi Tahsin G\u00dcNG\u00d6R, Oda olarak y\u00fcr\u00fctt\u00fckleri giri\u015fimler neticesinde konaklama tesislerinde yang\u0131n g\u00fcvenli\u011fi eksikliklerinin giderilmesine y\u00f6nelik s\u00fcrenin 31 May\u0131s 2026 tarihine kadar uzat\u0131ld\u0131\u011f\u0131n\u0131 a\u00e7\u0131klad\u0131.<\/strong><strong><\/strong><\/p>\n\n\n\n<p><strong>10 Ocak 2026 tarihli ve 33133 say\u0131l\u0131 Resm\u00ee Gazete\u2019de yay\u0131mlanan \u0130\u015fyeri A\u00e7ma ve \u00c7al\u0131\u015fma Ruhsatlar\u0131na \u0130li\u015fkin Y\u00f6netmelikte De\u011fi\u015fiklik Yap\u0131lmas\u0131na Dair Y\u00f6netmelik ile, itfaiye raporu al\u0131nmas\u0131 gereken ancak yang\u0131n g\u00fcvenli\u011fi eksikliklerini hen\u00fcz tamamlayamam\u0131\u015f konaklama tesislerine 31 May\u0131s 2026 tarihine kadar ek s\u00fcre tan\u0131nd\u0131.<\/strong><strong><\/strong><\/p>\n\n\n\n<p><strong>MATSO Ba\u015fkan\u0131 Sn. Seydi Tahsin G\u00dcNG\u00d6R, y\u00f6netmelik de\u011fi\u015fikli\u011fi kapsam\u0131nda, Binalar\u0131n Yang\u0131ndan Korunmas\u0131 Hakk\u0131nda Y\u00f6netmelik uyar\u0131nca \u00f6zellikle malzeme temini ve uygulama s\u00fcreci gerektiren eksikliklerin giderilebilmesi amac\u0131yla i\u015fletmelere ilave zaman sa\u011fland\u0131\u011f\u0131n\u0131 vurgulad\u0131. Sn. G\u00dcNG\u00d6R, bu s\u00fcrenin yaln\u0131zca eksikliklerin tamamlanmas\u0131na y\u00f6nelik oldu\u011funun alt\u0131n\u0131 \u00e7izdi.<\/strong><strong><\/strong><\/p>\n\n\n\n<p><strong>Ba\u015fkan Sn. Seydi Tahsin G\u00dcNG\u00d6R, tan\u0131nan s\u00fcre i\u00e7inde yap\u0131lacak denetimlerde itfaiye raporunu ibraz edemeyen i\u015fletmelerin faaliyet g\u00f6steremeyece\u011fini belirterek, verilen s\u00fcreye ra\u011fmen eksikliklerin giderilmemesi halinde s\u00f6z konusu tesislerin faaliyetten men edilece\u011fini ifade etti. G\u00dcNG\u00d6R, belirtilen tarihe kadar itfaiye raporunun sunulamamas\u0131 durumunda ise i\u015fyeri a\u00e7ma ve \u00e7al\u0131\u015fma ruhsatlar\u0131n\u0131n iptal edilerek i\u015fletmelerin kapat\u0131laca\u011f\u0131n\u0131 hat\u0131rlatt\u0131.<\/strong><strong><\/strong><\/p>\n\n\n\n<p><strong>MATSO Ba\u015fkan\u0131 Sn. G\u00dcNG\u00d6R, hem i\u015fletme sahiplerinin hem de misafirlerin can ve mal g\u00fcvenli\u011finin her \u015feyden \u00f6nce geldi\u011fini vurgulayarak, \u00fcyelerin herhangi bir ma\u011fduriyet ya\u015famamas\u0131 ad\u0131na s\u00fcrecin titizlikle takip edilmesi gerekti\u011fini ifade etti. G\u00dcNG\u00d6R, t\u00fcm konaklama tesislerine \u00e7a\u011fr\u0131da bulunarak, yang\u0131n g\u00fcvenli\u011fi eksikliklerini verilen s\u00fcre i\u00e7erisinde eksiksiz \u015fekilde tamamlamalar\u0131n\u0131 ve gerekli resmi belgeleri zaman\u0131nda temin etmeleri \u00e7a\u011fr\u0131s\u0131nda bulundu.<\/strong><strong><\/strong><\/p>\n\n\n\n<p><strong>MATSO Ba\u015fkan\u0131 Sn. Seydi Tahsin G\u00dcNG\u00d6R, s\u00fcrece katk\u0131 sunan t\u00fcm kurum ve yetkililere te\u015fekk\u00fcr ederek,<\/strong><strong><\/strong><\/p>\n\n\n\n<p><strong>\u201cBu d\u00fczenlemenin hayata ge\u00e7irilmesinde ba\u015fta Cumhurba\u015fkan\u0131m\u0131z Sn. Recep Tayyip ERDO\u011eAN, \u00c7evre, \u015eehircilik ve \u0130klim De\u011fi\u015fikli\u011fi Bakan\u0131m\u0131z Sn. Murat KURUM\u2019a K\u00fclt\u00fcr ve Turizm Bakan\u0131m\u0131z Sn. Mehmet Nuri ERSOY\u2019a, AK Parti Antalya Milletvekilimiz Sn. Tuba VURAL \u00c7OKAL ve T\u00fcrkiye Odalar ve Borsalar Birli\u011fi Ba\u015fkan\u0131m\u0131z Sn. M. Rifat H\u0130SARCIKLIO\u011eLU olmak \u00fczere eme\u011fi ge\u00e7en herkese Manavgat i\u015f d\u00fcnyas\u0131 ad\u0131na \u015f\u00fckranlar\u0131m\u0131 sunuyorum.\u201d ifadelerini kulland\u0131.<\/strong><strong><\/strong><\/p>\n\n\n\n<p><strong>Manavgat Ticaret ve Sanayi Odas\u0131 \/ B\u00fclten<\/strong><\/p>\n","protected":false},"excerpt":{"rendered":"<p>Manavgat Ticaret ve Sanayi Odas\u0131 (MATSO) Ba\u015fkan\u0131 Sn. Seydi Tahsin G\u00dcNG\u00d6R, Oda olarak y\u00fcr\u00fctt\u00fckleri giri\u015fimler neticesinde konaklama tesislerinde yang\u0131n g\u00fcvenli\u011fi eksikliklerinin giderilmesine y\u00f6nelik s\u00fcrenin 31 <a href=\"https:\/\/akdenizhaber.com.tr\/index.php\/2026\/01\/12\/gungor-girisimlerimiz-sonuc-verdi-konaklama-tesislerinde-yangin-guvenligi-icin-sure-uzatildi\/\" class=\"read-more-link\">[more&#8230;]<\/a><\/p>\n","protected":false},"author":2,"featured_media":31422,"comment_status":"open","ping_status":"open","sticky":false,"template":"","format":"standard","meta":{"footnotes":""},"categories":[2],"tags":[],"class_list":["post-31421","post","type-post","status-publish","format-standard","has-post-thumbnail","hentry","category-gundem"],"_links":{"self":[{"href":"https:\/\/akdenizhaber.com.tr\/index.php\/wp-json\/wp\/v2\/posts\/31421","targetHints":{"allow":["GET"]}}],"collection":[{"href":"https:\/\/akdenizhaber.com.tr\/index.php\/wp-json\/wp\/v2\/posts"}],"about":[{"href":"https:\/\/akdenizhaber.com.tr\/index.php\/wp-json\/wp\/v2\/types\/post"}],"author":[{"embeddable":true,"href":"https:\/\/akdenizhaber.com.tr\/index.php\/wp-json\/wp\/v2\/users\/2"}],"replies":[{"embeddable":true,"href":"https:\/\/akdenizhaber.com.tr\/index.php\/wp-json\/wp\/v2\/comments?post=31421"}],"version-history":[{"count":1,"href":"https:\/\/akdenizhaber.com.tr\/index.php\/wp-json\/wp\/v2\/posts\/31421\/revisions"}],"predecessor-version":[{"id":31423,"href":"https:\/\/akdenizhaber.com.tr\/index.php\/wp-json\/wp\/v2\/posts\/31421\/revisions\/31423"}],"wp:featuredmedia":[{"embeddable":true,"href":"https:\/\/akdenizhaber.com.tr\/index.php\/wp-json\/wp\/v2\/media\/31422"}],"wp:attachment":[{"href":"https:\/\/akdenizhaber.com.tr\/index.php\/wp-json\/wp\/v2\/media?parent=31421"}],"wp:term":[{"taxonomy":"category","embeddable":true,"href":"https:\/\/akdenizhaber.com.tr\/index.php\/wp-json\/wp\/v2\/categories?post=31421"},{"taxonomy":"post_tag","embeddable":true,"href":"https:\/\/akdenizhaber.com.tr\/index.php\/wp-json\/wp\/v2\/tags?post=31421"}],"curies":[{"name":"wp","href":"https:\/\/api.w.org\/{rel}","templated":true}]}}