{"id":31418,"date":"2026-01-12T16:01:34","date_gmt":"2026-01-12T13:01:34","guid":{"rendered":"https:\/\/akdenizhaber.com.tr\/?p=31418"},"modified":"2026-01-12T16:01:35","modified_gmt":"2026-01-12T13:01:35","slug":"manavgatta-hasar-tespit-calismasi-yapildi","status":"publish","type":"post","link":"https:\/\/akdenizhaber.com.tr\/index.php\/2026\/01\/12\/manavgatta-hasar-tespit-calismasi-yapildi\/","title":{"rendered":"Manavgat\u2019ta hasar tespit \u00e7al\u0131\u015fmas\u0131 yap\u0131ld\u0131"},"content":{"rendered":"\n<p>Antalya B\u00fcy\u00fck\u015fehir Belediyesi, Manavgat\u2019\u0131n Karacalar, S\u00fclek ve K\u0131z\u0131la\u011fa\u00e7 mahallelerinde hortum nedeniyle zarar g\u00f6ren seralarda ve evlerde hasar tespiti yapt\u0131. Vatanda\u015flar\u0131n ma\u011fduriyetlerinin giderilmesi i\u00e7in destek \u00e7al\u0131\u015fmalar\u0131n\u0131n ba\u015flat\u0131laca\u011f\u0131 a\u00e7\u0131kland\u0131.<\/p>\n\n\n\n<p>Antalya B\u00fcy\u00fck\u015fehir Belediyesi, afet d\u00f6nemlerinde vatanda\u015flar\u0131n\u0131n yan\u0131nda olmay\u0131 s\u00fcrd\u00fcr\u00fcyor. Manavgat\u2019\u0131n Karacalar, S\u00fclek ve K\u0131z\u0131la\u011fa\u00e7 mahallelerinde 8 Ocak ak\u015fam\u0131 meydana gelen hortum sonras\u0131 zarar g\u00f6ren seralar ve evler Antalya B\u00fcy\u00fck\u015fehir Belediyesi ekipleri taraf\u0131ndan yerinde incelendi, hasar tespit \u00e7al\u0131\u015fmalar\u0131 yap\u0131ld\u0131.<\/p>\n\n\n\n<p>EK\u0130PLER YER\u0130NDE TESP\u0130T YAPTI<\/p>\n\n\n\n<p>Tar\u0131msal Hizmetler Dairesi Ba\u015fkanl\u0131\u011f\u0131 ekipleri taraf\u0131ndan \u00f6rt\u00fc alt\u0131 \u00fcretimin yo\u011fun oldu\u011fu b\u00f6lgelerde ger\u00e7ekle\u015ftirilen incelemelerde \u00e7ok say\u0131da serada ciddi hasar olu\u015ftu\u011fu belirlendi. Ayr\u0131ca evlerde meydana gelen zararlar Sosyal Hizmetler Dairesi Ba\u015fkanl\u0131\u011f\u0131&nbsp; ekipleri taraf\u0131ndan yerinde incelendi. Vatanda\u015flar\u0131n ma\u011fduriyetlerinin giderilmesi i\u00e7in gerekli ad\u0131mlar\u0131n at\u0131laca\u011f\u0131 ve destek mekanizmalar\u0131n\u0131n devreye al\u0131naca\u011f\u0131 ifade edildi.<br>Antalya B\u00fcy\u00fck\u015fehir Belediyesi \/ B\u00fclten<br><br><\/p>\n","protected":false},"excerpt":{"rendered":"<p>Antalya B\u00fcy\u00fck\u015fehir Belediyesi, Manavgat\u2019\u0131n Karacalar, S\u00fclek ve K\u0131z\u0131la\u011fa\u00e7 mahallelerinde hortum nedeniyle zarar g\u00f6ren seralarda ve evlerde hasar tespiti yapt\u0131. Vatanda\u015flar\u0131n ma\u011fduriyetlerinin giderilmesi i\u00e7in destek \u00e7al\u0131\u015fmalar\u0131n\u0131n <a href=\"https:\/\/akdenizhaber.com.tr\/index.php\/2026\/01\/12\/manavgatta-hasar-tespit-calismasi-yapildi\/\" class=\"read-more-link\">[more&#8230;]<\/a><\/p>\n","protected":false},"author":2,"featured_media":31419,"comment_status":"open","ping_status":"open","sticky":false,"template":"","format":"standard","meta":{"footnotes":""},"categories":[2],"tags":[],"class_list":["post-31418","post","type-post","status-publish","format-standard","has-post-thumbnail","hentry","category-gundem"],"_links":{"self":[{"href":"https:\/\/akdenizhaber.com.tr\/index.php\/wp-json\/wp\/v2\/posts\/31418","targetHints":{"allow":["GET"]}}],"collection":[{"href":"https:\/\/akdenizhaber.com.tr\/index.php\/wp-json\/wp\/v2\/posts"}],"about":[{"href":"https:\/\/akdenizhaber.com.tr\/index.php\/wp-json\/wp\/v2\/types\/post"}],"author":[{"embeddable":true,"href":"https:\/\/akdenizhaber.com.tr\/index.php\/wp-json\/wp\/v2\/users\/2"}],"replies":[{"embeddable":true,"href":"https:\/\/akdenizhaber.com.tr\/index.php\/wp-json\/wp\/v2\/comments?post=31418"}],"version-history":[{"count":1,"href":"https:\/\/akdenizhaber.com.tr\/index.php\/wp-json\/wp\/v2\/posts\/31418\/revisions"}],"predecessor-version":[{"id":31420,"href":"https:\/\/akdenizhaber.com.tr\/index.php\/wp-json\/wp\/v2\/posts\/31418\/revisions\/31420"}],"wp:featuredmedia":[{"embeddable":true,"href":"https:\/\/akdenizhaber.com.tr\/index.php\/wp-json\/wp\/v2\/media\/31419"}],"wp:attachment":[{"href":"https:\/\/akdenizhaber.com.tr\/index.php\/wp-json\/wp\/v2\/media?parent=31418"}],"wp:term":[{"taxonomy":"category","embeddable":true,"href":"https:\/\/akdenizhaber.com.tr\/index.php\/wp-json\/wp\/v2\/categories?post=31418"},{"taxonomy":"post_tag","embeddable":true,"href":"https:\/\/akdenizhaber.com.tr\/index.php\/wp-json\/wp\/v2\/tags?post=31418"}],"curies":[{"name":"wp","href":"https:\/\/api.w.org\/{rel}","templated":true}]}}