{"id":31415,"date":"2026-01-12T16:00:30","date_gmt":"2026-01-12T13:00:30","guid":{"rendered":"https:\/\/akdenizhaber.com.tr\/?p=31415"},"modified":"2026-01-12T16:00:32","modified_gmt":"2026-01-12T13:00:32","slug":"calisan-gazeteciler-gununde-basin-calisanlarina-ozel-ayricaliklar","status":"publish","type":"post","link":"https:\/\/akdenizhaber.com.tr\/index.php\/2026\/01\/12\/calisan-gazeteciler-gununde-basin-calisanlarina-ozel-ayricaliklar\/","title":{"rendered":"\u00c7al\u0131\u015fan Gazeteciler G\u00fcn\u00fc\u2019nde bas\u0131n \u00e7al\u0131\u015fanlar\u0131na \u00f6zel ayr\u0131cal\u0131klar"},"content":{"rendered":"\n<p>Bas\u0131n \u0130lan Kurumu, 10 Ocak \u00c7al\u0131\u015fan Gazeteciler G\u00fcn\u00fc\u2019nde bas\u0131n sekt\u00f6r\u00fcne y\u00f6nelik \u00f6nemli bir deste\u011fi hayata ge\u00e7irdi. T\u00fcrkiye Sigorta A.\u015e. ile y\u00fcr\u00fct\u00fclen i\u015f birli\u011fi kapsam\u0131nda bas\u0131n \u00e7al\u0131\u015fanlar\u0131 \u00e7ok say\u0131da sigorta \u00fcr\u00fcn\u00fcne y\u00fcksek oranl\u0131 indirimlerle sahip olabilecek.<\/p>\n\n\n\n<p>Bas\u0131n sekt\u00f6r\u00fc ad\u0131na kal\u0131c\u0131 ve sahada kar\u015f\u0131l\u0131\u011f\u0131 olan kazan\u0131mlar \u00fcretmeyi hedefleyen Bas\u0131n \u0130lan Kurumu, bu do\u011frultuda 10 Ocak \u00c7al\u0131\u015fan Gazeteciler G\u00fcn\u00fc\u2019nde T\u00fcrkiye Sigorta A.\u015e. ile i\u015f birli\u011fine gitti. Bas\u0131n \u0130lan Kurumu Genel M\u00fcd\u00fcr\u00fc Abdulkadir \u00c7ay ile T\u00fcrkiye Sigorta A.\u015e. Y\u00f6netim Kurulu Ba\u015fkan Vekili ve Genel M\u00fcd\u00fcr\u00fc Taha \u00c7akmak\u2019\u0131n g\u00f6r\u00fc\u015fmeleri neticesinde hayata ge\u00e7irilen \u00e7al\u0131\u015fma, bas\u0131n \u00e7al\u0131\u015fanlar\u0131n\u0131n sigorta alan\u0131ndaki desteklerden avantajl\u0131 bir \u015fekilde faydalanmas\u0131n\u0131 ama\u00e7l\u0131yor.<\/p>\n\n\n\n<p>\u0130\u015f birli\u011fi kapsam\u0131nda Bas\u0131n \u0130lan Kurumu\u2019na akredite gazete, dergi ve internet haber sitelerinde istihdam edilenler ve birinci derece yak\u0131nlar\u0131, T\u00fcrkiye Sigorta A.\u015e. taraf\u0131ndan sunulan sigorta \u00fcr\u00fcnlerinden indirimli olarak yararlanabilecek. Bas\u0131na y\u00f6nelik destekler; kasko, konut, ferdi kaza, sa\u011fl\u0131k ve seyahat sigortalar\u0131 ba\u015fta olmak \u00fczere geni\u015f bir yelpazeyi kaps\u0131yor.<\/p>\n\n\n\n<p>Bu \u00e7er\u00e7evede konut sigortas\u0131nda y\u00fczde 60, ferdi kaza sigortas\u0131nda y\u00fczde 40, kasko sigortas\u0131nda y\u00fczde 25 indirim uygulan\u0131rken; tamamlay\u0131c\u0131 sa\u011fl\u0131k, \u00f6zel sa\u011fl\u0131k, seyahat sa\u011fl\u0131k ve riskli hastal\u0131klar sigortalar\u0131nda ise y\u00fczde 20 ila y\u00fczde 25 aras\u0131nda de\u011fi\u015fen avantajlar bas\u0131n camias\u0131n\u0131n kullan\u0131m\u0131na sunuldu.<\/p>\n\n\n\n<p>Sigorta i\u015flemlerinde 12 taksitte \u00f6deme kolayl\u0131\u011f\u0131 da sa\u011flan\u0131rken, sa\u011fl\u0131k, ferdi kaza ve hayat sigortas\u0131 poli\u00e7eleri i\u00e7in \u00f6denen primlerin toplam\u0131, br\u00fct \u00fccretin y\u00fczde 15\u2019ini ve y\u0131ll\u0131k asgari \u00fccret tutar\u0131n\u0131 a\u015fmamak kayd\u0131yla vergi matrah\u0131ndan d\u00fc\u015f\u00fclebilecek. Kampanyadan faydalanabilmek i\u00e7in; Kasko, Ferdi Kaza ve Konut poli\u00e7eleri i\u00e7in gm_policeler@turkiyesigorta.com.tr mail adresi \u00fczerinden; Sa\u011fl\u0131k Sigortalar\u0131 i\u00e7inse, saglikgmpoliceler@turkiyesigorta.com.tr mail adresi \u00fczerinden ba\u015fvurulmas\u0131 gerekmektedir.<\/p>\n\n\n\n<p>\u201cSahada kar\u015f\u0131l\u0131\u011f\u0131 olan uygulamalar\u0131 s\u00fcrd\u00fcrece\u011fiz\u201d<\/p>\n\n\n\n<p>Bas\u0131n \u00e7al\u0131\u015fanlar\u0131n\u0131n yaln\u0131zca mesleki \u015fartlar\u0131n\u0131n de\u011fil, ya\u015famlar\u0131n\u0131 do\u011frudan etkileyen alanlarda da desteklenmesini \u00f6nemsediklerini belirten Bas\u0131n \u0130lan Kurumu Genel M\u00fcd\u00fcr\u00fc Abdulkadir \u00c7ay, 10 Ocak \u00c7al\u0131\u015fan Gazeteciler G\u00fcn\u00fc vesilesiyle hayata ge\u00e7irilen i\u015f birli\u011finin bas\u0131n ad\u0131na somut ve anlaml\u0131 bir kazan\u0131m oldu\u011funa dikkat \u00e7ekti.<\/p>\n\n\n\n<p>\u00c7ay, bas\u0131n mesle\u011finin yaln\u0131zca mesai saatleriyle s\u0131n\u0131rl\u0131 olmayan bir sorumluluk alan\u0131 ta\u015f\u0131d\u0131\u011f\u0131na i\u015faret ederek, \u201cBu ger\u00e7eklik, gece g\u00fcnd\u00fcz demeden, zorlu ko\u015fullarda kamuoyunu bilgilendirme sorumlulu\u011funu yerine getiren bas\u0131n emek\u00e7ilerinin sosyal g\u00fcvence ihtiya\u00e7lar\u0131n\u0131 da do\u011frudan etkilemektedir. Kurum olarak, bas\u0131n camias\u0131n\u0131n g\u00fcnl\u00fck ya\u015fam\u0131na temas eden, sahada kar\u015f\u0131l\u0131\u011f\u0131 olan ve kal\u0131c\u0131 nitelik ta\u015f\u0131yan destekleri art\u0131rarak s\u00fcrd\u00fcrme kararl\u0131l\u0131\u011f\u0131nday\u0131z\u201d ifadelerini kulland\u0131.<\/p>\n\n\n\n<p>Bas\u0131n \u0130lan Kurumu \/ B\u00fclten<\/p>\n","protected":false},"excerpt":{"rendered":"<p>Bas\u0131n \u0130lan Kurumu, 10 Ocak \u00c7al\u0131\u015fan Gazeteciler G\u00fcn\u00fc\u2019nde bas\u0131n sekt\u00f6r\u00fcne y\u00f6nelik \u00f6nemli bir deste\u011fi hayata ge\u00e7irdi. T\u00fcrkiye Sigorta A.\u015e. ile y\u00fcr\u00fct\u00fclen i\u015f birli\u011fi kapsam\u0131nda bas\u0131n <a href=\"https:\/\/akdenizhaber.com.tr\/index.php\/2026\/01\/12\/calisan-gazeteciler-gununde-basin-calisanlarina-ozel-ayricaliklar\/\" class=\"read-more-link\">[more&#8230;]<\/a><\/p>\n","protected":false},"author":2,"featured_media":31416,"comment_status":"open","ping_status":"open","sticky":false,"template":"","format":"standard","meta":{"footnotes":""},"categories":[2],"tags":[],"class_list":["post-31415","post","type-post","status-publish","format-standard","has-post-thumbnail","hentry","category-gundem"],"_links":{"self":[{"href":"https:\/\/akdenizhaber.com.tr\/index.php\/wp-json\/wp\/v2\/posts\/31415","targetHints":{"allow":["GET"]}}],"collection":[{"href":"https:\/\/akdenizhaber.com.tr\/index.php\/wp-json\/wp\/v2\/posts"}],"about":[{"href":"https:\/\/akdenizhaber.com.tr\/index.php\/wp-json\/wp\/v2\/types\/post"}],"author":[{"embeddable":true,"href":"https:\/\/akdenizhaber.com.tr\/index.php\/wp-json\/wp\/v2\/users\/2"}],"replies":[{"embeddable":true,"href":"https:\/\/akdenizhaber.com.tr\/index.php\/wp-json\/wp\/v2\/comments?post=31415"}],"version-history":[{"count":1,"href":"https:\/\/akdenizhaber.com.tr\/index.php\/wp-json\/wp\/v2\/posts\/31415\/revisions"}],"predecessor-version":[{"id":31417,"href":"https:\/\/akdenizhaber.com.tr\/index.php\/wp-json\/wp\/v2\/posts\/31415\/revisions\/31417"}],"wp:featuredmedia":[{"embeddable":true,"href":"https:\/\/akdenizhaber.com.tr\/index.php\/wp-json\/wp\/v2\/media\/31416"}],"wp:attachment":[{"href":"https:\/\/akdenizhaber.com.tr\/index.php\/wp-json\/wp\/v2\/media?parent=31415"}],"wp:term":[{"taxonomy":"category","embeddable":true,"href":"https:\/\/akdenizhaber.com.tr\/index.php\/wp-json\/wp\/v2\/categories?post=31415"},{"taxonomy":"post_tag","embeddable":true,"href":"https:\/\/akdenizhaber.com.tr\/index.php\/wp-json\/wp\/v2\/tags?post=31415"}],"curies":[{"name":"wp","href":"https:\/\/api.w.org\/{rel}","templated":true}]}}