{"id":31409,"date":"2026-01-12T15:59:11","date_gmt":"2026-01-12T12:59:11","guid":{"rendered":"https:\/\/akdenizhaber.com.tr\/?p=31409"},"modified":"2026-01-12T15:59:12","modified_gmt":"2026-01-12T12:59:12","slug":"buyuksehirden-sokak-kopeklerine-ozel-yasam-alani","status":"publish","type":"post","link":"https:\/\/akdenizhaber.com.tr\/index.php\/2026\/01\/12\/buyuksehirden-sokak-kopeklerine-ozel-yasam-alani\/","title":{"rendered":"B\u00fcy\u00fck\u015fehir\u2019den sokak k\u00f6peklerine \u00f6zel ya\u015fam alan\u0131"},"content":{"rendered":"\n<p>Antalya\u2019da ya\u015fayan sahipsiz can dostlar\u0131 i\u00e7in T\u00fcrkiye\u2019nin en modern tesislerinden biri olan Sokak Hayvanlar\u0131 Ge\u00e7ici Bak\u0131mevi ve Rehabilitasyon Merkezi\u2019ni hayata ge\u00e7iren Antalya B\u00fcy\u00fck\u015fehir Belediyesi, k\u00f6peklerin sa\u011fl\u0131kl\u0131, g\u00fcvenli ve do\u011fayla i\u00e7 i\u00e7e bir ortamda ya\u015famlar\u0131n\u0131 s\u00fcrd\u00fcrebilmeleri amac\u0131yla do\u011fal ya\u015fam alan\u0131 kapasitesini art\u0131rd\u0131.<\/p>\n\n\n\n<p>Antalya B\u00fcy\u00fck\u015fehir Belediyesi\u2019nin Kepez il\u00e7esine ba\u011fl\u0131 Kiri\u015f\u00e7iler Mahallesi\u2019nde 2023 y\u0131l\u0131nda hizmete a\u00e7t\u0131\u011f\u0131 ve bug\u00fcne kadar bir\u00e7ok sokak hayvan\u0131na umut olan Ge\u00e7ici Bak\u0131mevi ve Rehabilitasyon Merkezi, geni\u015f bar\u0131nak ve ya\u015fam alanlar\u0131n\u0131n yan\u0131 s\u0131ra yerden \u0131s\u0131tmal\u0131 ve modern so\u011futma sistemleriyle can dostlara g\u00fcvenli bir yuva sunmaya devam ediyor. \u0130lk etapta 42 d\u00f6n\u00fcm alan \u00fczerinde kurulan tesis, ger\u00e7ekle\u015ftirilen 42 d\u00f6n\u00fcml\u00fck geni\u015fletme \u00e7al\u0131\u015fmas\u0131yla birlikte toplam 84 d\u00f6n\u00fcm alana ula\u015ft\u0131.<\/p>\n\n\n\n<p>42 D\u00d6N\u00dcML\u00dcK EK ALAN A\u00c7ILDI<\/p>\n\n\n\n<p>Veteriner \u0130\u015fleri Dairesi Ba\u015fkan\u0131 Asl\u0131 K\u0131l\u0131\u00e7, 5199 say\u0131l\u0131 Hayvanlar\u0131 Koruma Kanunu ve ilgili y\u00f6netmelikler kapsam\u0131nda sorumluluklar\u0131nda bulunan k\u00f6pek do\u011fal ya\u015fam alan\u0131n\u0131, hayvan refah\u0131n\u0131 esas alarak planlad\u0131klar\u0131n\u0131 ve hizmete a\u00e7t\u0131klar\u0131n\u0131 s\u00f6yledi. K\u0131l\u0131\u00e7 \u201cMevzuat gere\u011fi sahipsiz hayvanlar\u0131n k\u0131s\u0131rla\u015ft\u0131r\u0131lmas\u0131, tedavi edilmesi, rehabilite edilmesi ve uygun ko\u015fullarda ya\u015famlar\u0131n\u0131 s\u00fcrd\u00fcrmesi yerel y\u00f6netimlerin temel g\u00f6revleri aras\u0131nda yer al\u0131yor. Bu kapsamda daha \u00f6nce 42 d\u00f6n\u00fcm alanda hizmet veren bak\u0131mevimize ek olarak 42 d\u00f6n\u00fcml\u00fck yeni bir do\u011fal ya\u015fam alan\u0131 olu\u015fturarak toplam 84 d\u00f6n\u00fcm alanda hizmet vermeye ba\u015flad\u0131k\u201d dedi.<\/p>\n\n\n\n<p>K\u00d6PEKLER \u0130\u00c7\u0130N KALICI VE G\u00dcVENL\u0130 YA\u015eAM ALANI<\/p>\n\n\n\n<p>Asl\u0131 K\u0131l\u0131\u00e7 42 bin metrekare alan \u00fczerinde yeni bir alan\u0131 olu\u015fturduklar\u0131n\u0131 s\u00f6yledi. K\u0131l\u0131\u00e7, \u201cTesis i\u00e7erisinde hayvanlar\u0131n iklim ko\u015fullar\u0131ndan korunmas\u0131n\u0131 sa\u011flayan a\u00e7\u0131k ve kapal\u0131 bar\u0131nma alanlar\u0131, birbirleriyle uyum durumlar\u0131na g\u00f6re ayr\u0131\u015ft\u0131r\u0131lm\u0131\u015f ya\u015fam alanlar\u0131, beslenme ve su alanlar\u0131 ile veteriner hekimlerimiz taraf\u0131ndan d\u00fczenli olarak takip edilen kontrol ve g\u00f6zlem alanlar\u0131 bulunuyor. \u0130l\u00e7e belediyelerimizle imzalad\u0131\u011f\u0131m\u0131z protokol do\u011frultusunda, tedavi ve rehabilitasyon s\u00fcreci tamamlan\u0131p sahiplendirilemeyen k\u00f6peklerin bu do\u011fal ya\u015fam alan\u0131nda \u00f6m\u00fcr boyu g\u00fcvenli ve sa\u011fl\u0131kl\u0131 ko\u015fullarda ya\u015famalar\u0131n\u0131 sa\u011fl\u0131yoruz. Amac\u0131m\u0131z sokak hayvanlar\u0131 konusunda ge\u00e7ici \u00e7\u00f6z\u00fcmler yerine kal\u0131c\u0131 ve mevzuata uygun uygulamalar\u0131 hayata ge\u00e7irmek\u201d ifadelerini kulland\u0131.<\/p>\n\n\n\n<p>Antalya B\u00fcy\u00fck\u015fehir Belediyesi \/ B\u00fclten<\/p>\n","protected":false},"excerpt":{"rendered":"<p>Antalya\u2019da ya\u015fayan sahipsiz can dostlar\u0131 i\u00e7in T\u00fcrkiye\u2019nin en modern tesislerinden biri olan Sokak Hayvanlar\u0131 Ge\u00e7ici Bak\u0131mevi ve Rehabilitasyon Merkezi\u2019ni hayata ge\u00e7iren Antalya B\u00fcy\u00fck\u015fehir Belediyesi, k\u00f6peklerin <a href=\"https:\/\/akdenizhaber.com.tr\/index.php\/2026\/01\/12\/buyuksehirden-sokak-kopeklerine-ozel-yasam-alani\/\" class=\"read-more-link\">[more&#8230;]<\/a><\/p>\n","protected":false},"author":2,"featured_media":31410,"comment_status":"open","ping_status":"open","sticky":false,"template":"","format":"standard","meta":{"footnotes":""},"categories":[2],"tags":[],"class_list":["post-31409","post","type-post","status-publish","format-standard","has-post-thumbnail","hentry","category-gundem"],"_links":{"self":[{"href":"https:\/\/akdenizhaber.com.tr\/index.php\/wp-json\/wp\/v2\/posts\/31409","targetHints":{"allow":["GET"]}}],"collection":[{"href":"https:\/\/akdenizhaber.com.tr\/index.php\/wp-json\/wp\/v2\/posts"}],"about":[{"href":"https:\/\/akdenizhaber.com.tr\/index.php\/wp-json\/wp\/v2\/types\/post"}],"author":[{"embeddable":true,"href":"https:\/\/akdenizhaber.com.tr\/index.php\/wp-json\/wp\/v2\/users\/2"}],"replies":[{"embeddable":true,"href":"https:\/\/akdenizhaber.com.tr\/index.php\/wp-json\/wp\/v2\/comments?post=31409"}],"version-history":[{"count":1,"href":"https:\/\/akdenizhaber.com.tr\/index.php\/wp-json\/wp\/v2\/posts\/31409\/revisions"}],"predecessor-version":[{"id":31411,"href":"https:\/\/akdenizhaber.com.tr\/index.php\/wp-json\/wp\/v2\/posts\/31409\/revisions\/31411"}],"wp:featuredmedia":[{"embeddable":true,"href":"https:\/\/akdenizhaber.com.tr\/index.php\/wp-json\/wp\/v2\/media\/31410"}],"wp:attachment":[{"href":"https:\/\/akdenizhaber.com.tr\/index.php\/wp-json\/wp\/v2\/media?parent=31409"}],"wp:term":[{"taxonomy":"category","embeddable":true,"href":"https:\/\/akdenizhaber.com.tr\/index.php\/wp-json\/wp\/v2\/categories?post=31409"},{"taxonomy":"post_tag","embeddable":true,"href":"https:\/\/akdenizhaber.com.tr\/index.php\/wp-json\/wp\/v2\/tags?post=31409"}],"curies":[{"name":"wp","href":"https:\/\/api.w.org\/{rel}","templated":true}]}}