{"id":31403,"date":"2026-01-10T12:23:15","date_gmt":"2026-01-10T09:23:15","guid":{"rendered":"https:\/\/akdenizhaber.com.tr\/?p=31403"},"modified":"2026-01-10T12:23:16","modified_gmt":"2026-01-10T09:23:16","slug":"serviscilerden-mustafa-aydina-guven-oyu","status":"publish","type":"post","link":"https:\/\/akdenizhaber.com.tr\/index.php\/2026\/01\/10\/serviscilerden-mustafa-aydina-guven-oyu\/","title":{"rendered":"Servis\u00e7ilerden Mustafa Ayd\u0131n\u2019a G\u00fcven Oyu"},"content":{"rendered":"\n<p>Manavgat Servis Arac\u0131 \u0130\u015fletmecileri Esnaf Odas\u0131\u2019n\u0131n 6. Ola\u011fan Genel Kurulu tek liste ile girilen se\u00e7imler sonucunda Mustafa Ayd\u0131n ve y\u00f6netim kurulu \u00fcyeleri delegelerden tam not ald\u0131.<\/p>\n\n\n\n<figure class=\"wp-block-image size-large\"><img loading=\"lazy\" decoding=\"async\" width=\"1024\" height=\"683\" src=\"https:\/\/akdenizhaber.com.tr\/wp-content\/uploads\/2026\/01\/c3b5fcde-3be9-4d43-b626-251a73c2e863-1024x683.jpeg\" alt=\"\" class=\"wp-image-31405\" srcset=\"https:\/\/akdenizhaber.com.tr\/wp-content\/uploads\/2026\/01\/c3b5fcde-3be9-4d43-b626-251a73c2e863-1024x683.jpeg 1024w, https:\/\/akdenizhaber.com.tr\/wp-content\/uploads\/2026\/01\/c3b5fcde-3be9-4d43-b626-251a73c2e863-300x200.jpeg 300w, https:\/\/akdenizhaber.com.tr\/wp-content\/uploads\/2026\/01\/c3b5fcde-3be9-4d43-b626-251a73c2e863-768x512.jpeg 768w, https:\/\/akdenizhaber.com.tr\/wp-content\/uploads\/2026\/01\/c3b5fcde-3be9-4d43-b626-251a73c2e863.jpeg 1066w\" sizes=\"auto, (max-width: 1024px) 100vw, 1024px\" \/><\/figure>\n\n\n\n<p>Manavgat Belediyesi Atat\u00fcrk K\u00fclt\u00fcr Merkezi\u2019nde ger\u00e7ekle\u015ftirilen genel kurula servis\u00e7i esnaf\u0131 yo\u011fun ilgi g\u00f6sterdi.<\/p>\n\n\n\n<p>Divan ba\u015fkanl\u0131\u011f\u0131n\u0131 \u00fcstlenen oda ba\u015fkanlar\u0131, siyasi parti temsilcileri ve belediye yetkililerinin de haz\u0131r bulundu\u011fu kurulda, faaliyet raporlar\u0131 ve gelecek d\u00f6nem projeleri \u00fcyelerle payla\u015f\u0131ld\u0131. Se\u00e7ime tek aday olarak kat\u0131lan Mustafa Ayd\u0131n, t\u00fcm kat\u0131l\u0131mc\u0131lara te\u015fekk\u00fcr etti.<\/p>\n\n\n\n<p>Se\u00e7imin sona ermesi ile birlikte Manavgat Servis Arac\u0131 \u0130\u015fletmecileri Esnaf Odas\u0131 Ba\u015fkan\u0131 Mustafa Ayd\u0131n, kendisine ve y\u00f6netime kuruluna g\u00f6sterilen ilgi ve destekten dolay\u0131 duydu\u011fu mutlulu\u011fu dile getirerek \u201cOdam\u0131z\u0131n 6. Ola\u011fan Genel Kurul toplant\u0131s\u0131n\u0131 ba\u015far\u0131yla tamamlad\u0131k. Bizleri bu g\u00f6reve yeniden lay\u0131k g\u00f6ren \u00e7ok k\u0131ymetli \u00fcyelerimize y\u00fcrekler dolusu te\u015fekk\u00fcrlerimi sunuyorum. Genel kurulumuzun mesle\u011fimiz ad\u0131na hay\u0131rl\u0131 olmas\u0131n\u0131 temenni ediyorum,\u201d dedi.<\/p>\n\n\n\n<p>Yeni y\u00f6netimin \u00f6n\u00fcm\u00fczdeki d\u00f6nem i\u00e7inde ayn\u0131 kararl\u0131l\u0131kla g\u00f6revine devam edece\u011fini ifade eden Ba\u015fkan Ayd\u0131n, \u015f\u00f6yle konu\u015ftu; \u201cG\u00f6rev alan arkada\u015flar\u0131m\u0131zla birlikte, \u00fcyelerimiz i\u00e7in \u00fcst\u00fcn gayret ve \u00e7abalar\u0131m\u0131zla hizmet vermeye devam edece\u011fiz. Bizleri yaln\u0131z b\u0131rakmayan belediye ba\u015fkan vekilimize, oda ve kooperatif ba\u015fkanlar\u0131m\u0131za, siyasi parti temsilcilerimize ve t\u00fcm misafirlerimize \u015f\u00fckranlar\u0131m\u0131 sunuyorum.\u201d<\/p>\n\n\n\n<p>B\u00fc\u015fra Deveci \/ Haber<\/p>\n","protected":false},"excerpt":{"rendered":"<p>Manavgat Servis Arac\u0131 \u0130\u015fletmecileri Esnaf Odas\u0131\u2019n\u0131n 6. Ola\u011fan Genel Kurulu tek liste ile girilen se\u00e7imler sonucunda Mustafa Ayd\u0131n ve y\u00f6netim kurulu \u00fcyeleri delegelerden tam not <a href=\"https:\/\/akdenizhaber.com.tr\/index.php\/2026\/01\/10\/serviscilerden-mustafa-aydina-guven-oyu\/\" class=\"read-more-link\">[more&#8230;]<\/a><\/p>\n","protected":false},"author":2,"featured_media":31404,"comment_status":"open","ping_status":"open","sticky":false,"template":"","format":"standard","meta":{"footnotes":""},"categories":[2],"tags":[],"class_list":["post-31403","post","type-post","status-publish","format-standard","has-post-thumbnail","hentry","category-gundem"],"_links":{"self":[{"href":"https:\/\/akdenizhaber.com.tr\/index.php\/wp-json\/wp\/v2\/posts\/31403","targetHints":{"allow":["GET"]}}],"collection":[{"href":"https:\/\/akdenizhaber.com.tr\/index.php\/wp-json\/wp\/v2\/posts"}],"about":[{"href":"https:\/\/akdenizhaber.com.tr\/index.php\/wp-json\/wp\/v2\/types\/post"}],"author":[{"embeddable":true,"href":"https:\/\/akdenizhaber.com.tr\/index.php\/wp-json\/wp\/v2\/users\/2"}],"replies":[{"embeddable":true,"href":"https:\/\/akdenizhaber.com.tr\/index.php\/wp-json\/wp\/v2\/comments?post=31403"}],"version-history":[{"count":1,"href":"https:\/\/akdenizhaber.com.tr\/index.php\/wp-json\/wp\/v2\/posts\/31403\/revisions"}],"predecessor-version":[{"id":31406,"href":"https:\/\/akdenizhaber.com.tr\/index.php\/wp-json\/wp\/v2\/posts\/31403\/revisions\/31406"}],"wp:featuredmedia":[{"embeddable":true,"href":"https:\/\/akdenizhaber.com.tr\/index.php\/wp-json\/wp\/v2\/media\/31404"}],"wp:attachment":[{"href":"https:\/\/akdenizhaber.com.tr\/index.php\/wp-json\/wp\/v2\/media?parent=31403"}],"wp:term":[{"taxonomy":"category","embeddable":true,"href":"https:\/\/akdenizhaber.com.tr\/index.php\/wp-json\/wp\/v2\/categories?post=31403"},{"taxonomy":"post_tag","embeddable":true,"href":"https:\/\/akdenizhaber.com.tr\/index.php\/wp-json\/wp\/v2\/tags?post=31403"}],"curies":[{"name":"wp","href":"https:\/\/api.w.org\/{rel}","templated":true}]}}