{"id":31400,"date":"2026-01-08T16:56:53","date_gmt":"2026-01-08T13:56:53","guid":{"rendered":"https:\/\/akdenizhaber.com.tr\/?p=31400"},"modified":"2026-01-08T16:56:53","modified_gmt":"2026-01-08T13:56:53","slug":"mastob-baskani-zafer-sural-manavgat-icin-siyaset-ustu-birlik-zamani","status":"publish","type":"post","link":"https:\/\/akdenizhaber.com.tr\/index.php\/2026\/01\/08\/mastob-baskani-zafer-sural-manavgat-icin-siyaset-ustu-birlik-zamani\/","title":{"rendered":"MASTOB Ba\u015fkan\u0131 Zafer S\u00fcral: &#8220;Manavgat \u0130\u00e7in Siyaset \u00dcst\u00fc Birlik Zaman\u0131&#8221;"},"content":{"rendered":"\n<p>Manavgat Side Turistik Otelciler Birli\u011fi Ba\u015fkan\u0131 Zafer S\u00fcral, Manavgat Belediye Ba\u015fkan Vekili Mehmet \u00c7i\u00e7ek\u2019in y\u0131l\u0131n ilk meclis toplant\u0131s\u0131ndaki kucaklay\u0131c\u0131 konu\u015fmas\u0131na tam destek verdi. S\u00fcral, Manavgat\u2019\u0131n ekonomik g\u00fcc\u00fcne ve k\u00f6kl\u00fc dayan\u0131\u015fma k\u00fclt\u00fcr\u00fcne dikkat \u00e7ekerek, t\u00fcm payda\u015flar\u0131 &#8220;ta\u015f\u0131n alt\u0131na elini koymaya&#8221; davet etti.<\/p>\n\n\n\n<p>&#8220;Mehmet \u00c7i\u00e7ek Kahramanca M\u00fccadele Ediyor&#8221; Belediye Ba\u015fkan Vekili Mehmet \u00c7i\u00e7ek\u2019in zorlu bir d\u00f6nemde \u00f6nemli bir sorumluluk \u00fcstlendi\u011fini belirten Zafer S\u00fcral; \u201cSay\u0131n \u00c7i\u00e7ek, Manavgat\u2019\u0131n en zor zaman\u0131nda t\u00fcm olumsuzluklara ra\u011fmen kahramanca bir m\u00fccadele sergiliyor. Mecliste sergiledi\u011fi siyaset \u00fcst\u00fc ve kucaklay\u0131c\u0131 tav\u0131r, hepimizin ortak paydas\u0131 olan Manavgat sevdas\u0131yla \u00f6rt\u00fc\u015fmektedir,\u201d dedi.<\/p>\n\n\n\n<p>&#8220;55 \u0130lden B\u00fcy\u00fck Bir Ekonomiyiz&#8221; Manavgat\u2019\u0131n T\u00fcrkiye ekonomisindeki stratejik \u00f6nemine de\u011finen S\u00fcral, bir il\u00e7e olmalar\u0131na ra\u011fmen 55 ilin toplam\u0131ndan daha b\u00fcy\u00fck bir ekonomik hacme sahip olduklar\u0131n\u0131 hat\u0131rlatt\u0131. Bu potansiyelin ancak birlik ve beraberlikle korunabilece\u011fini vurgulayan S\u00fcral, \u015fu ifadeleri kulland\u0131: \u201cBa\u015fta otelcilerimiz olmak \u00fczere t\u00fcm hem\u015ferilerimizle bir b\u00fct\u00fcn olmal\u0131y\u0131z. Manavgat\u2019\u0131m\u0131z\u0131 hak etti\u011fi noktaya ancak omuz omuza vererek ta\u015f\u0131yabiliriz.\u201d<\/p>\n\n\n\n<p>Y\u00f6r\u00fck K\u00fclt\u00fcr\u00fc ve Dayan\u0131\u015fma Miras\u0131 A\u00e7\u0131klamas\u0131nda ge\u00e7mi\u015fin yard\u0131mla\u015fma ruhuna da de\u011finen S\u00fcral, atalar\u0131m\u0131z\u0131n 30-40 y\u0131l \u00f6nce hayvanc\u0131l\u0131k ve \u00e7ift\u00e7ilikle u\u011fra\u015ft\u0131\u011f\u0131 d\u00f6nemlerdeki bir somun ekme\u011fi b\u00f6l\u00fc\u015fme k\u00fclt\u00fcr\u00fcn\u00fc hat\u0131rlatt\u0131. S\u00fcral, \u201cBizleri bug\u00fcnlere ta\u015f\u0131yan o yard\u0131mla\u015fma ruhudur. Atalar\u0131m\u0131z\u0131n miras\u0131na yak\u0131\u015f\u0131r \u015fekilde, daha ayd\u0131nl\u0131k bir gelecek i\u00e7in herkesi birlik olmaya davet ediyorum,\u201d diyerek s\u00f6zlerini noktalad\u0131.<\/p>\n\n\n\n<p>B\u00fc\u015fra Deveci \/ Haber<\/p>\n","protected":false},"excerpt":{"rendered":"<p>Manavgat Side Turistik Otelciler Birli\u011fi Ba\u015fkan\u0131 Zafer S\u00fcral, Manavgat Belediye Ba\u015fkan Vekili Mehmet \u00c7i\u00e7ek\u2019in y\u0131l\u0131n ilk meclis toplant\u0131s\u0131ndaki kucaklay\u0131c\u0131 konu\u015fmas\u0131na tam destek verdi. S\u00fcral, Manavgat\u2019\u0131n <a href=\"https:\/\/akdenizhaber.com.tr\/index.php\/2026\/01\/08\/mastob-baskani-zafer-sural-manavgat-icin-siyaset-ustu-birlik-zamani\/\" class=\"read-more-link\">[more&#8230;]<\/a><\/p>\n","protected":false},"author":2,"featured_media":31334,"comment_status":"open","ping_status":"open","sticky":false,"template":"","format":"standard","meta":{"footnotes":""},"categories":[2],"tags":[],"class_list":["post-31400","post","type-post","status-publish","format-standard","has-post-thumbnail","hentry","category-gundem"],"_links":{"self":[{"href":"https:\/\/akdenizhaber.com.tr\/index.php\/wp-json\/wp\/v2\/posts\/31400","targetHints":{"allow":["GET"]}}],"collection":[{"href":"https:\/\/akdenizhaber.com.tr\/index.php\/wp-json\/wp\/v2\/posts"}],"about":[{"href":"https:\/\/akdenizhaber.com.tr\/index.php\/wp-json\/wp\/v2\/types\/post"}],"author":[{"embeddable":true,"href":"https:\/\/akdenizhaber.com.tr\/index.php\/wp-json\/wp\/v2\/users\/2"}],"replies":[{"embeddable":true,"href":"https:\/\/akdenizhaber.com.tr\/index.php\/wp-json\/wp\/v2\/comments?post=31400"}],"version-history":[{"count":1,"href":"https:\/\/akdenizhaber.com.tr\/index.php\/wp-json\/wp\/v2\/posts\/31400\/revisions"}],"predecessor-version":[{"id":31401,"href":"https:\/\/akdenizhaber.com.tr\/index.php\/wp-json\/wp\/v2\/posts\/31400\/revisions\/31401"}],"wp:featuredmedia":[{"embeddable":true,"href":"https:\/\/akdenizhaber.com.tr\/index.php\/wp-json\/wp\/v2\/media\/31334"}],"wp:attachment":[{"href":"https:\/\/akdenizhaber.com.tr\/index.php\/wp-json\/wp\/v2\/media?parent=31400"}],"wp:term":[{"taxonomy":"category","embeddable":true,"href":"https:\/\/akdenizhaber.com.tr\/index.php\/wp-json\/wp\/v2\/categories?post=31400"},{"taxonomy":"post_tag","embeddable":true,"href":"https:\/\/akdenizhaber.com.tr\/index.php\/wp-json\/wp\/v2\/tags?post=31400"}],"curies":[{"name":"wp","href":"https:\/\/api.w.org\/{rel}","templated":true}]}}