{"id":31397,"date":"2026-01-08T16:56:28","date_gmt":"2026-01-08T13:56:28","guid":{"rendered":"https:\/\/akdenizhaber.com.tr\/?p=31397"},"modified":"2026-01-08T16:56:29","modified_gmt":"2026-01-08T13:56:29","slug":"soforler-odasi-baskani-muammer-unal-meydandan-pazartesi-de-kacmayin","status":"publish","type":"post","link":"https:\/\/akdenizhaber.com.tr\/index.php\/2026\/01\/08\/soforler-odasi-baskani-muammer-unal-meydandan-pazartesi-de-kacmayin\/","title":{"rendered":"\u015eof\u00f6rler Odas\u0131 Ba\u015fkan\u0131 Muammer \u00dcnal; &#8220;MEYDANDAN, PAZARTES\u0130 DE KA\u00c7MAYIN&#8221;"},"content":{"rendered":"\n<p><\/p>\n\n\n\n<p>Manavgat \u015eof\u00f6rler ve Otomobilciler Odas\u0131n\u0131n 21. Ola\u011fan Genel Kurul Toplant\u0131s\u0131, beklenen kat\u0131l\u0131m\u0131n ger\u00e7ekle\u015fmemesi \u00fczerine ertelendi. Manavgat Belediyesi Atat\u00fcrk K\u00fclt\u00fcr Merkezi\u2019nde yap\u0131lmas\u0131 planlanan genel kurulda, salt \u00e7o\u011funluk olan 1750 imzaya ula\u015f\u0131lamad\u0131. Kurulun, 12 Ocak Pazartesi g\u00fcn\u00fc \u00e7o\u011funluk aranmaks\u0131z\u0131n toplanaca\u011f\u0131 a\u00e7\u0131kland\u0131.<\/p>\n\n\n\n<p>Gerekli imza say\u0131s\u0131n\u0131n toplanamad\u0131\u011f\u0131n\u0131n resmi olarak duyurulmas\u0131n\u0131n ard\u0131ndan, mevcut Ba\u015fkan Muammer \u00dcnal konuyla ilgili \u015f\u00f6yle konu\u015ftu;<\/p>\n\n\n\n<p>&#8220;Hukukun m\u00fcsaade etti\u011fi, demokratik ko\u015fullar\u0131n sa\u011fland\u0131\u011f\u0131 bir g\u00fcnde, se\u00e7imini ger\u00e7ekle\u015ftirmeye gelmi\u015f \u015fof\u00f6r camias\u0131ndaki t\u00fcm abi, abla, karde\u015flerime te\u015fekk\u00fcr ediyorum. Bu kalabal\u0131\u011f\u0131, bu birlik beraberli\u011fi g\u00f6ren g\u00f6zlerimiz yan\u0131lmaz. Sizlerin iradesini, \u015fahsi ve nafile hesaplar\u0131na feda edenleri bu zihinler unutmaz. Bilmezler mi ki; bizim gibiler, g\u00f6n\u00fcl verdi\u011fine emek vermekten ka\u00e7\u0131nmaz. Selin \u00f6n\u00fcnde durulmaz. G\u00fcne\u015f, bal\u00e7\u0131kla s\u0131vanmaz.&nbsp;&nbsp; Bu y\u00fczden te\u015fekk\u00fcrlerime bir istirham ekliyorum: bu birlik beraberli\u011fin g\u00fcc\u00fcn\u00fc g\u00f6stermek \u00fczere sizleri 12 Ocak&#8217;ta se\u00e7imimizi \u015fereflendirmeye bekliyorum.<\/p>\n\n\n\n<p>Yaka kartlar\u0131 boynunda, y\u00fcrekleri me\u00e7hulde Ba\u015fkan aday\u0131 ve y\u00f6netimi i\u00e7in eklemek isterim ki; sizin evdeki basit hesaplar bu \u00e7ar\u015f\u0131ya uymaz beyler.<\/p>\n\n\n\n<p>Aday ve y\u00f6netiminin Divan makam\u0131na te\u015frif edecek cesareti bulamad\u0131\u011f\u0131, meydanlarda olamad\u0131\u011f\u0131, imza att\u0131rmamak i\u00e7in \u00fcyelere yalvard\u0131\u011f\u0131, arka bah\u00e7eleri doland\u0131\u011f\u0131, se\u00e7im yok diye \u00fcyeleri kand\u0131rd\u0131\u011f\u0131, ticaret il m\u00fcd\u00fcrl\u00fc\u011f\u00fc g\u00f6revlilerinin team\u00fcllere uymad\u0131\u011f\u0131 bir g\u00fcn ya\u015fad\u0131k. Sabah\u0131nda sosyal medya hesaplar\u0131n\u0131zda &#8220;haz\u0131r\u0131z, geliyoruz&#8221; dediniz, biz de buyurun dedik. Konu se\u00e7ime, oya gelince ortadan kayboldunuz. Manavgat&#8217;\u0131m\u0131z\u0131n tabiriyle ko\u00e7 gibi dimdik durduk, duruyoruz. Sizin gibi alg\u0131dan medet ummuyoruz. O g\u00fcn o sand\u0131ktan \u00e7\u0131kacak oylardan korktu\u011funuzu da biliyoruz. Siz de biliniz ki; hedefe y\u00fcr\u00fcd\u00fc\u011f\u00fcm\u00fcz yollar, yolda\u015flar\u0131m\u0131 ve beni yormaz. O MEYDANLARDA SALINMAK Y\u0130\u011e\u0130D\u0130N ANCAK \u015eANI, MEYDAN YER\u0130 DE B\u0130ZE BAYRAM OLUR.12 Ocak&#8217;ta t\u00fcm camiam\u0131z\u0131 demokrasi bayram\u0131na davet ediyorum.&#8221;<\/p>\n\n\n\n<p>B\u00fc\u015fra Deveci \/ Haber<\/p>\n","protected":false},"excerpt":{"rendered":"<p>Manavgat \u015eof\u00f6rler ve Otomobilciler Odas\u0131n\u0131n 21. Ola\u011fan Genel Kurul Toplant\u0131s\u0131, beklenen kat\u0131l\u0131m\u0131n ger\u00e7ekle\u015fmemesi \u00fczerine ertelendi. Manavgat Belediyesi Atat\u00fcrk K\u00fclt\u00fcr Merkezi\u2019nde yap\u0131lmas\u0131 planlanan genel kurulda, salt <a href=\"https:\/\/akdenizhaber.com.tr\/index.php\/2026\/01\/08\/soforler-odasi-baskani-muammer-unal-meydandan-pazartesi-de-kacmayin\/\" class=\"read-more-link\">[more&#8230;]<\/a><\/p>\n","protected":false},"author":2,"featured_media":31398,"comment_status":"open","ping_status":"open","sticky":false,"template":"","format":"standard","meta":{"footnotes":""},"categories":[2],"tags":[],"class_list":["post-31397","post","type-post","status-publish","format-standard","has-post-thumbnail","hentry","category-gundem"],"_links":{"self":[{"href":"https:\/\/akdenizhaber.com.tr\/index.php\/wp-json\/wp\/v2\/posts\/31397","targetHints":{"allow":["GET"]}}],"collection":[{"href":"https:\/\/akdenizhaber.com.tr\/index.php\/wp-json\/wp\/v2\/posts"}],"about":[{"href":"https:\/\/akdenizhaber.com.tr\/index.php\/wp-json\/wp\/v2\/types\/post"}],"author":[{"embeddable":true,"href":"https:\/\/akdenizhaber.com.tr\/index.php\/wp-json\/wp\/v2\/users\/2"}],"replies":[{"embeddable":true,"href":"https:\/\/akdenizhaber.com.tr\/index.php\/wp-json\/wp\/v2\/comments?post=31397"}],"version-history":[{"count":1,"href":"https:\/\/akdenizhaber.com.tr\/index.php\/wp-json\/wp\/v2\/posts\/31397\/revisions"}],"predecessor-version":[{"id":31399,"href":"https:\/\/akdenizhaber.com.tr\/index.php\/wp-json\/wp\/v2\/posts\/31397\/revisions\/31399"}],"wp:featuredmedia":[{"embeddable":true,"href":"https:\/\/akdenizhaber.com.tr\/index.php\/wp-json\/wp\/v2\/media\/31398"}],"wp:attachment":[{"href":"https:\/\/akdenizhaber.com.tr\/index.php\/wp-json\/wp\/v2\/media?parent=31397"}],"wp:term":[{"taxonomy":"category","embeddable":true,"href":"https:\/\/akdenizhaber.com.tr\/index.php\/wp-json\/wp\/v2\/categories?post=31397"},{"taxonomy":"post_tag","embeddable":true,"href":"https:\/\/akdenizhaber.com.tr\/index.php\/wp-json\/wp\/v2\/tags?post=31397"}],"curies":[{"name":"wp","href":"https:\/\/api.w.org\/{rel}","templated":true}]}}