{"id":31394,"date":"2026-01-08T16:54:41","date_gmt":"2026-01-08T13:54:41","guid":{"rendered":"https:\/\/akdenizhaber.com.tr\/?p=31394"},"modified":"2026-01-08T16:54:42","modified_gmt":"2026-01-08T13:54:42","slug":"demokrat-parti-ilce-baskani-aylin-tezcan-celik-demokrat-parti-demokrasinin-teminatidir","status":"publish","type":"post","link":"https:\/\/akdenizhaber.com.tr\/index.php\/2026\/01\/08\/demokrat-parti-ilce-baskani-aylin-tezcan-celik-demokrat-parti-demokrasinin-teminatidir\/","title":{"rendered":"Demokrat Parti \u0130l\u00e7e Ba\u015fkan\u0131 Aylin Tezcan \u00c7elik; \u201cDemokrat Parti Demokrasinin Teminat\u0131d\u0131r\u201d"},"content":{"rendered":"\n<p><\/p>\n\n\n\n<p>Demokrat Parti kurulu\u015f y\u0131ld\u00f6n\u00fcm\u00fcn\u00fc t\u00fcm \u00fclke genelinde oldu\u011fu gibi il\u00e7emizde de kutlad\u0131.<\/p>\n\n\n\n<p>&nbsp;Demokrat Parti \u0130l\u00e7e Ba\u015fkan\u0131 Aylin Tezcan \u00c7elik \u201cDemokrasi m\u00fccadelesinin d\u00fcn oldu\u011fu gibi bug\u00fcn de ayakta oldu\u011funu s\u00f6yledi.<\/p>\n\n\n\n<p>7 Ocak 1946\u2019da kurulan Demokrat Parti, kurulu\u015f y\u0131ld\u00f6n\u00fcm\u00fcn\u00fc kutluyor. Demokrat Parti Manavgat \u0130l\u00e7e Ba\u015fkan\u0131 Aylin Tezcan \u00c7elik, yapt\u0131\u011f\u0131 a\u00e7\u0131klamada partilerinin demokrasi m\u00fccadelesini s\u00fcrd\u00fcrd\u00fc\u011f\u00fcn\u00fc kaydetti.<\/p>\n\n\n\n<p>Aylin Tezcan \u00c7elik yapt\u0131\u011f\u0131 a\u00e7\u0131klamada \u201cBug\u00fcn yaln\u0131zca bir siyasi partinin kurulu\u015f y\u0131l d\u00f6n\u00fcm\u00fcn\u00fc de\u011fil; T\u00fcrk siyasetinde, T\u00fcrk kamusal hayat\u0131nda demokrasi ve adalet talebinin kurumsal bir iradeye d\u00f6n\u00fc\u015ft\u00fc\u011f\u00fc, milletimizin h\u00fcrriyet umudunun yeniden ye\u015ferdi\u011fi tarihi bir e\u015fi\u011fi idrak ediyoruz.<\/p>\n\n\n\n<p>Bug\u00fcn, aradan ge\u00e7en 80 y\u0131la ra\u011fmen T\u00fcrkiye\u2019nin yeniden tek adam anlay\u0131\u015f\u0131, keyf\u00ee y\u00f6netim, hukuksuzluk ve yoksulla\u015fma sarmal\u0131na s\u00fcr\u00fcklendi\u011fini \u00fcz\u00fclerek g\u00f6r\u00fcyoruz. Devlet akl\u0131n\u0131n yerini \u015fahsi heveslerin ald\u0131\u011f\u0131, kurumlar\u0131n i\u015flevsizle\u015ftirildi\u011fi, milletin r\u0131zas\u0131n\u0131n yok say\u0131ld\u0131\u011f\u0131 bu d\u00fczen; Demokrat Parti\u2019nin hangi \u015fartlarda ve neye kar\u015f\u0131 kuruldu\u011funu bir kez daha a\u00e7\u0131k\u00e7a g\u00f6stermektedir\u201d ifadelerini kulland\u0131.<\/p>\n\n\n\n<p>Demokrat Parti Manavgat \u0130l\u00e7e Ba\u015fkan\u0131 Aylin Tezcan \u00c7elik, Partilerinin T\u00fcrk siyasetinin ve demokrasinin her zaman y\u0131lmaz bek\u00e7isi oldu\u011funu da s\u00f6zlerine ekledi.<\/p>\n\n\n\n<p>B\u00fc\u015fra Deveci&nbsp; \/Haber<\/p>\n","protected":false},"excerpt":{"rendered":"<p>Demokrat Parti kurulu\u015f y\u0131ld\u00f6n\u00fcm\u00fcn\u00fc t\u00fcm \u00fclke genelinde oldu\u011fu gibi il\u00e7emizde de kutlad\u0131. &nbsp;Demokrat Parti \u0130l\u00e7e Ba\u015fkan\u0131 Aylin Tezcan \u00c7elik \u201cDemokrasi m\u00fccadelesinin d\u00fcn oldu\u011fu gibi bug\u00fcn <a href=\"https:\/\/akdenizhaber.com.tr\/index.php\/2026\/01\/08\/demokrat-parti-ilce-baskani-aylin-tezcan-celik-demokrat-parti-demokrasinin-teminatidir\/\" class=\"read-more-link\">[more&#8230;]<\/a><\/p>\n","protected":false},"author":2,"featured_media":31395,"comment_status":"open","ping_status":"open","sticky":false,"template":"","format":"standard","meta":{"footnotes":""},"categories":[2],"tags":[],"class_list":["post-31394","post","type-post","status-publish","format-standard","has-post-thumbnail","hentry","category-gundem"],"_links":{"self":[{"href":"https:\/\/akdenizhaber.com.tr\/index.php\/wp-json\/wp\/v2\/posts\/31394","targetHints":{"allow":["GET"]}}],"collection":[{"href":"https:\/\/akdenizhaber.com.tr\/index.php\/wp-json\/wp\/v2\/posts"}],"about":[{"href":"https:\/\/akdenizhaber.com.tr\/index.php\/wp-json\/wp\/v2\/types\/post"}],"author":[{"embeddable":true,"href":"https:\/\/akdenizhaber.com.tr\/index.php\/wp-json\/wp\/v2\/users\/2"}],"replies":[{"embeddable":true,"href":"https:\/\/akdenizhaber.com.tr\/index.php\/wp-json\/wp\/v2\/comments?post=31394"}],"version-history":[{"count":1,"href":"https:\/\/akdenizhaber.com.tr\/index.php\/wp-json\/wp\/v2\/posts\/31394\/revisions"}],"predecessor-version":[{"id":31396,"href":"https:\/\/akdenizhaber.com.tr\/index.php\/wp-json\/wp\/v2\/posts\/31394\/revisions\/31396"}],"wp:featuredmedia":[{"embeddable":true,"href":"https:\/\/akdenizhaber.com.tr\/index.php\/wp-json\/wp\/v2\/media\/31395"}],"wp:attachment":[{"href":"https:\/\/akdenizhaber.com.tr\/index.php\/wp-json\/wp\/v2\/media?parent=31394"}],"wp:term":[{"taxonomy":"category","embeddable":true,"href":"https:\/\/akdenizhaber.com.tr\/index.php\/wp-json\/wp\/v2\/categories?post=31394"},{"taxonomy":"post_tag","embeddable":true,"href":"https:\/\/akdenizhaber.com.tr\/index.php\/wp-json\/wp\/v2\/tags?post=31394"}],"curies":[{"name":"wp","href":"https:\/\/api.w.org\/{rel}","templated":true}]}}