{"id":31390,"date":"2026-01-08T16:53:49","date_gmt":"2026-01-08T13:53:49","guid":{"rendered":"https:\/\/akdenizhaber.com.tr\/?p=31390"},"modified":"2026-01-08T16:53:50","modified_gmt":"2026-01-08T13:53:50","slug":"manavgatta-abdullah-doru-ruzgari-esnaftan-tam-destek-esnafimizla-guc-birligi-yaptik-kazanan-biz-olacagiz","status":"publish","type":"post","link":"https:\/\/akdenizhaber.com.tr\/index.php\/2026\/01\/08\/manavgatta-abdullah-doru-ruzgari-esnaftan-tam-destek-esnafimizla-guc-birligi-yaptik-kazanan-biz-olacagiz\/","title":{"rendered":"Manavgat\u2019ta Abdullah Doru R\u00fczgar\u0131: Esnaftan Tam Destek! &#8220;Esnaf\u0131m\u0131zla G\u00fc\u00e7 Birli\u011fi Yapt\u0131k, Kazanan Biz Olaca\u011f\u0131z!&#8221;"},"content":{"rendered":"\n<p><\/p>\n\n\n\n<p>Manavgat Esnaf ve Sanatkarlar Odas\u0131 Ba\u015fkan Aday\u0131 Abdullah Doru, 11 Ocak\u2019ta yap\u0131lacak se\u00e7imler \u00f6ncesinde saha \u00e7al\u0131\u015fmalar\u0131na h\u0131z kesmeden devam ediyor. Esnaf\u0131n yo\u011fun ilgisiyle kar\u015f\u0131la\u015fan Doru, se\u00e7im s\u00fcrecine dair \u00f6nemli a\u00e7\u0131klamalarda bulundu.<\/p>\n\n\n\n<p>\u2022Kesintisiz Saha \u00c7al\u0131\u015fmas\u0131: Doru, sand\u0131k kurulana kadar Manavgat\u2019ta elini s\u0131kmad\u0131\u011f\u0131 tek bir esnaf b\u0131rakmamay\u0131 hedefliyor.<\/p>\n\n\n\n<p>\u2022G\u00fc\u00e7l\u00fc Destek: Saha ziyaretlerinde \u00fcyelerin g\u00f6sterdi\u011fi tevecc\u00fch\u00fcn, ekibinin \u00e7al\u0131\u015fma azmini art\u0131rd\u0131\u011f\u0131n\u0131 vurguluyor.<\/p>\n\n\n\n<p>\u2022Birlikte Y\u00f6netim: Se\u00e7imi kazand\u0131ktan sonra esnafla kurdu\u011fu ba\u011f\u0131 koparmadan, &#8220;g\u00fc\u00e7 birli\u011fi&#8221; i\u00e7erisinde hizmet etmeyi vaat ediyor.<\/p>\n\n\n\n<p>&#8220;Adayl\u0131\u011f\u0131m\u0131 a\u00e7\u0131klad\u0131\u011f\u0131m g\u00fcnden bu yana esnaf\u0131m\u0131z\u0131n g\u00f6sterdi\u011fi g\u00fcven beni daha \u00e7ok kam\u00e7\u0131lad\u0131. 11 Ocak&#8217;ta sand\u0131ktan zaferle \u00e7\u0131kan ekip biz olaca\u011f\u0131z.&#8221;<\/p>\n\n\n\n<p>Manavgat Esnaf ve Sanatkarlar Odas\u0131 Ba\u015fkan Aday\u0131 Abdullah Doru, 11 Ocak\u2019ta ger\u00e7ekle\u015ftirilecek olan kritik se\u00e7im \u00f6ncesi saha \u00e7al\u0131\u015fmalar\u0131na damga vuruyor. Gitti\u011fi her noktada yo\u011fun bir ilgiyle kar\u015f\u0131lanan Doru, esnaf\u0131n g\u00f6sterdi\u011fi tevecc\u00fch\u00fcn sand\u0131\u011fa zafer olarak yans\u0131yaca\u011f\u0131n\u0131 belirtti.<\/p>\n\n\n\n<p>Se\u00e7im \u00e7al\u0131\u015fmalar\u0131 kapsam\u0131nda esnafla kurdu\u011fu g\u00fc\u00e7l\u00fc ba\u011f\u0131 &#8220;g\u00fc\u00e7 birli\u011fi&#8221; olarak tan\u0131mlayan Abdullah Doru, &#8220;Adayl\u0131\u011f\u0131m\u0131 a\u00e7\u0131klad\u0131\u011f\u0131m g\u00fcnden bu yana g\u00f6rd\u00fc\u011f\u00fcm g\u00fcven, \u00e7al\u0131\u015fma azmimizi iki kat\u0131na \u00e7\u0131kard\u0131. Sand\u0131k kurulana kadar Manavgat\u2019ta s\u0131k\u0131lmad\u0131k el, kucaklamad\u0131k esnaf b\u0131rakmayaca\u011f\u0131z,&#8221; dedi. Ekibiyle birlikte sahadan bir an bile ayr\u0131lmayan Doru, se\u00e7imden zaferle \u00e7\u0131kacaklar\u0131na olan inanc\u0131n\u0131n tam oldu\u011funu vurgulayarak t\u00fcm oda \u00fcyelerine te\u015fekk\u00fcrlerini iletti.<\/p>\n\n\n\n<p>B\u00fc\u015fra Deveci \/ Haber<\/p>\n","protected":false},"excerpt":{"rendered":"<p>Manavgat Esnaf ve Sanatkarlar Odas\u0131 Ba\u015fkan Aday\u0131 Abdullah Doru, 11 Ocak\u2019ta yap\u0131lacak se\u00e7imler \u00f6ncesinde saha \u00e7al\u0131\u015fmalar\u0131na h\u0131z kesmeden devam ediyor. Esnaf\u0131n yo\u011fun ilgisiyle kar\u015f\u0131la\u015fan Doru, <a href=\"https:\/\/akdenizhaber.com.tr\/index.php\/2026\/01\/08\/manavgatta-abdullah-doru-ruzgari-esnaftan-tam-destek-esnafimizla-guc-birligi-yaptik-kazanan-biz-olacagiz\/\" class=\"read-more-link\">[more&#8230;]<\/a><\/p>\n","protected":false},"author":2,"featured_media":31392,"comment_status":"open","ping_status":"open","sticky":false,"template":"","format":"standard","meta":{"footnotes":""},"categories":[2],"tags":[],"class_list":["post-31390","post","type-post","status-publish","format-standard","has-post-thumbnail","hentry","category-gundem"],"_links":{"self":[{"href":"https:\/\/akdenizhaber.com.tr\/index.php\/wp-json\/wp\/v2\/posts\/31390","targetHints":{"allow":["GET"]}}],"collection":[{"href":"https:\/\/akdenizhaber.com.tr\/index.php\/wp-json\/wp\/v2\/posts"}],"about":[{"href":"https:\/\/akdenizhaber.com.tr\/index.php\/wp-json\/wp\/v2\/types\/post"}],"author":[{"embeddable":true,"href":"https:\/\/akdenizhaber.com.tr\/index.php\/wp-json\/wp\/v2\/users\/2"}],"replies":[{"embeddable":true,"href":"https:\/\/akdenizhaber.com.tr\/index.php\/wp-json\/wp\/v2\/comments?post=31390"}],"version-history":[{"count":1,"href":"https:\/\/akdenizhaber.com.tr\/index.php\/wp-json\/wp\/v2\/posts\/31390\/revisions"}],"predecessor-version":[{"id":31393,"href":"https:\/\/akdenizhaber.com.tr\/index.php\/wp-json\/wp\/v2\/posts\/31390\/revisions\/31393"}],"wp:featuredmedia":[{"embeddable":true,"href":"https:\/\/akdenizhaber.com.tr\/index.php\/wp-json\/wp\/v2\/media\/31392"}],"wp:attachment":[{"href":"https:\/\/akdenizhaber.com.tr\/index.php\/wp-json\/wp\/v2\/media?parent=31390"}],"wp:term":[{"taxonomy":"category","embeddable":true,"href":"https:\/\/akdenizhaber.com.tr\/index.php\/wp-json\/wp\/v2\/categories?post=31390"},{"taxonomy":"post_tag","embeddable":true,"href":"https:\/\/akdenizhaber.com.tr\/index.php\/wp-json\/wp\/v2\/tags?post=31390"}],"curies":[{"name":"wp","href":"https:\/\/api.w.org\/{rel}","templated":true}]}}