{"id":31384,"date":"2026-01-08T16:55:15","date_gmt":"2026-01-08T13:55:15","guid":{"rendered":"https:\/\/akdenizhaber.com.tr\/?p=31384"},"modified":"2026-01-08T16:55:15","modified_gmt":"2026-01-08T13:55:15","slug":"pazarcilar-odasi-baskani-mehmet-dogan-birlik-ve-beraberligimizi-bir-kez-daha-kanitladik","status":"publish","type":"post","link":"https:\/\/akdenizhaber.com.tr\/index.php\/2026\/01\/08\/pazarcilar-odasi-baskani-mehmet-dogan-birlik-ve-beraberligimizi-bir-kez-daha-kanitladik\/","title":{"rendered":"Pazarc\u0131lar Odas\u0131 Ba\u015fkan\u0131 Mehmet Do\u011fan; \u201cBirlik ve Beraberli\u011fimizi Bir Kez Daha Kan\u0131tlad\u0131k\u201d"},"content":{"rendered":"\n<p><\/p>\n\n\n\n<p>10 Ocak g\u00fcn\u00fc yap\u0131lacak se\u00e7imler \u00f6ncesi Pazarc\u0131lar Odas\u0131 Ba\u015fkan\u0131 ve Ba\u015fkan Aday\u0131 Mehmet Do\u011fan\u2019\u0131n Birlik ve beraberlik yeme\u011fi muhte\u015fem bir kalabal\u0131\u011f\u0131n kat\u0131l\u0131m\u0131 ile d\u00fczenlendi.<\/p>\n\n\n\n<figure class=\"wp-block-image size-large is-resized\"><img loading=\"lazy\" decoding=\"async\" width=\"1024\" height=\"684\" src=\"https:\/\/akdenizhaber.com.tr\/wp-content\/uploads\/2026\/01\/9e798139-0ccf-4982-9f8d-34ae74ce7657-1024x684.jpeg\" alt=\"\" class=\"wp-image-31388\" style=\"width:515px;height:auto\" srcset=\"https:\/\/akdenizhaber.com.tr\/wp-content\/uploads\/2026\/01\/9e798139-0ccf-4982-9f8d-34ae74ce7657-1024x684.jpeg 1024w, https:\/\/akdenizhaber.com.tr\/wp-content\/uploads\/2026\/01\/9e798139-0ccf-4982-9f8d-34ae74ce7657-300x200.jpeg 300w, https:\/\/akdenizhaber.com.tr\/wp-content\/uploads\/2026\/01\/9e798139-0ccf-4982-9f8d-34ae74ce7657-768x513.jpeg 768w, https:\/\/akdenizhaber.com.tr\/wp-content\/uploads\/2026\/01\/9e798139-0ccf-4982-9f8d-34ae74ce7657-1536x1025.jpeg 1536w, https:\/\/akdenizhaber.com.tr\/wp-content\/uploads\/2026\/01\/9e798139-0ccf-4982-9f8d-34ae74ce7657.jpeg 1600w\" sizes=\"auto, (max-width: 1024px) 100vw, 1024px\" \/><\/figure>\n\n\n\n<p>Se\u00e7im ofisi \u00f6n\u00fcnde d\u00fczenlenen yemekte kalabal\u0131ktan izdiham ya\u015fan\u0131rken pazarc\u0131 esnaf\u0131 Mehmet Do\u011fan\u2019a olan g\u00fcvenini bir kez daha ortaya koymu\u015f oldu.<\/p>\n\n\n\n<figure class=\"wp-block-image size-full is-resized\"><img loading=\"lazy\" decoding=\"async\" width=\"960\" height=\"641\" src=\"https:\/\/akdenizhaber.com.tr\/wp-content\/uploads\/2026\/01\/357d1170-a6cf-4f83-aa3f-628363572062.jpeg\" alt=\"\" class=\"wp-image-31386\" style=\"aspect-ratio:1.497705087594544;width:516px;height:auto\" srcset=\"https:\/\/akdenizhaber.com.tr\/wp-content\/uploads\/2026\/01\/357d1170-a6cf-4f83-aa3f-628363572062.jpeg 960w, https:\/\/akdenizhaber.com.tr\/wp-content\/uploads\/2026\/01\/357d1170-a6cf-4f83-aa3f-628363572062-300x200.jpeg 300w, https:\/\/akdenizhaber.com.tr\/wp-content\/uploads\/2026\/01\/357d1170-a6cf-4f83-aa3f-628363572062-768x513.jpeg 768w\" sizes=\"auto, (max-width: 960px) 100vw, 960px\" \/><\/figure>\n\n\n\n<p>B\u0130R G\u00d6N\u00dcL SOFRASI, B\u0130NLERCE G\u00d6N\u00dcL DOSTU<\/p>\n\n\n\n<p>D\u00fczenlenen yeme\u011fe kat\u0131l\u0131m\u0131n yo\u011fun olmas\u0131ndan dolay\u0131 duydu\u011fu mutlulu\u011fu bir kez daha dile getiren Oda Ba\u015fkan\u0131 Mehmet Do\u011fan, kalabal\u0131\u011f\u0131n kendilerine olan g\u00fcveninin i\u015fareti oldu\u011funa dikkat \u00e7ekerek, t\u00fcm kat\u0131l\u0131mc\u0131 pazarc\u0131 esnaf\u0131na y\u00fcrek dolusu te\u015fekk\u00fcr etti.<\/p>\n\n\n\n<figure class=\"wp-block-image size-large is-resized\"><img loading=\"lazy\" decoding=\"async\" width=\"1024\" height=\"684\" src=\"https:\/\/akdenizhaber.com.tr\/wp-content\/uploads\/2026\/01\/0e8e6550-d2fe-4f81-8cf1-0a256b68530f-1024x684.jpeg\" alt=\"\" class=\"wp-image-31387\" style=\"width:519px;height:auto\" srcset=\"https:\/\/akdenizhaber.com.tr\/wp-content\/uploads\/2026\/01\/0e8e6550-d2fe-4f81-8cf1-0a256b68530f-1024x684.jpeg 1024w, https:\/\/akdenizhaber.com.tr\/wp-content\/uploads\/2026\/01\/0e8e6550-d2fe-4f81-8cf1-0a256b68530f-300x200.jpeg 300w, https:\/\/akdenizhaber.com.tr\/wp-content\/uploads\/2026\/01\/0e8e6550-d2fe-4f81-8cf1-0a256b68530f-768x513.jpeg 768w, https:\/\/akdenizhaber.com.tr\/wp-content\/uploads\/2026\/01\/0e8e6550-d2fe-4f81-8cf1-0a256b68530f-1536x1025.jpeg 1536w, https:\/\/akdenizhaber.com.tr\/wp-content\/uploads\/2026\/01\/0e8e6550-d2fe-4f81-8cf1-0a256b68530f.jpeg 1600w\" sizes=\"auto, (max-width: 1024px) 100vw, 1024px\" \/><\/figure>\n\n\n\n<p>Pazarc\u0131lar Odas\u0131 Ba\u015fkan\u0131 Mehmet Do\u011fan \u015f\u00f6yle konu\u015ftu;<\/p>\n\n\n\n<p>\u201cGe\u00e7ti\u011fimiz ak\u015fam d\u00fczenlemi\u015f oldu\u011fumuz Birlik ve Beraberlik Yeme\u011fimizde bizleri yaln\u0131z b\u0131rakmayan t\u00fcm \u00fcyelerimize, e\u015f, dost ve arkada\u015flar\u0131m\u0131za can\u0131 g\u00f6n\u00fclden te\u015fekk\u00fcr ederiz. Sokaklara s\u0131\u011fmayan bu kalabal\u0131k bizlere duydu\u011funuz g\u00fcvenin en g\u00fczel g\u00f6stergesidir. \u00d6nce Allah\u2019\u0131n izniyle sonra siz de\u011ferli \u00fcyelerimiz ve bizlere g\u00f6n\u00fcl veren dostlar\u0131m\u0131z sayesinde hizmet yolumuza h\u0131z kesmeden devam edece\u011fiz. MAV\u0130 L\u0130STEDE BULU\u015eMAK D\u0130LE\u011e\u0130YLE\u201d dedi.<\/p>\n\n\n\n<p>B\u00fc\u015fra Deveci \/ Haber<\/p>\n","protected":false},"excerpt":{"rendered":"<p>10 Ocak g\u00fcn\u00fc yap\u0131lacak se\u00e7imler \u00f6ncesi Pazarc\u0131lar Odas\u0131 Ba\u015fkan\u0131 ve Ba\u015fkan Aday\u0131 Mehmet Do\u011fan\u2019\u0131n Birlik ve beraberlik yeme\u011fi muhte\u015fem bir kalabal\u0131\u011f\u0131n kat\u0131l\u0131m\u0131 ile d\u00fczenlendi. Se\u00e7im <a href=\"https:\/\/akdenizhaber.com.tr\/index.php\/2026\/01\/08\/pazarcilar-odasi-baskani-mehmet-dogan-birlik-ve-beraberligimizi-bir-kez-daha-kanitladik\/\" class=\"read-more-link\">[more&#8230;]<\/a><\/p>\n","protected":false},"author":2,"featured_media":31385,"comment_status":"open","ping_status":"open","sticky":false,"template":"","format":"standard","meta":{"footnotes":""},"categories":[2],"tags":[],"class_list":["post-31384","post","type-post","status-publish","format-standard","has-post-thumbnail","hentry","category-gundem"],"_links":{"self":[{"href":"https:\/\/akdenizhaber.com.tr\/index.php\/wp-json\/wp\/v2\/posts\/31384","targetHints":{"allow":["GET"]}}],"collection":[{"href":"https:\/\/akdenizhaber.com.tr\/index.php\/wp-json\/wp\/v2\/posts"}],"about":[{"href":"https:\/\/akdenizhaber.com.tr\/index.php\/wp-json\/wp\/v2\/types\/post"}],"author":[{"embeddable":true,"href":"https:\/\/akdenizhaber.com.tr\/index.php\/wp-json\/wp\/v2\/users\/2"}],"replies":[{"embeddable":true,"href":"https:\/\/akdenizhaber.com.tr\/index.php\/wp-json\/wp\/v2\/comments?post=31384"}],"version-history":[{"count":1,"href":"https:\/\/akdenizhaber.com.tr\/index.php\/wp-json\/wp\/v2\/posts\/31384\/revisions"}],"predecessor-version":[{"id":31389,"href":"https:\/\/akdenizhaber.com.tr\/index.php\/wp-json\/wp\/v2\/posts\/31384\/revisions\/31389"}],"wp:featuredmedia":[{"embeddable":true,"href":"https:\/\/akdenizhaber.com.tr\/index.php\/wp-json\/wp\/v2\/media\/31385"}],"wp:attachment":[{"href":"https:\/\/akdenizhaber.com.tr\/index.php\/wp-json\/wp\/v2\/media?parent=31384"}],"wp:term":[{"taxonomy":"category","embeddable":true,"href":"https:\/\/akdenizhaber.com.tr\/index.php\/wp-json\/wp\/v2\/categories?post=31384"},{"taxonomy":"post_tag","embeddable":true,"href":"https:\/\/akdenizhaber.com.tr\/index.php\/wp-json\/wp\/v2\/tags?post=31384"}],"curies":[{"name":"wp","href":"https:\/\/api.w.org\/{rel}","templated":true}]}}