{"id":31374,"date":"2026-01-08T16:42:30","date_gmt":"2026-01-08T13:42:30","guid":{"rendered":"https:\/\/akdenizhaber.com.tr\/?p=31374"},"modified":"2026-01-08T16:42:30","modified_gmt":"2026-01-08T13:42:30","slug":"senden-buyuk-allah-var","status":"publish","type":"post","link":"https:\/\/akdenizhaber.com.tr\/index.php\/2026\/01\/08\/senden-buyuk-allah-var\/","title":{"rendered":"\u201cSENDEN B\u00dcY\u00dcK ALLAH VAR\u201d.."},"content":{"rendered":"\n<p><\/p>\n\n\n\n<p>Devlet adaml\u0131\u011f\u0131 lafla,g\u00f6steri\u015fle , haval\u0131 y\u00fcr\u00fcy\u00fc\u015f, s\u00fcsl\u00fc bir ka\u00e7 s\u00f6z etmekle, ortal\u0131\u011fa korku salmakla olmuyormu\u015f demek ki..<\/p>\n\n\n\n<p>Devlet adaml\u0131\u011f\u0131 elindeki g\u00fcc\u00fc kafas\u0131na g\u00f6re kullanmakla ,\u00fclke insanlar\u0131na, d\u00fcnyan\u0131n b\u00fct\u00fcn devletlerine korku salmakla da olmuyormu\u015f demek ki..<\/p>\n\n\n\n<figure class=\"wp-block-image size-large\"><img loading=\"lazy\" decoding=\"async\" width=\"1024\" height=\"1024\" src=\"https:\/\/akdenizhaber.com.tr\/wp-content\/uploads\/2026\/01\/0d501e4f-dfd6-4dd3-8805-bf1a21339729-1024x1024.jpeg\" alt=\"\" class=\"wp-image-31375\" srcset=\"https:\/\/akdenizhaber.com.tr\/wp-content\/uploads\/2026\/01\/0d501e4f-dfd6-4dd3-8805-bf1a21339729-1024x1024.jpeg 1024w, https:\/\/akdenizhaber.com.tr\/wp-content\/uploads\/2026\/01\/0d501e4f-dfd6-4dd3-8805-bf1a21339729-300x300.jpeg 300w, https:\/\/akdenizhaber.com.tr\/wp-content\/uploads\/2026\/01\/0d501e4f-dfd6-4dd3-8805-bf1a21339729-150x150.jpeg 150w, https:\/\/akdenizhaber.com.tr\/wp-content\/uploads\/2026\/01\/0d501e4f-dfd6-4dd3-8805-bf1a21339729-768x768.jpeg 768w, https:\/\/akdenizhaber.com.tr\/wp-content\/uploads\/2026\/01\/0d501e4f-dfd6-4dd3-8805-bf1a21339729.jpeg 1440w\" sizes=\"auto, (max-width: 1024px) 100vw, 1024px\" \/><\/figure>\n\n\n\n<p>Devlet adaml\u0131\u011f\u0131, erkek olmakla da olmuyormu\u015f demek ki.<\/p>\n\n\n\n<p>Devlet adaml\u0131\u011f\u0131 cinsiyet ayr\u0131m\u0131 yapm\u0131yormu\u015f,mangal gibi y\u00fcrek sadece erkeklerde olmuyormu\u015f demek ki..<\/p>\n\n\n\n<p>Devlet adaml\u0131\u011f\u0131, bilgi beceri, donan\u0131m ve uzak g\u00f6r\u00fc\u015fe sahip olmay\u0131 gerektiriyormu\u015f demek ki.<\/p>\n\n\n\n<p>Yalan yok, ad\u0131n\u0131 ilk defa duydu\u011fum, resmini ilk defa g\u00f6rd\u00fc\u011f\u00fcm, T\u00fcrkiye\u2019nin \u00e7ok uzaklar\u0131nda ki bir devletin, Meksika\u2019n\u0131n devlet ba\u015fkan\u0131n\u0131n s\u00f6zleri, ortaya koydu\u011fu harika fikirleri beni bunlar\u0131 d\u00fc\u015f\u00fcnmeye, yazmaya te\u015fvik etti.<\/p>\n\n\n\n<p>Bir tarafta gemi az\u0131ya alm\u0131\u015f,var olup olmad\u0131\u011f\u0131na karar veremedi\u011fim akl\u0131n\u0131 kaybetmi\u015f,bir yerde t\u00fcm d\u00fcnyan\u0131n ba\u015f\u0131na bir bela haline d\u00f6n\u00fc\u015fm\u00fc\u015f ABD\u2019nin ba\u015fkan\u0131 Trump, di\u011fer tarafta,akl\u0131 ba\u015f\u0131nda,ne d\u00fc\u015f\u00fcnd\u00fc\u011f\u00fcn\u00fc,ne dedi\u011fini bilen bir Meksika ba\u015fkan\u0131 ..<\/p>\n\n\n\n<p>Adeta d\u00fcnya\u2019y\u0131 kana bulamaya,g\u00f6z\u00fcne kestirdi\u011fi her \u00fclkeye el koymaya yemin etmi\u015f ,zamane Hitler i bu z\u0131r deli ba\u015fkana kimse ses \u00e7\u0131karamaz , kar\u015f\u0131s\u0131nda s\u00fct d\u00f6km\u00fc\u015f kedi misali, general kar\u015f\u0131s\u0131nda esas duru\u015fa ge\u00e7mi\u015f r\u00fctbesiz bir er gibi, sessiz sedas\u0131z dururken..<\/p>\n\n\n\n<p>Yapt\u0131\u011f\u0131 her haks\u0131zl\u0131\u011fa , e\u015fk\u0131yal\u0131\u011fa tek s\u00f6z bile s\u00f6yleyemezken; Meksika ba\u015fkan\u0131 yi\u011fit\u00e7e; senden b\u00fcy\u00fck Allah var .. dercesine; senin kar\u015f\u0131nda, Amerika\u2019n\u0131n d\u0131\u015f\u0131nda yedi milyar insan ya\u015f\u0131yor,bunu unutma ..dedi .<\/p>\n\n\n\n<p>Dedi\u011fi sadece bir bo\u015f s\u00f6z,kuru bir palavra de\u011fildi elbette..<\/p>\n\n\n\n<p>Bilimsel olarak tek tek,tane tane anlat\u0131yor bu cesur y\u00fcrekli ba\u015fkan..<\/p>\n\n\n\n<p>Anlat\u0131yor, Amerika d\u0131\u015f\u0131nda ki yedi milyar insan\u0131n e\u011fer isterse , e\u011fer birlik beraberlik i\u00e7erisinde olursa,birlikte hareket ederse ortada Amerika diye bir \u00fclke kalmayaca\u011f\u0131n\u0131..<\/p>\n\n\n\n<p>Bu i\u015f kanla ,sava\u015fla olmayacak..<\/p>\n\n\n\n<p>Ticaretle, Amerikan \u00fcr\u00fcnlerini boykot etmekle , onlar\u0131 asla sat\u0131n almamakla olaca\u011f\u0131n\u0131 anlat\u0131yor,yol g\u00f6steriyor .<\/p>\n\n\n\n<p>Tabi bu boykot T\u00fcrkiye de baz\u0131 kesimlerin yapt\u0131\u011f\u0131 kola ve kahve boykotu gibi , Galata k\u00f6pr\u00fcs\u00fcnde ki g\u00f6z boyama y\u00fcr\u00fcy\u00fc\u015f\u00fc gibi olmayacak,adam gibi, ger\u00e7ek boykot olacak..<\/p>\n\n\n\n<p>Amerika gibi geliri sadece \u00fcretti\u011fi \u00fcr\u00fcnler olan devletler i\u00e7in en etkili sava\u015f bu \u00fcr\u00fcnler \u00fczerinden olur..<\/p>\n\n\n\n<p>B\u00f6yle bir sava\u015fta; u\u00e7a\u011fa,tanka,sava\u015f gemilerine ,f\u00fcze ye , askere gerek de yoktur..<\/p>\n\n\n\n<p>Bu sava\u015f da kan yoktur, can\u0131na okuma vard\u0131r ..<\/p>\n\n\n\n<p>Bu sava\u015fta ,top sesi , kur\u015fun sesi ,kan kokusu, insanlar\u0131n yanm\u0131\u015f, par\u00e7alanm\u0131\u015f bedenleri yoktur da ; fabrikalar\u0131n bir anda kapan\u0131p toplu iflaslar\u0131n art arda ya\u015fanmas\u0131 vard\u0131r..<\/p>\n\n\n\n<p>Bilinen sava\u015flar\u0131n etkilerinin kat be kat fazlas\u0131 ya\u015fanan bu sava\u015flara hi\u00e7 bir devlet haz\u0131r de\u011fildir..<\/p>\n\n\n\n<p>\u0130\u015fte Meksika devlet ba\u015fkan\u0131 b\u00f6yle bir sava\u015f\u0131 hat\u0131rlat\u0131yor t\u00fcm d\u00fcnya ya ve zamane Hitler&#8217;i Trumpa..<\/p>\n","protected":false},"excerpt":{"rendered":"<p>Devlet adaml\u0131\u011f\u0131 lafla,g\u00f6steri\u015fle , haval\u0131 y\u00fcr\u00fcy\u00fc\u015f, s\u00fcsl\u00fc bir ka\u00e7 s\u00f6z etmekle, ortal\u0131\u011fa korku salmakla olmuyormu\u015f demek ki.. Devlet adaml\u0131\u011f\u0131 elindeki g\u00fcc\u00fc kafas\u0131na g\u00f6re kullanmakla ,\u00fclke <a href=\"https:\/\/akdenizhaber.com.tr\/index.php\/2026\/01\/08\/senden-buyuk-allah-var\/\" class=\"read-more-link\">[more&#8230;]<\/a><\/p>\n","protected":false},"author":2,"featured_media":31305,"comment_status":"open","ping_status":"open","sticky":false,"template":"","format":"standard","meta":{"footnotes":""},"categories":[1,2],"tags":[],"class_list":["post-31374","post","type-post","status-publish","format-standard","has-post-thumbnail","hentry","category-blog","category-gundem"],"_links":{"self":[{"href":"https:\/\/akdenizhaber.com.tr\/index.php\/wp-json\/wp\/v2\/posts\/31374","targetHints":{"allow":["GET"]}}],"collection":[{"href":"https:\/\/akdenizhaber.com.tr\/index.php\/wp-json\/wp\/v2\/posts"}],"about":[{"href":"https:\/\/akdenizhaber.com.tr\/index.php\/wp-json\/wp\/v2\/types\/post"}],"author":[{"embeddable":true,"href":"https:\/\/akdenizhaber.com.tr\/index.php\/wp-json\/wp\/v2\/users\/2"}],"replies":[{"embeddable":true,"href":"https:\/\/akdenizhaber.com.tr\/index.php\/wp-json\/wp\/v2\/comments?post=31374"}],"version-history":[{"count":1,"href":"https:\/\/akdenizhaber.com.tr\/index.php\/wp-json\/wp\/v2\/posts\/31374\/revisions"}],"predecessor-version":[{"id":31376,"href":"https:\/\/akdenizhaber.com.tr\/index.php\/wp-json\/wp\/v2\/posts\/31374\/revisions\/31376"}],"wp:featuredmedia":[{"embeddable":true,"href":"https:\/\/akdenizhaber.com.tr\/index.php\/wp-json\/wp\/v2\/media\/31305"}],"wp:attachment":[{"href":"https:\/\/akdenizhaber.com.tr\/index.php\/wp-json\/wp\/v2\/media?parent=31374"}],"wp:term":[{"taxonomy":"category","embeddable":true,"href":"https:\/\/akdenizhaber.com.tr\/index.php\/wp-json\/wp\/v2\/categories?post=31374"},{"taxonomy":"post_tag","embeddable":true,"href":"https:\/\/akdenizhaber.com.tr\/index.php\/wp-json\/wp\/v2\/tags?post=31374"}],"curies":[{"name":"wp","href":"https:\/\/api.w.org\/{rel}","templated":true}]}}