{"id":31371,"date":"2026-01-08T16:41:31","date_gmt":"2026-01-08T13:41:31","guid":{"rendered":"https:\/\/akdenizhaber.com.tr\/?p=31371"},"modified":"2026-01-08T16:41:31","modified_gmt":"2026-01-08T13:41:31","slug":"cicekten-manavgat-icin-itidal-ve-sagduyu-cagrisi","status":"publish","type":"post","link":"https:\/\/akdenizhaber.com.tr\/index.php\/2026\/01\/08\/cicekten-manavgat-icin-itidal-ve-sagduyu-cagrisi\/","title":{"rendered":"\u00c7i\u00e7ek\u2019ten, Manavgat \u0130\u00e7in \u0130tidal ve Sa\u011fduyu \u00c7a\u011fr\u0131s\u0131"},"content":{"rendered":"\n<p>Manavgat Belediye Ba\u015fkan Vekili Av. Mehmet \u00c7i\u00e7ek, Manavgat Belediyesi 2026 y\u0131l\u0131 Ocak Ay\u0131 Ola\u011fan Meclis Toplant\u0131s\u0131\u2019nda g\u00fcndeme dair bir konu\u015fma yapt\u0131. \u00c7i\u00e7ek, Manavgat hakk\u0131nda a\u00e7\u0131klamalarda bulunan t\u00fcm siyasilere itidalli olunmas\u0131 \u00e7a\u011fr\u0131s\u0131nda bulunarak, kent \u00fczerinden y\u00fcr\u00fct\u00fclen tart\u0131\u015fmalarda sa\u011fduyu ve sorumluluk vurgusu yapt\u0131.<\/p>\n\n\n\n<p>Belediye Meclisi k\u00fcrs\u00fcs\u00fcnden konu\u015fan Ba\u015fkan Vekili \u00c7i\u00e7ek, \u015fu ifadeleri kulland\u0131:<\/p>\n\n\n\n<p>\u201c<strong>Say\u0131n siyasi b\u00fcy\u00fcklerimiz, k\u0131ymetli meclis \u00fcyelerim, say\u0131n siyasi parti temsilcileri, de\u011ferli Manavgatl\u0131 hem\u015fehrilerimiz; bug\u00fcn bu k\u00fcrs\u00fcde yaln\u0131z bir belediye g\u00fcndemini de\u011fil, Manavgat\u2019\u0131n ortak vicdan\u0131n\u0131, ortak sorumlulu\u011funu ve ortak gelece\u011fini dile getirmek istiyorum. Manavgat; turizmiyle, esnaf\u0131yla, pazarc\u0131s\u0131yla, \u00e7ift\u00e7isiyle ve emek\u00e7isiyle b\u00fcy\u00fck bir ailedir.<\/strong><\/p>\n\n\n\n<p><strong>Bu aile i\u00e7inde ya\u015fanan her geli\u015fme sadece yerel y\u00f6netimi de\u011fil, \u015fehirle ilgili s\u00f6z s\u00f6yleme sorumlulu\u011fu olan herkesi yak\u0131ndan ilgilendirmektedir. Buradan \u00f6zellikle ifade etmek isterim ki; Manavgat\u2019\u0131n bug\u00fcn i\u00e7inde bulundu\u011fu s\u00fcre\u00e7, g\u00fcnl\u00fck siyasi tart\u0131\u015fmalar\u0131n, polemiklerin ve kar\u015f\u0131l\u0131kl\u0131 su\u00e7lamalar\u0131n \u00e7ok \u00fczerindedir. Bu tart\u0131\u015fmalar\u0131n kazanan\u0131 olmaz, kaybedeni Manavgat olur.<\/strong><\/p>\n\n\n\n<p><strong>Bu nedenle gerek yerel gerekse ulusal d\u00fczeyde s\u00f6z s\u00f6yleyen t\u00fcm siyasi b\u00fcy\u00fcklerimize \u00e7a\u011fr\u0131m \u015fudur: Manavgat \u00fczerinden y\u00fcr\u00fct\u00fclen her s\u00f6ylemde \u00f6l\u00e7\u00fcye, sa\u011fduyuya ve bu \u015fehrin hassasiyetlerine azami dikkat g\u00f6sterilmelidir. Arkada\u015flar, bizler burada Manavgat Belediyesi Meclisi\u2019nde farkl\u0131 siyasi g\u00f6r\u00fc\u015flere sahip olabiliriz. Ancak hepimizin ortak paydas\u0131 Manavgat\u2019t\u0131r. Bu \u00e7at\u0131 alt\u0131nda siyaset yap\u0131l\u0131r ama Manavgat\u2019a zarar verecek bir dil ve yakla\u015f\u0131m asla kabul edilemez.<\/strong><\/p>\n\n\n\n<p><strong>Manavgat halk\u0131m\u0131za buradan a\u00e7\u0131k bir mesaj vermek istiyorum. Belediyemiz, kap\u0131s\u0131 herkese a\u00e7\u0131k, hi\u00e7 kimseyi d\u0131\u015flamayan, adaleti ve e\u015fitli\u011fi esas alan bir anlay\u0131\u015fla y\u00f6netilmektedir ve y\u00f6netilmeye devam edecektir. Bu s\u00fcre\u00e7te s\u00fck\u00fbnete, birli\u011fe ve kar\u015f\u0131l\u0131kl\u0131 anlay\u0131\u015fa her zamankinden daha fazla ihtiyac\u0131m\u0131z vard\u0131r.<\/strong><\/p>\n\n\n\n<p><strong>Manavgat bug\u00fcne kadar bir\u00e7ok zorlu\u011fu birlik olarak a\u015fm\u0131\u015ft\u0131r. Bug\u00fcn de ayn\u0131 sa\u011fduyu ve olgunlukla bu s\u00fcreci a\u015faca\u011f\u0131na y\u00fcrekten inan\u0131yorum. Manavgat hepimizindir. Bu \u015fehir ayr\u0131\u015farak de\u011fil, birlik olarak g\u00fc\u00e7lenir. Hepinizi sayg\u0131 ve sevgiyle selaml\u0131yorum. Te\u015fekk\u00fcr ederim.<\/strong>\u201d<\/p>\n\n\n\n<p>Manavgat Belediyesi \/ B\u00fclten<\/p>\n","protected":false},"excerpt":{"rendered":"<p>Manavgat Belediye Ba\u015fkan Vekili Av. Mehmet \u00c7i\u00e7ek, Manavgat Belediyesi 2026 y\u0131l\u0131 Ocak Ay\u0131 Ola\u011fan Meclis Toplant\u0131s\u0131\u2019nda g\u00fcndeme dair bir konu\u015fma yapt\u0131. \u00c7i\u00e7ek, Manavgat hakk\u0131nda a\u00e7\u0131klamalarda <a href=\"https:\/\/akdenizhaber.com.tr\/index.php\/2026\/01\/08\/cicekten-manavgat-icin-itidal-ve-sagduyu-cagrisi\/\" class=\"read-more-link\">[more&#8230;]<\/a><\/p>\n","protected":false},"author":2,"featured_media":31372,"comment_status":"open","ping_status":"open","sticky":false,"template":"","format":"standard","meta":{"footnotes":""},"categories":[2],"tags":[],"class_list":["post-31371","post","type-post","status-publish","format-standard","has-post-thumbnail","hentry","category-gundem"],"_links":{"self":[{"href":"https:\/\/akdenizhaber.com.tr\/index.php\/wp-json\/wp\/v2\/posts\/31371","targetHints":{"allow":["GET"]}}],"collection":[{"href":"https:\/\/akdenizhaber.com.tr\/index.php\/wp-json\/wp\/v2\/posts"}],"about":[{"href":"https:\/\/akdenizhaber.com.tr\/index.php\/wp-json\/wp\/v2\/types\/post"}],"author":[{"embeddable":true,"href":"https:\/\/akdenizhaber.com.tr\/index.php\/wp-json\/wp\/v2\/users\/2"}],"replies":[{"embeddable":true,"href":"https:\/\/akdenizhaber.com.tr\/index.php\/wp-json\/wp\/v2\/comments?post=31371"}],"version-history":[{"count":1,"href":"https:\/\/akdenizhaber.com.tr\/index.php\/wp-json\/wp\/v2\/posts\/31371\/revisions"}],"predecessor-version":[{"id":31373,"href":"https:\/\/akdenizhaber.com.tr\/index.php\/wp-json\/wp\/v2\/posts\/31371\/revisions\/31373"}],"wp:featuredmedia":[{"embeddable":true,"href":"https:\/\/akdenizhaber.com.tr\/index.php\/wp-json\/wp\/v2\/media\/31372"}],"wp:attachment":[{"href":"https:\/\/akdenizhaber.com.tr\/index.php\/wp-json\/wp\/v2\/media?parent=31371"}],"wp:term":[{"taxonomy":"category","embeddable":true,"href":"https:\/\/akdenizhaber.com.tr\/index.php\/wp-json\/wp\/v2\/categories?post=31371"},{"taxonomy":"post_tag","embeddable":true,"href":"https:\/\/akdenizhaber.com.tr\/index.php\/wp-json\/wp\/v2\/tags?post=31371"}],"curies":[{"name":"wp","href":"https:\/\/api.w.org\/{rel}","templated":true}]}}