{"id":31368,"date":"2026-01-08T16:41:12","date_gmt":"2026-01-08T13:41:12","guid":{"rendered":"https:\/\/akdenizhaber.com.tr\/?p=31368"},"modified":"2026-01-08T16:41:13","modified_gmt":"2026-01-08T13:41:13","slug":"mehmet-cicekten-manavgat-bakkallar-odasi-yonetimine-tebrik","status":"publish","type":"post","link":"https:\/\/akdenizhaber.com.tr\/index.php\/2026\/01\/08\/mehmet-cicekten-manavgat-bakkallar-odasi-yonetimine-tebrik\/","title":{"rendered":"Mehmet \u00c7i\u00e7ek\u2019ten Manavgat Bakkallar Odas\u0131 Y\u00f6netimine Tebrik"},"content":{"rendered":"\n<p>Manavgat Belediye Ba\u015fkan Vekili Av. Mehmet \u00c7i\u00e7ek, Manavgat Bakkallar, Bayiler ve B\u00fcfeciler Esnaf Odas\u0131\u2019n\u0131n Atat\u00fcrk K\u00fclt\u00fcr Merkezi\u2019nde ger\u00e7ekle\u015ftirilen 7. Ola\u011fan Genel Kurulu\u2019nda yeniden ba\u015fkanl\u0131\u011fa se\u00e7ilen Abdullah Ak\u00e7a ve y\u00f6netim kurulunu tebrik etti.<\/p>\n\n\n\n<p>\u00c7i\u00e7ek, yay\u0131nlad\u0131\u011f\u0131 mesajda genel kurulun demokratik bir olgunluk i\u00e7erisinde tamamlanmas\u0131n\u0131n \u00f6nemine dikkat \u00e7ekti.<\/p>\n\n\n\n<p>Ba\u015fkan Vekili \u00c7i\u00e7ek mesaj\u0131nda, \u201cManavgat Bakkallar, Bayiler ve B\u00fcfeciler Esnaf Odas\u0131\u2019n\u0131n 7. Ola\u011fan Genel Kurulu\u2019nda yeniden ba\u015fkanl\u0131k g\u00f6revine se\u00e7ilen Say\u0131n Abdullah Ak\u00e7a\u2019y\u0131 ve y\u00f6netim kurulunu tebrik ederim. Genel kurul s\u00fcrecine demokratik olgunluk i\u00e7erisinde katk\u0131 sunan ba\u015fkan aday\u0131 Say\u0131n Hakan Eser\u2019i de g\u00f6stermi\u015f oldu\u011fu emek ve \u00f6zveri dolay\u0131s\u0131yla ayr\u0131ca kutluyorum. Yeni d\u00f6nemin, Manavgat Bakkallar, Bayiler ve B\u00fcfeciler Esnaf Odas\u0131 camiam\u0131za hay\u0131rl\u0131 olmas\u0131n\u0131 diliyor; g\u00f6rev alan t\u00fcm y\u00f6netim, denetim ve disiplin kurulu \u00fcyelerine \u00e7al\u0131\u015fmalar\u0131nda ba\u015far\u0131lar temenni ediyorum.\u201d ifadelerini kulland\u0131.<\/p>\n\n\n\n<p>Genel kurulda yap\u0131lan se\u00e7imlerde mevcut ba\u015fkan Abdullah Ak\u00e7a 586 oy alarak yeniden ba\u015fkan se\u00e7ilirken, ba\u015fkan aday\u0131 Hakan Eser ise 308 oy ald\u0131.<\/p>\n\n\n\n<p>Manavgat Belediyesi \/ B\u00fclten<\/p>\n","protected":false},"excerpt":{"rendered":"<p>Manavgat Belediye Ba\u015fkan Vekili Av. Mehmet \u00c7i\u00e7ek, Manavgat Bakkallar, Bayiler ve B\u00fcfeciler Esnaf Odas\u0131\u2019n\u0131n Atat\u00fcrk K\u00fclt\u00fcr Merkezi\u2019nde ger\u00e7ekle\u015ftirilen 7. Ola\u011fan Genel Kurulu\u2019nda yeniden ba\u015fkanl\u0131\u011fa se\u00e7ilen <a href=\"https:\/\/akdenizhaber.com.tr\/index.php\/2026\/01\/08\/mehmet-cicekten-manavgat-bakkallar-odasi-yonetimine-tebrik\/\" class=\"read-more-link\">[more&#8230;]<\/a><\/p>\n","protected":false},"author":2,"featured_media":31369,"comment_status":"open","ping_status":"open","sticky":false,"template":"","format":"standard","meta":{"footnotes":""},"categories":[2],"tags":[],"class_list":["post-31368","post","type-post","status-publish","format-standard","has-post-thumbnail","hentry","category-gundem"],"_links":{"self":[{"href":"https:\/\/akdenizhaber.com.tr\/index.php\/wp-json\/wp\/v2\/posts\/31368","targetHints":{"allow":["GET"]}}],"collection":[{"href":"https:\/\/akdenizhaber.com.tr\/index.php\/wp-json\/wp\/v2\/posts"}],"about":[{"href":"https:\/\/akdenizhaber.com.tr\/index.php\/wp-json\/wp\/v2\/types\/post"}],"author":[{"embeddable":true,"href":"https:\/\/akdenizhaber.com.tr\/index.php\/wp-json\/wp\/v2\/users\/2"}],"replies":[{"embeddable":true,"href":"https:\/\/akdenizhaber.com.tr\/index.php\/wp-json\/wp\/v2\/comments?post=31368"}],"version-history":[{"count":1,"href":"https:\/\/akdenizhaber.com.tr\/index.php\/wp-json\/wp\/v2\/posts\/31368\/revisions"}],"predecessor-version":[{"id":31370,"href":"https:\/\/akdenizhaber.com.tr\/index.php\/wp-json\/wp\/v2\/posts\/31368\/revisions\/31370"}],"wp:featuredmedia":[{"embeddable":true,"href":"https:\/\/akdenizhaber.com.tr\/index.php\/wp-json\/wp\/v2\/media\/31369"}],"wp:attachment":[{"href":"https:\/\/akdenizhaber.com.tr\/index.php\/wp-json\/wp\/v2\/media?parent=31368"}],"wp:term":[{"taxonomy":"category","embeddable":true,"href":"https:\/\/akdenizhaber.com.tr\/index.php\/wp-json\/wp\/v2\/categories?post=31368"},{"taxonomy":"post_tag","embeddable":true,"href":"https:\/\/akdenizhaber.com.tr\/index.php\/wp-json\/wp\/v2\/tags?post=31368"}],"curies":[{"name":"wp","href":"https:\/\/api.w.org\/{rel}","templated":true}]}}