{"id":31365,"date":"2026-01-08T16:40:36","date_gmt":"2026-01-08T13:40:36","guid":{"rendered":"https:\/\/akdenizhaber.com.tr\/?p=31365"},"modified":"2026-01-08T16:40:36","modified_gmt":"2026-01-08T13:40:36","slug":"bulent-ecevitin-ismi-manavgatta-yasatilacak","status":"publish","type":"post","link":"https:\/\/akdenizhaber.com.tr\/index.php\/2026\/01\/08\/bulent-ecevitin-ismi-manavgatta-yasatilacak\/","title":{"rendered":"B\u00fclent Ecevit\u2019in \u0130smi Manavgat\u2019ta Ya\u015fat\u0131lacak"},"content":{"rendered":"\n<p>Manavgat Belediyesi 2026 y\u0131l\u0131 Ocak Ay\u0131 Ola\u011fan Meclis Toplant\u0131s\u0131\u2019nda al\u0131nan kararla, Sorgun Mahallesi\u2019nde bulunan 8114 ve 8134 numaral\u0131 sokaklar\u0131n isimleri \u201cB\u00fclent Ecevit Bulvar\u0131\u201d olarak de\u011fi\u015ftirildi.<\/p>\n\n\n\n<p>Manavgat Belediye Meclisi\u2019nde g\u00f6r\u00fc\u015f\u00fclen isim de\u011fi\u015fikli\u011fi teklifi, yap\u0131lan oylama sonucunda oy \u00e7oklu\u011fuyla kabul edildi. Kararla birlikte, T\u00fcrkiye Cumhuriyeti\u2019nin eski Ba\u015fbakan\u0131 ve eski CHP Genel Ba\u015fkan\u0131 B\u00fclent Ecevit\u2019in ismi Manavgat\u2019ta ya\u015fat\u0131lacak.<\/p>\n\n\n\n<p>Manavgat Belediye Ba\u015fkan Vekili Av. Mehmet \u00c7i\u00e7ek, al\u0131nan karara ili\u015fkin yapt\u0131\u011f\u0131 de\u011ferlendirmede, \u201cDemokrasiye, sosyal adalete ve halk\u00e7\u0131 belediyecilik anlay\u0131\u015f\u0131na \u00f6nemli katk\u0131lar sunmu\u015f olan merhum Ba\u015fbakan\u0131m\u0131z B\u00fclent Ecevit\u2019in ismini kentimizde ya\u015fatmaktan onur duyuyoruz.\u201d ifadelerini kulland\u0131.<\/p>\n\n\n\n<p>\u0130sim de\u011fi\u015fikli\u011fine ili\u015fkin karar\u0131n, gerekli idari i\u015flemlerin tamamlanmas\u0131n\u0131n ard\u0131ndan y\u00fcr\u00fcrl\u00fc\u011fe girece\u011fi bildirildi. Al\u0131nan karar kamuoyunda memnuniyetle kar\u015f\u0131land\u0131.<\/p>\n\n\n\n<p>Manavgat Belediyesi \/ B\u00fclten<\/p>\n","protected":false},"excerpt":{"rendered":"<p>Manavgat Belediyesi 2026 y\u0131l\u0131 Ocak Ay\u0131 Ola\u011fan Meclis Toplant\u0131s\u0131\u2019nda al\u0131nan kararla, Sorgun Mahallesi\u2019nde bulunan 8114 ve 8134 numaral\u0131 sokaklar\u0131n isimleri \u201cB\u00fclent Ecevit Bulvar\u0131\u201d olarak de\u011fi\u015ftirildi. <a href=\"https:\/\/akdenizhaber.com.tr\/index.php\/2026\/01\/08\/bulent-ecevitin-ismi-manavgatta-yasatilacak\/\" class=\"read-more-link\">[more&#8230;]<\/a><\/p>\n","protected":false},"author":2,"featured_media":31366,"comment_status":"open","ping_status":"open","sticky":false,"template":"","format":"standard","meta":{"footnotes":""},"categories":[2],"tags":[],"class_list":["post-31365","post","type-post","status-publish","format-standard","has-post-thumbnail","hentry","category-gundem"],"_links":{"self":[{"href":"https:\/\/akdenizhaber.com.tr\/index.php\/wp-json\/wp\/v2\/posts\/31365","targetHints":{"allow":["GET"]}}],"collection":[{"href":"https:\/\/akdenizhaber.com.tr\/index.php\/wp-json\/wp\/v2\/posts"}],"about":[{"href":"https:\/\/akdenizhaber.com.tr\/index.php\/wp-json\/wp\/v2\/types\/post"}],"author":[{"embeddable":true,"href":"https:\/\/akdenizhaber.com.tr\/index.php\/wp-json\/wp\/v2\/users\/2"}],"replies":[{"embeddable":true,"href":"https:\/\/akdenizhaber.com.tr\/index.php\/wp-json\/wp\/v2\/comments?post=31365"}],"version-history":[{"count":1,"href":"https:\/\/akdenizhaber.com.tr\/index.php\/wp-json\/wp\/v2\/posts\/31365\/revisions"}],"predecessor-version":[{"id":31367,"href":"https:\/\/akdenizhaber.com.tr\/index.php\/wp-json\/wp\/v2\/posts\/31365\/revisions\/31367"}],"wp:featuredmedia":[{"embeddable":true,"href":"https:\/\/akdenizhaber.com.tr\/index.php\/wp-json\/wp\/v2\/media\/31366"}],"wp:attachment":[{"href":"https:\/\/akdenizhaber.com.tr\/index.php\/wp-json\/wp\/v2\/media?parent=31365"}],"wp:term":[{"taxonomy":"category","embeddable":true,"href":"https:\/\/akdenizhaber.com.tr\/index.php\/wp-json\/wp\/v2\/categories?post=31365"},{"taxonomy":"post_tag","embeddable":true,"href":"https:\/\/akdenizhaber.com.tr\/index.php\/wp-json\/wp\/v2\/tags?post=31365"}],"curies":[{"name":"wp","href":"https:\/\/api.w.org\/{rel}","templated":true}]}}