{"id":31356,"date":"2026-01-08T16:55:34","date_gmt":"2026-01-08T13:55:34","guid":{"rendered":"https:\/\/akdenizhaber.com.tr\/?p=31356"},"modified":"2026-01-08T16:55:34","modified_gmt":"2026-01-08T13:55:34","slug":"manavgatta-377-konutluk-toki-insaatlari-basliyor","status":"publish","type":"post","link":"https:\/\/akdenizhaber.com.tr\/index.php\/2026\/01\/08\/manavgatta-377-konutluk-toki-insaatlari-basliyor\/","title":{"rendered":"Manavgat\u2019ta 377 konutluk TOK\u0130 in\u015faatlar\u0131 ba\u015fl\u0131yor"},"content":{"rendered":"\n<p><strong>TESL\u0130MATLAR 2027\u2019DE YAPILACAK<\/strong><\/p>\n\n\n\n<p>Toplu Konut \u0130daresi (TOK\u0130) taraf\u0131ndan Manavgat\u2019ta yap\u0131lacak olan 377 konutluk in\u015faatlar\u0131n yer teslimi yap\u0131ld\u0131.<\/p>\n\n\n\n<p>Manavgat\u2019ta TOK\u0130 taraf\u0131ndan yap\u0131lacak olan 377 konutun 2 Temmuz\u2019da ger\u00e7ekle\u015ftirilen ihalesinin ard\u0131ndan itiraz s\u00fcreleri tamamlanarak s\u00f6zle\u015fme imzaland\u0131 ve yer teslimi yap\u0131ld\u0131. Toplam 744 milyon 240 bin liral\u0131k s\u00f6zle\u015fme kapsam\u0131nda 377 konut, 3 i\u015fyeri ve bir cami in\u015faa edilecek.<\/p>\n\n\n\n<p>AK Parti Manavgat \u0130l\u00e7e Ba\u015fkan\u0131 Niyazi \u00dcnal, turizm sekt\u00f6r\u00fcn\u00fcn geli\u015fmesiyle birlikte Manavgat\u2019ta konut a\u00e7\u0131\u011f\u0131n\u0131n artt\u0131\u011f\u0131n\u0131 belirterek, bu ama\u00e7la Ak Parti iktidar\u0131 olarak vatanda\u015flar i\u00e7in uygun fiyatl\u0131 konut \u00fcretme \u00e7al\u0131\u015fmalar\u0131n\u0131n yap\u0131ld\u0131\u011f\u0131n\u0131 anlatt\u0131.<\/p>\n\n\n\n<p>B\u00fcy\u00fck Manavgat Yang\u0131n\u0131\u2019n\u0131n ard\u0131ndan evleri zarar g\u00f6ren 900\u2019den fazla hak sahibine konutlar\u0131n\u0131n TOK\u0130 taraf\u0131ndan \u00e7ok h\u0131zl\u0131 bir \u015fekilde yap\u0131larak teslim edildi\u011fini s\u00f6yleyen Ba\u015fkan \u00dcnal, \u201cTOK\u0130, B\u00fcy\u00fck Manavgat Yang\u0131n\u0131\u2019n\u0131n ard\u0131ndan il\u00e7emize y\u00f6nelik projelerine devam ediyor. Bu kapsamda Kara\u00f6z mahallemizde 377 konut, 3 i\u015fyeri ve 1 camiden olu\u015fan yeni bir \u00e7al\u0131\u015fma ba\u015flatt\u0131. Bu kapsamda 2 Temmuz\u2019da yap\u0131lan ihalenin b\u00fct\u00fcn itiraz s\u00fcre\u00e7leri tamamland\u0131. \u0130haleyi alan firmayla 1 Aral\u0131k 2025\u2019te 744 milyon 240 bin liral\u0131k s\u00f6zle\u015fme imzaland\u0131 ve firmaya yer teslimi yap\u0131ld\u0131. Konutlar 2027 y\u0131l\u0131nda hak sahiplerine teslim edilecek\u201d dedi.<\/p>\n\n\n\n<p>B\u00dc\u015eRA DEVEC\u0130 \/ HABER<\/p>\n","protected":false},"excerpt":{"rendered":"<p>TESL\u0130MATLAR 2027\u2019DE YAPILACAK Toplu Konut \u0130daresi (TOK\u0130) taraf\u0131ndan Manavgat\u2019ta yap\u0131lacak olan 377 konutluk in\u015faatlar\u0131n yer teslimi yap\u0131ld\u0131. Manavgat\u2019ta TOK\u0130 taraf\u0131ndan yap\u0131lacak olan 377 konutun 2 <a href=\"https:\/\/akdenizhaber.com.tr\/index.php\/2026\/01\/08\/manavgatta-377-konutluk-toki-insaatlari-basliyor\/\" class=\"read-more-link\">[more&#8230;]<\/a><\/p>\n","protected":false},"author":2,"featured_media":31357,"comment_status":"open","ping_status":"open","sticky":false,"template":"","format":"standard","meta":{"footnotes":""},"categories":[2],"tags":[],"class_list":["post-31356","post","type-post","status-publish","format-standard","has-post-thumbnail","hentry","category-gundem"],"_links":{"self":[{"href":"https:\/\/akdenizhaber.com.tr\/index.php\/wp-json\/wp\/v2\/posts\/31356","targetHints":{"allow":["GET"]}}],"collection":[{"href":"https:\/\/akdenizhaber.com.tr\/index.php\/wp-json\/wp\/v2\/posts"}],"about":[{"href":"https:\/\/akdenizhaber.com.tr\/index.php\/wp-json\/wp\/v2\/types\/post"}],"author":[{"embeddable":true,"href":"https:\/\/akdenizhaber.com.tr\/index.php\/wp-json\/wp\/v2\/users\/2"}],"replies":[{"embeddable":true,"href":"https:\/\/akdenizhaber.com.tr\/index.php\/wp-json\/wp\/v2\/comments?post=31356"}],"version-history":[{"count":1,"href":"https:\/\/akdenizhaber.com.tr\/index.php\/wp-json\/wp\/v2\/posts\/31356\/revisions"}],"predecessor-version":[{"id":31358,"href":"https:\/\/akdenizhaber.com.tr\/index.php\/wp-json\/wp\/v2\/posts\/31356\/revisions\/31358"}],"wp:featuredmedia":[{"embeddable":true,"href":"https:\/\/akdenizhaber.com.tr\/index.php\/wp-json\/wp\/v2\/media\/31357"}],"wp:attachment":[{"href":"https:\/\/akdenizhaber.com.tr\/index.php\/wp-json\/wp\/v2\/media?parent=31356"}],"wp:term":[{"taxonomy":"category","embeddable":true,"href":"https:\/\/akdenizhaber.com.tr\/index.php\/wp-json\/wp\/v2\/categories?post=31356"},{"taxonomy":"post_tag","embeddable":true,"href":"https:\/\/akdenizhaber.com.tr\/index.php\/wp-json\/wp\/v2\/tags?post=31356"}],"curies":[{"name":"wp","href":"https:\/\/api.w.org\/{rel}","templated":true}]}}