{"id":31350,"date":"2026-01-05T17:10:04","date_gmt":"2026-01-05T14:10:04","guid":{"rendered":"https:\/\/akdenizhaber.com.tr\/?p=31350"},"modified":"2026-01-05T17:10:06","modified_gmt":"2026-01-05T14:10:06","slug":"mhp-manavgat-ilce-teskilati-ziyaretleri-devam-ediyor-hayirli-gunler-komsum-ziyaretleri-ve-derdiniz-derdimizdir","status":"publish","type":"post","link":"https:\/\/akdenizhaber.com.tr\/index.php\/2026\/01\/05\/mhp-manavgat-ilce-teskilati-ziyaretleri-devam-ediyor-hayirli-gunler-komsum-ziyaretleri-ve-derdiniz-derdimizdir\/","title":{"rendered":"MHP Manavgat \u0130l\u00e7e Te\u015fkilat\u0131 Ziyaretleri Devam Ediyor \u201cHay\u0131rl\u0131 G\u00fcnler Kom\u015fum\u201d ziyaretleri ve \u201cDerdiniz Derdimizdir\u201d"},"content":{"rendered":"\n<p><\/p>\n\n\n\n<p>Milliyet\u00e7i Hareket Partisi (MHP) Lideri Devlet Bah\u00e7eli\u2019nin talimatlar\u0131 do\u011frultusunda ba\u015flat\u0131lan \u201cHay\u0131rl\u0131 G\u00fcnler Kom\u015fum \u2013 Derdiniz Derdimizdir\u201d ziyaretleri h\u0131z kesmeden devam ediyor. Bu kapsamda MHP Manavgat \u0130l\u00e7e Ba\u015fkan\u0131 Nooman Enho\u015f, Milliyet\u00e7i Hareket Partisi Antalya B\u00fcy\u00fck\u015fehir, Manavgat Belediye Meclisi \u00dcyesi M\u00fccahit Tatar ve parti y\u00f6neticileri s\u0131k s\u0131k ev ve i\u015fyeri ziyaretlerine giderek, halk\u0131n taleplerini dinlemeye devam ediyorlar.<\/p>\n\n\n\n<p>Milliyet\u00e7i Hareket Partisi olarak vatanda\u015flar\u0131n taleplerini ve beklentilerini yerinde dinlediklerini, milletle i\u00e7 i\u00e7e olma anlay\u0131\u015f\u0131 ile sahada \u00e7al\u0131\u015ft\u0131klar\u0131n\u0131 ve Manavgat\u2019ta ula\u015f\u0131lmad\u0131k ev s\u0131k\u0131lmad\u0131k el b\u0131rakmayacaklar\u0131n\u0131 s\u00f6yleyen M\u00fccahit Tatar,<\/p>\n\n\n\n<p>&#8220;MHP Lideri Say\u0131n Devlet Bah\u00e7eli&#8217;nin ba\u015flatt\u0131\u011f\u0131 &#8220;Hay\u0131rl\u0131 G\u00fcnler Kom\u015fum&#8221; \u00e7al\u0131\u015fmam\u0131z kapsam\u0131nda Manavgat\u2019\u0131 ev ev geziyoruz. Onun akabinde Manavgat\u2019\u0131 birle\u015ftirmek ad\u0131na mahallelerin hepsine mutlaka gidece\u011fiz. S\u0131ras\u0131yla STK&#8217;lar, vak\u0131flar, spor kul\u00fcplerimizle temas kuraca\u011f\u0131z. Muhtarlar\u0131m\u0131z\u0131 ziyaret edece\u011fiz. Esnaflar\u0131m\u0131zla hasbihal edece\u011fiz. Ak\u015fam ziyaretlerimiz olacak. Manavgat\u2019ta \u00e7almad\u0131k kap\u0131, girilmedik ev b\u0131rakmamay\u0131 d\u00fc\u015f\u00fcn\u00fcyoruz. \u00dclk\u00fcc\u00fc hareketin burada temsil makam\u0131 olarak Manavgatl\u0131n\u0131n dertleriyle dertlenip s\u0131k\u0131nt\u0131lar\u0131na bir nebze merhem olmaya \u00e7al\u0131\u015faca\u011f\u0131z\u201d dedi.<\/p>\n\n\n\n<p>B\u00fc\u015fra Deveci \/ Haber<\/p>\n","protected":false},"excerpt":{"rendered":"<p>Milliyet\u00e7i Hareket Partisi (MHP) Lideri Devlet Bah\u00e7eli\u2019nin talimatlar\u0131 do\u011frultusunda ba\u015flat\u0131lan \u201cHay\u0131rl\u0131 G\u00fcnler Kom\u015fum \u2013 Derdiniz Derdimizdir\u201d ziyaretleri h\u0131z kesmeden devam ediyor. Bu kapsamda MHP Manavgat <a href=\"https:\/\/akdenizhaber.com.tr\/index.php\/2026\/01\/05\/mhp-manavgat-ilce-teskilati-ziyaretleri-devam-ediyor-hayirli-gunler-komsum-ziyaretleri-ve-derdiniz-derdimizdir\/\" class=\"read-more-link\">[more&#8230;]<\/a><\/p>\n","protected":false},"author":2,"featured_media":31351,"comment_status":"open","ping_status":"open","sticky":false,"template":"","format":"standard","meta":{"footnotes":""},"categories":[2],"tags":[],"class_list":["post-31350","post","type-post","status-publish","format-standard","has-post-thumbnail","hentry","category-gundem"],"_links":{"self":[{"href":"https:\/\/akdenizhaber.com.tr\/index.php\/wp-json\/wp\/v2\/posts\/31350","targetHints":{"allow":["GET"]}}],"collection":[{"href":"https:\/\/akdenizhaber.com.tr\/index.php\/wp-json\/wp\/v2\/posts"}],"about":[{"href":"https:\/\/akdenizhaber.com.tr\/index.php\/wp-json\/wp\/v2\/types\/post"}],"author":[{"embeddable":true,"href":"https:\/\/akdenizhaber.com.tr\/index.php\/wp-json\/wp\/v2\/users\/2"}],"replies":[{"embeddable":true,"href":"https:\/\/akdenizhaber.com.tr\/index.php\/wp-json\/wp\/v2\/comments?post=31350"}],"version-history":[{"count":1,"href":"https:\/\/akdenizhaber.com.tr\/index.php\/wp-json\/wp\/v2\/posts\/31350\/revisions"}],"predecessor-version":[{"id":31352,"href":"https:\/\/akdenizhaber.com.tr\/index.php\/wp-json\/wp\/v2\/posts\/31350\/revisions\/31352"}],"wp:featuredmedia":[{"embeddable":true,"href":"https:\/\/akdenizhaber.com.tr\/index.php\/wp-json\/wp\/v2\/media\/31351"}],"wp:attachment":[{"href":"https:\/\/akdenizhaber.com.tr\/index.php\/wp-json\/wp\/v2\/media?parent=31350"}],"wp:term":[{"taxonomy":"category","embeddable":true,"href":"https:\/\/akdenizhaber.com.tr\/index.php\/wp-json\/wp\/v2\/categories?post=31350"},{"taxonomy":"post_tag","embeddable":true,"href":"https:\/\/akdenizhaber.com.tr\/index.php\/wp-json\/wp\/v2\/tags?post=31350"}],"curies":[{"name":"wp","href":"https:\/\/api.w.org\/{rel}","templated":true}]}}