{"id":31297,"date":"2026-01-01T16:04:55","date_gmt":"2026-01-01T13:04:55","guid":{"rendered":"https:\/\/akdenizhaber.com.tr\/?p=31297"},"modified":"2026-01-01T16:04:55","modified_gmt":"2026-01-01T13:04:55","slug":"baskan-vekili-cicekten-saglik-calisanlarina-yeni-yil-ziyareti","status":"publish","type":"post","link":"https:\/\/akdenizhaber.com.tr\/index.php\/2026\/01\/01\/baskan-vekili-cicekten-saglik-calisanlarina-yeni-yil-ziyareti\/","title":{"rendered":"Ba\u015fkan Vekili \u00c7i\u00e7ek\u2019ten Sa\u011fl\u0131k \u00c7al\u0131\u015fanlar\u0131na Yeni Y\u0131l Ziyareti"},"content":{"rendered":"\n<p>Manavgat Belediye Ba\u015fkan Vekili Av. Mehmet \u00c7i\u00e7ek, y\u0131lba\u015f\u0131 ak\u015fam\u0131nda Manavgat Devlet Hastanesi\u2019ni ziyaret ederek sa\u011fl\u0131k \u00e7al\u0131\u015fanlar\u0131 ve tedavi g\u00f6ren vatanda\u015flarla bir araya geldi.<\/p>\n\n\n\n<p>Ziyarette Ba\u015fkan Vekili \u00c7i\u00e7ek\u2019e Manavgat Belediye Meclis \u00dcyeleri de e\u015flik etti. Servisleri tek tek gezen \u00c7i\u00e7ek, yeni y\u0131l ak\u015fam\u0131nda da g\u00f6revlerinin ba\u015f\u0131nda bulunan sa\u011fl\u0131k \u00e7al\u0131\u015fanlar\u0131na kolayl\u0131klar dileyerek emekleri i\u00e7in te\u015fekk\u00fcr etti. Tedavi g\u00f6ren hastalar ve hasta yak\u0131nlar\u0131yla da sohbet eden \u00c7i\u00e7ek, yeni y\u0131l temennilerini iletti.<\/p>\n\n\n\n<p>Ziyaret kapsam\u0131nda Manavgat Devlet Hastanesi Ba\u015fhekimi Op. Dr. Mehmet Deniz ile de g\u00f6r\u00fc\u015fen Ba\u015fkan Vekili \u00c7i\u00e7ek, sa\u011fl\u0131k \u00e7al\u0131\u015fanlar\u0131n\u0131n \u00f6zverili \u00e7al\u0131\u015fmalar\u0131n\u0131n her t\u00fcrl\u00fc takdirin \u00fczerinde oldu\u011funu ifade etti.<\/p>\n\n\n\n<p>Ba\u015fkan Vekili \u00c7i\u00e7ek, ziyaretin ard\u0131ndan yapt\u0131\u011f\u0131 a\u00e7\u0131klamada, \u201cYeni y\u0131l ak\u015fam\u0131nda Manavgat Devlet Hastanesi\u2019ni ziyaret ederek, g\u00f6revlerinin ba\u015f\u0131nda olan k\u0131ymetli sa\u011fl\u0131k \u00e7al\u0131\u015fanlar\u0131m\u0131z ve tedavi g\u00f6ren vatanda\u015flar\u0131m\u0131zla bir araya geldik. Ba\u015fta Manavgat Devlet Hastanesi Ba\u015fhekimi Op. Dr. Mehmet Deniz olmak \u00fczere t\u00fcm sa\u011fl\u0131k \u00e7al\u0131\u015fanlar\u0131m\u0131za samimi misafirperverlikleri i\u00e7in te\u015fekk\u00fcr ediyorum. Yeni y\u0131l\u0131n; hastalar\u0131m\u0131z i\u00e7in \u015fifa, t\u00fcm vatanda\u015flar\u0131m\u0131z i\u00e7in huzur ve umut getirmesini diliyorum.\u201d ifadelerini kulland\u0131.<\/p>\n\n\n\n<p>Manavgat Belediyesi \/ B\u00fclten<\/p>\n","protected":false},"excerpt":{"rendered":"<p>Manavgat Belediye Ba\u015fkan Vekili Av. Mehmet \u00c7i\u00e7ek, y\u0131lba\u015f\u0131 ak\u015fam\u0131nda Manavgat Devlet Hastanesi\u2019ni ziyaret ederek sa\u011fl\u0131k \u00e7al\u0131\u015fanlar\u0131 ve tedavi g\u00f6ren vatanda\u015flarla bir araya geldi. Ziyarette Ba\u015fkan <a href=\"https:\/\/akdenizhaber.com.tr\/index.php\/2026\/01\/01\/baskan-vekili-cicekten-saglik-calisanlarina-yeni-yil-ziyareti\/\" class=\"read-more-link\">[more&#8230;]<\/a><\/p>\n","protected":false},"author":2,"featured_media":31298,"comment_status":"open","ping_status":"open","sticky":false,"template":"","format":"standard","meta":{"footnotes":""},"categories":[2],"tags":[],"class_list":["post-31297","post","type-post","status-publish","format-standard","has-post-thumbnail","hentry","category-gundem"],"_links":{"self":[{"href":"https:\/\/akdenizhaber.com.tr\/index.php\/wp-json\/wp\/v2\/posts\/31297","targetHints":{"allow":["GET"]}}],"collection":[{"href":"https:\/\/akdenizhaber.com.tr\/index.php\/wp-json\/wp\/v2\/posts"}],"about":[{"href":"https:\/\/akdenizhaber.com.tr\/index.php\/wp-json\/wp\/v2\/types\/post"}],"author":[{"embeddable":true,"href":"https:\/\/akdenizhaber.com.tr\/index.php\/wp-json\/wp\/v2\/users\/2"}],"replies":[{"embeddable":true,"href":"https:\/\/akdenizhaber.com.tr\/index.php\/wp-json\/wp\/v2\/comments?post=31297"}],"version-history":[{"count":1,"href":"https:\/\/akdenizhaber.com.tr\/index.php\/wp-json\/wp\/v2\/posts\/31297\/revisions"}],"predecessor-version":[{"id":31299,"href":"https:\/\/akdenizhaber.com.tr\/index.php\/wp-json\/wp\/v2\/posts\/31297\/revisions\/31299"}],"wp:featuredmedia":[{"embeddable":true,"href":"https:\/\/akdenizhaber.com.tr\/index.php\/wp-json\/wp\/v2\/media\/31298"}],"wp:attachment":[{"href":"https:\/\/akdenizhaber.com.tr\/index.php\/wp-json\/wp\/v2\/media?parent=31297"}],"wp:term":[{"taxonomy":"category","embeddable":true,"href":"https:\/\/akdenizhaber.com.tr\/index.php\/wp-json\/wp\/v2\/categories?post=31297"},{"taxonomy":"post_tag","embeddable":true,"href":"https:\/\/akdenizhaber.com.tr\/index.php\/wp-json\/wp\/v2\/tags?post=31297"}],"curies":[{"name":"wp","href":"https:\/\/api.w.org\/{rel}","templated":true}]}}