{"id":31279,"date":"2025-12-29T15:25:49","date_gmt":"2025-12-29T12:25:49","guid":{"rendered":"https:\/\/akdenizhaber.com.tr\/?p=31279"},"modified":"2025-12-29T15:25:49","modified_gmt":"2025-12-29T12:25:49","slug":"ozel-cocuklara-ozel-yilbasi-kutlamasi","status":"publish","type":"post","link":"https:\/\/akdenizhaber.com.tr\/index.php\/2025\/12\/29\/ozel-cocuklara-ozel-yilbasi-kutlamasi\/","title":{"rendered":"\u00d6zel \u00c7ocuklara, \u00d6zel Y\u0131lba\u015f\u0131 Kutlamas\u0131"},"content":{"rendered":"\n<p>Manavgat \u00d6zel E\u011fitim Rehabilitasyon Merkezi \u00f6\u011frencileri, \u00f6\u011fretmenleri ile birlikte yeni y\u0131l heyecan\u0131 ya\u015fad\u0131.<\/p>\n\n\n\n<p>2025 y\u0131l\u0131n\u0131 geride b\u0131rakmak oldu\u011fumuz bu g\u00fcnlerde okul i\u00e7inde d\u00fczenlenen y\u0131lba\u015f\u0131 etkinli\u011finde \u00e7ocuklar doyas\u0131ya e\u011flenirken, olu\u015fturulan y\u0131lba\u015f\u0131 tablosu \u00f6n\u00fcnde pozlar vererek 2025 y\u0131l\u0131n\u0131n an\u0131s\u0131 olarak foto\u011frafla\u015ft\u0131rd\u0131lar.<\/p>\n\n\n\n<p>Manavgat \u00d6zel E\u011fitim Rehabilitasyon Merkezi kurucular\u0131 \u00d6zhan Deniz ve Olgun Hay\u0131t ile kurum m\u00fcd\u00fcr\u00fc Bahar \u015eahin\u2019inde e\u015flik etti\u011fi y\u0131lba\u015f\u0131 etkinlik program\u0131nda \u00f6\u011frenciler g\u00f6n\u00fcllerince e\u011flenme f\u0131rsat\u0131 elde ettiler.<\/p>\n\n\n\n<p>Kurum m\u00fcd\u00fcr\u00fc Bahar \u015eahin d\u00fczenledikleri her etkinli\u011fin \u00e7ocuklar\u0131n zihninde an\u0131 olarak kalmas\u0131ndan dolay\u0131 duyduklar\u0131 mutlulu\u011fu dile getirerek,2026 y\u0131l\u0131n\u0131n \u00fclkemize bar\u0131\u015f ve karde\u015flik getirmesi dile\u011fi ile t\u00fcm \u00f6\u011frencilerin, velilerin ve okula katk\u0131 sa\u011flayanlar\u0131n yeni y\u0131llar\u0131n\u0131 kutlad\u0131\u011f\u0131n\u0131 s\u00f6yledi.<\/p>\n\n\n\n<p>B\u00fc\u015fra Deveci \/ Haber<\/p>\n","protected":false},"excerpt":{"rendered":"<p>Manavgat \u00d6zel E\u011fitim Rehabilitasyon Merkezi \u00f6\u011frencileri, \u00f6\u011fretmenleri ile birlikte yeni y\u0131l heyecan\u0131 ya\u015fad\u0131. 2025 y\u0131l\u0131n\u0131 geride b\u0131rakmak oldu\u011fumuz bu g\u00fcnlerde okul i\u00e7inde d\u00fczenlenen y\u0131lba\u015f\u0131 etkinli\u011finde <a href=\"https:\/\/akdenizhaber.com.tr\/index.php\/2025\/12\/29\/ozel-cocuklara-ozel-yilbasi-kutlamasi\/\" class=\"read-more-link\">[more&#8230;]<\/a><\/p>\n","protected":false},"author":2,"featured_media":31280,"comment_status":"open","ping_status":"open","sticky":false,"template":"","format":"standard","meta":{"footnotes":""},"categories":[2],"tags":[],"class_list":["post-31279","post","type-post","status-publish","format-standard","has-post-thumbnail","hentry","category-gundem"],"_links":{"self":[{"href":"https:\/\/akdenizhaber.com.tr\/index.php\/wp-json\/wp\/v2\/posts\/31279","targetHints":{"allow":["GET"]}}],"collection":[{"href":"https:\/\/akdenizhaber.com.tr\/index.php\/wp-json\/wp\/v2\/posts"}],"about":[{"href":"https:\/\/akdenizhaber.com.tr\/index.php\/wp-json\/wp\/v2\/types\/post"}],"author":[{"embeddable":true,"href":"https:\/\/akdenizhaber.com.tr\/index.php\/wp-json\/wp\/v2\/users\/2"}],"replies":[{"embeddable":true,"href":"https:\/\/akdenizhaber.com.tr\/index.php\/wp-json\/wp\/v2\/comments?post=31279"}],"version-history":[{"count":1,"href":"https:\/\/akdenizhaber.com.tr\/index.php\/wp-json\/wp\/v2\/posts\/31279\/revisions"}],"predecessor-version":[{"id":31281,"href":"https:\/\/akdenizhaber.com.tr\/index.php\/wp-json\/wp\/v2\/posts\/31279\/revisions\/31281"}],"wp:featuredmedia":[{"embeddable":true,"href":"https:\/\/akdenizhaber.com.tr\/index.php\/wp-json\/wp\/v2\/media\/31280"}],"wp:attachment":[{"href":"https:\/\/akdenizhaber.com.tr\/index.php\/wp-json\/wp\/v2\/media?parent=31279"}],"wp:term":[{"taxonomy":"category","embeddable":true,"href":"https:\/\/akdenizhaber.com.tr\/index.php\/wp-json\/wp\/v2\/categories?post=31279"},{"taxonomy":"post_tag","embeddable":true,"href":"https:\/\/akdenizhaber.com.tr\/index.php\/wp-json\/wp\/v2\/tags?post=31279"}],"curies":[{"name":"wp","href":"https:\/\/api.w.org\/{rel}","templated":true}]}}