{"id":31276,"date":"2025-12-29T15:25:00","date_gmt":"2025-12-29T12:25:00","guid":{"rendered":"https:\/\/akdenizhaber.com.tr\/?p=31276"},"modified":"2025-12-29T15:25:00","modified_gmt":"2025-12-29T12:25:00","slug":"pazarcilar-odasi-baskani-mehmet-dogan-yeni-yil-ulkemize-baris-ve-kardeslik-getirsin","status":"publish","type":"post","link":"https:\/\/akdenizhaber.com.tr\/index.php\/2025\/12\/29\/pazarcilar-odasi-baskani-mehmet-dogan-yeni-yil-ulkemize-baris-ve-kardeslik-getirsin\/","title":{"rendered":"Pazarc\u0131lar Odas\u0131 Ba\u015fkan\u0131 Mehmet Do\u011fan;                    \u201cYeni Y\u0131l \u00dclkemize Bar\u0131\u015f ve Karde\u015flik Getirsin\u201d"},"content":{"rendered":"\n<p><\/p>\n\n\n\n<p>Manavgat Sabit ve Seyyar Pazarc\u0131lar Odas\u0131 Ba\u015fkan\u0131 Mehmet Do\u011fan, se\u00e7im \u00e7al\u0131\u015fmalar\u0131n\u0131 s\u00fcrd\u00fcr\u00fcyor.<\/p>\n\n\n\n<p>2025 y\u0131l\u0131n\u0131 geride b\u0131rakmak \u00fczere oldu\u011fumuz son g\u00fcnlerde 2026 y\u0131l\u0131n\u0131n \u00fclkemize bar\u0131\u015f ve karde\u015flik getirmesi dileklerini ileten Mehmet Do\u011fan t\u00fcm Pazarc\u0131 esnaf\u0131na ise bol kazan\u00e7l\u0131 ve bereketli g\u00fcnler dileklerini iletti.<\/p>\n\n\n\n<p>Pazarc\u0131lar Odas\u0131 ba\u015fkan\u0131 ve se\u00e7imlerde yeniden aday olan Mehmet Do\u011fan ge\u00e7en s\u00fcre\u00e7 i\u00e7erisinde t\u00fcm pazarc\u0131 esnaf\u0131 ile \u00e7ok kuvvetli bir g\u00f6n\u00fcl ba\u011f\u0131 kurduklar\u0131na dikkat \u00e7ekerek, kurulan g\u00f6n\u00fcl ba\u011f\u0131n\u0131n 2026 y\u0131l\u0131nda da devam edece\u011fine inand\u0131\u011f\u0131n\u0131 ifade ederek, g\u00f6n\u00fcl ba\u011f\u0131n\u0131n zorla kurulmad\u0131\u011f\u0131n\u0131 ge\u00e7mi\u015f d\u00f6nem yapm\u0131\u015f olduklar\u0131 \u00e7al\u0131\u015fmalar\u0131n sonucunda \u00f6ncelikle karde\u015flik ba\u011flar\u0131n\u0131n peki\u015fti\u011fini ifade ederek \u201cAyn\u0131 g\u00f6n\u00fcl ba\u011f\u0131 ili\u015fkimiz Allah\u2019\u0131n izniyle 2026 y\u0131l\u0131nda da devam edecek ve pazarc\u0131n\u0131n bizlere olan g\u00fcvenini istismar etmeden hep birlikte yola devam edece\u011fiz. \u015eahs\u0131m ve y\u00f6netim kurulumuza g\u00f6sterilen yo\u011fun ilgi ve deste\u011fe sonsuz te\u015fekk\u00fcr ediyor. Yeniden \u00fclkeme yeni y\u0131l\u0131n bar\u0131\u015f ve karde\u015flik getirmesi dile\u011fi ile pazarc\u0131 esnaf\u0131na bereketli ve bol kazan\u00e7l\u0131 bir y\u0131l dilerim\u201d dedi.<\/p>\n\n\n\n<p>B\u00fc\u015fra Deveci \/ Haber<\/p>\n","protected":false},"excerpt":{"rendered":"<p>Manavgat Sabit ve Seyyar Pazarc\u0131lar Odas\u0131 Ba\u015fkan\u0131 Mehmet Do\u011fan, se\u00e7im \u00e7al\u0131\u015fmalar\u0131n\u0131 s\u00fcrd\u00fcr\u00fcyor. 2025 y\u0131l\u0131n\u0131 geride b\u0131rakmak \u00fczere oldu\u011fumuz son g\u00fcnlerde 2026 y\u0131l\u0131n\u0131n \u00fclkemize bar\u0131\u015f ve <a href=\"https:\/\/akdenizhaber.com.tr\/index.php\/2025\/12\/29\/pazarcilar-odasi-baskani-mehmet-dogan-yeni-yil-ulkemize-baris-ve-kardeslik-getirsin\/\" class=\"read-more-link\">[more&#8230;]<\/a><\/p>\n","protected":false},"author":2,"featured_media":31277,"comment_status":"open","ping_status":"open","sticky":false,"template":"","format":"standard","meta":{"footnotes":""},"categories":[2],"tags":[],"class_list":["post-31276","post","type-post","status-publish","format-standard","has-post-thumbnail","hentry","category-gundem"],"_links":{"self":[{"href":"https:\/\/akdenizhaber.com.tr\/index.php\/wp-json\/wp\/v2\/posts\/31276","targetHints":{"allow":["GET"]}}],"collection":[{"href":"https:\/\/akdenizhaber.com.tr\/index.php\/wp-json\/wp\/v2\/posts"}],"about":[{"href":"https:\/\/akdenizhaber.com.tr\/index.php\/wp-json\/wp\/v2\/types\/post"}],"author":[{"embeddable":true,"href":"https:\/\/akdenizhaber.com.tr\/index.php\/wp-json\/wp\/v2\/users\/2"}],"replies":[{"embeddable":true,"href":"https:\/\/akdenizhaber.com.tr\/index.php\/wp-json\/wp\/v2\/comments?post=31276"}],"version-history":[{"count":1,"href":"https:\/\/akdenizhaber.com.tr\/index.php\/wp-json\/wp\/v2\/posts\/31276\/revisions"}],"predecessor-version":[{"id":31278,"href":"https:\/\/akdenizhaber.com.tr\/index.php\/wp-json\/wp\/v2\/posts\/31276\/revisions\/31278"}],"wp:featuredmedia":[{"embeddable":true,"href":"https:\/\/akdenizhaber.com.tr\/index.php\/wp-json\/wp\/v2\/media\/31277"}],"wp:attachment":[{"href":"https:\/\/akdenizhaber.com.tr\/index.php\/wp-json\/wp\/v2\/media?parent=31276"}],"wp:term":[{"taxonomy":"category","embeddable":true,"href":"https:\/\/akdenizhaber.com.tr\/index.php\/wp-json\/wp\/v2\/categories?post=31276"},{"taxonomy":"post_tag","embeddable":true,"href":"https:\/\/akdenizhaber.com.tr\/index.php\/wp-json\/wp\/v2\/tags?post=31276"}],"curies":[{"name":"wp","href":"https:\/\/api.w.org\/{rel}","templated":true}]}}