{"id":31273,"date":"2025-12-29T15:24:18","date_gmt":"2025-12-29T12:24:18","guid":{"rendered":"https:\/\/akdenizhaber.com.tr\/?p=31273"},"modified":"2025-12-29T15:24:18","modified_gmt":"2025-12-29T12:24:18","slug":"manavgatta-ataturk-kir-kosusu-coskusu","status":"publish","type":"post","link":"https:\/\/akdenizhaber.com.tr\/index.php\/2025\/12\/29\/manavgatta-ataturk-kir-kosusu-coskusu\/","title":{"rendered":"Manavgat\u2019ta Atat\u00fcrk K\u0131r Ko\u015fusu Co\u015fkusu"},"content":{"rendered":"\n<p>Gazi Mustafa Kemal Atat\u00fcrk\u2019\u00fcn Milli M\u00fccadele i\u00e7in Ankara\u2019ya geli\u015finin y\u0131l d\u00f6n\u00fcm\u00fc dolay\u0131s\u0131yla Manavgat\u2019ta geleneksel olarak d\u00fczenlenen Atat\u00fcrk K\u0131r Ko\u015fusu, Manavgat Belediyesi\u2019nin katk\u0131lar\u0131yla ger\u00e7ekle\u015ftirildi.<\/p>\n\n\n\n<p>Manavgat Kaymakaml\u0131\u011f\u0131 himayesinde; Manavgat Belediyesi, Manavgat Gen\u00e7lik ve Spor \u0130l\u00e7e M\u00fcd\u00fcrl\u00fc\u011f\u00fc ve Manavgat \u0130l\u00e7e Milli E\u011fitim M\u00fcd\u00fcrl\u00fc\u011f\u00fc i\u015f birli\u011finde, bir\u00e7ok \u00f6zel kurumun deste\u011fiyle d\u00fczenlenen organizasyona, il\u00e7e genelindeki ilk ve orta\u00f6\u011fretim kurumlar\u0131ndan \u00e7ok say\u0131da \u00f6\u011frenci kat\u0131ld\u0131.<\/p>\n\n\n\n<p>Yar\u0131\u015fmalar\u0131n ard\u0131ndan Manavgat Gen\u00e7lik Merkezi\u2019nde d\u00fczenlenen \u00f6d\u00fcl t\u00f6renine; Manavgat Belediye Ba\u015fkan Vekili Av. Mehmet \u00c7i\u00e7ek, Manavgat Gen\u00e7lik ve Spor \u0130l\u00e7e M\u00fcd\u00fcr\u00fc S\u00fcleyman Karakaya ve Manavgat Belediye Ba\u015fkan Yard\u0131mc\u0131s\u0131 H\u00fcseyin S\u0131rcan kat\u0131ld\u0131. T\u00f6rende, dereceye giren \u00f6\u011frencilere kupa ve madalyalar\u0131 protokol \u00fcyeleri taraf\u0131ndan takdim edildi.<\/p>\n\n\n\n<p>Gen\u00e7lerin sporla bulu\u015fmas\u0131n\u0131 her zaman te\u015fvik ettiklerini belirten Manavgat Belediye Ba\u015fkan Vekili Av. Mehmet \u00c7i\u00e7ek, Manavgat Belediyesi olarak \u00e7ocuklar\u0131n ve gen\u00e7lerin sportif faaliyetlere kat\u0131l\u0131m\u0131n\u0131 desteklemeye devam edeceklerini s\u00f6yledi.<\/p>\n\n\n\n<p>Manavgat Belediyesi \/ B\u00fclten<\/p>\n","protected":false},"excerpt":{"rendered":"<p>Gazi Mustafa Kemal Atat\u00fcrk\u2019\u00fcn Milli M\u00fccadele i\u00e7in Ankara\u2019ya geli\u015finin y\u0131l d\u00f6n\u00fcm\u00fc dolay\u0131s\u0131yla Manavgat\u2019ta geleneksel olarak d\u00fczenlenen Atat\u00fcrk K\u0131r Ko\u015fusu, Manavgat Belediyesi\u2019nin katk\u0131lar\u0131yla ger\u00e7ekle\u015ftirildi. Manavgat Kaymakaml\u0131\u011f\u0131 <a href=\"https:\/\/akdenizhaber.com.tr\/index.php\/2025\/12\/29\/manavgatta-ataturk-kir-kosusu-coskusu\/\" class=\"read-more-link\">[more&#8230;]<\/a><\/p>\n","protected":false},"author":2,"featured_media":31274,"comment_status":"open","ping_status":"open","sticky":false,"template":"","format":"standard","meta":{"footnotes":""},"categories":[2],"tags":[],"class_list":["post-31273","post","type-post","status-publish","format-standard","has-post-thumbnail","hentry","category-gundem"],"_links":{"self":[{"href":"https:\/\/akdenizhaber.com.tr\/index.php\/wp-json\/wp\/v2\/posts\/31273","targetHints":{"allow":["GET"]}}],"collection":[{"href":"https:\/\/akdenizhaber.com.tr\/index.php\/wp-json\/wp\/v2\/posts"}],"about":[{"href":"https:\/\/akdenizhaber.com.tr\/index.php\/wp-json\/wp\/v2\/types\/post"}],"author":[{"embeddable":true,"href":"https:\/\/akdenizhaber.com.tr\/index.php\/wp-json\/wp\/v2\/users\/2"}],"replies":[{"embeddable":true,"href":"https:\/\/akdenizhaber.com.tr\/index.php\/wp-json\/wp\/v2\/comments?post=31273"}],"version-history":[{"count":1,"href":"https:\/\/akdenizhaber.com.tr\/index.php\/wp-json\/wp\/v2\/posts\/31273\/revisions"}],"predecessor-version":[{"id":31275,"href":"https:\/\/akdenizhaber.com.tr\/index.php\/wp-json\/wp\/v2\/posts\/31273\/revisions\/31275"}],"wp:featuredmedia":[{"embeddable":true,"href":"https:\/\/akdenizhaber.com.tr\/index.php\/wp-json\/wp\/v2\/media\/31274"}],"wp:attachment":[{"href":"https:\/\/akdenizhaber.com.tr\/index.php\/wp-json\/wp\/v2\/media?parent=31273"}],"wp:term":[{"taxonomy":"category","embeddable":true,"href":"https:\/\/akdenizhaber.com.tr\/index.php\/wp-json\/wp\/v2\/categories?post=31273"},{"taxonomy":"post_tag","embeddable":true,"href":"https:\/\/akdenizhaber.com.tr\/index.php\/wp-json\/wp\/v2\/tags?post=31273"}],"curies":[{"name":"wp","href":"https:\/\/api.w.org\/{rel}","templated":true}]}}