{"id":31255,"date":"2025-12-29T15:17:35","date_gmt":"2025-12-29T12:17:35","guid":{"rendered":"https:\/\/akdenizhaber.com.tr\/?p=31255"},"modified":"2025-12-29T15:17:35","modified_gmt":"2025-12-29T12:17:35","slug":"akdeniz-universitesi-hastanesinde-yeni-yil-coskusu","status":"publish","type":"post","link":"https:\/\/akdenizhaber.com.tr\/index.php\/2025\/12\/29\/akdeniz-universitesi-hastanesinde-yeni-yil-coskusu\/","title":{"rendered":"Akdeniz \u00dcniversitesi Hastanesi\u2019nde Yeni Y\u0131l Co\u015fkusu"},"content":{"rendered":"\n<p>Akdeniz \u00dcniversitesi Rekt\u00f6r\u00fc Prof. Dr. \u00d6zlenen \u00d6zkan, Akdeniz \u00dcniversitesi Hastanesi \u00e7al\u0131\u015fanlar\u0131yla ve hastanede tedavi g\u00f6ren \u00e7ocuk hastalarla bir araya gelerek yeni y\u0131llar\u0131n\u0131 kutlad\u0131.<\/p>\n\n\n\n<p>Akdeniz \u00dcniversitesi Hastanesi H Blok Atrium&#8217;da d\u00fczenlenen Yeni Y\u0131l Kutlamas\u0131na Akdeniz \u00dcniversitesi Rekt\u00f6r\u00fc Prof. Dr. \u00d6zlenen \u00d6zkan, Rekt\u00f6r Yard\u0131mc\u0131s\u0131 Prof. Dr. Ay\u015fe G\u00fclbin Ar\u0131c\u0131, Prof. Dr. Tuncer Karpuzo\u011flu Organ Nakli ve \u0130leri Sa\u011fl\u0131k Ara\u015ft\u0131rmalar\u0131 Enstit\u00fcs\u00fc M\u00fcd\u00fcr\u00fc Prof. Dr. \u00d6mer \u00d6zkan, Hastane Ba\u015fhekimi Prof. Dr. Y\u0131ld\u0131ray \u00c7ete, Ba\u015fhekim Yard\u0131mc\u0131lar\u0131 Prof. Dr. Derya Mutlu, Do\u00e7. Dr. Murat U\u00e7ar, Do\u00e7. Dr. Volkan Do\u011fru, Dr. \u00d6\u011fr. \u00dcyesi Ali \u00dcnal, Hastane Ba\u015fm\u00fcd\u00fcr\u00fc \u00d6\u011fr. G\u00f6r. Hatice Yavuz Y\u00fcce, akademisyenler ve hastane \u00e7al\u0131\u015fanlar\u0131 kat\u0131ld\u0131.<\/p>\n\n\n\n<p>AKDEN\u0130Z \u00dcN\u0130VERS\u0130TES\u0130 B\u00dcY\u00dcK B\u0130R \u00dcN\u0130VERS\u0130TE<\/p>\n\n\n\n<p>2025 y\u0131l\u0131nda ac\u0131s\u0131yla tatl\u0131s\u0131yla \u00e7ok \u015fey ya\u015fand\u0131\u011f\u0131n\u0131 hat\u0131rlatan Akdeniz \u00dcniversitesi Rekt\u00f6r\u00fc Prof. Dr. \u00d6zlenen \u00d6zkan, \u201cAc\u0131 olanlardan bir tanesi hastanemizde bir yang\u0131n tecr\u00fcbesiydi, ac\u0131 bir tecr\u00fcbe ge\u00e7irdik. Allah&#8217;a \u015f\u00fck\u00fcrler olsun herhangi bir&nbsp;can kayb\u0131 olmad\u0131. 2025 y\u0131l\u0131nda bir\u00e7ok \u00f6\u011fretim \u00fcyemizi, bir\u00e7ok personelimizi kaybettik. Co\u015fku Usta hocam,&nbsp;Erol&nbsp;I\u015f\u0131n hocam, Orhan Erman hocam. Hem\u015firelerimizden Hakan Koca ve G\u00f6zde&nbsp;Karakut,&nbsp;ameliyathane personelimiz Abdurrahman \u00c7etinkaya, yine Ay\u015fe Kafal\u0131 benim \u00e7ok sevdi\u011fim arkada\u015f\u0131md\u0131, Allah rahmet eylesin. Destek personelimiz Cennet Ye\u015fil, Elmas \u015eahin\u2026 Mekanlar\u0131 cennet olsun.\u201d diye konu\u015ftu.<\/p>\n\n\n\n<p>2026 YILINDA YEN\u0130 PROJELER<\/p>\n\n\n\n<p>2026 y\u0131l\u0131yla ilgili beklentileri payla\u015fan Rekt\u00f6r \u00d6zlenen \u00d6zkan, \u201c2026 ortalar\u0131na do\u011fru 600 ara\u00e7l\u0131k otoparka da&nbsp;kavu\u015faca\u011f\u0131z in\u015fallah. 2026 y\u0131l\u0131nda yine muhte\u015fem bir kongre merkezimiz olacak. Bu y\u0131l\u0131n sonunda g\u00f6z lazer merkezimizi de a\u00e7t\u0131k.\u201d \u015feklinde konu\u015ftu. 2025 y\u0131l\u0131 bitmeden promosyon ihalesinin de sonu\u00e7land\u0131\u011f\u0131n\u0131 hat\u0131rlatan Rekt\u00f6r \u00d6zkan, \u201c2025\u2019i kapat\u0131rken de promosyonumuz istedi\u011fimiz gibi sonu\u00e7land\u0131. Hakikaten biz ekibimizle \u00e7ok ciddi bir mesai harcad\u0131k. 121 bin TL yatacak. Bu oran T\u00fcrkiye&#8217;deki&nbsp;en b\u00fcy\u00fck oran, TBMM\u2019den sonra bunu da ifade edelim. Te\u015fekk\u00fcr ediyoruz.\u201d ifadelerini kulland\u0131.<\/p>\n\n\n\n<p>Rekt\u00f6r \u00d6zkan konu\u015fmas\u0131n\u0131n ard\u0131ndan hastane \u00e7al\u0131\u015fanlar\u0131n\u0131n yeni y\u0131l\u0131n\u0131 kutlad\u0131.<\/p>\n\n\n\n<p>\u00c7OCUK HASTALAR G\u00d6NL\u00dcNCE E\u011eLEND\u0130<\/p>\n\n\n\n<p>Akdeniz \u00dcniversitesi Hastanesi \u00c7ocuk Sa\u011fl\u0131\u011f\u0131 ve Hastal\u0131klar\u0131 Anabilim Dal\u0131 taraf\u0131ndan \u00e7ocuk hastalar i\u00e7in yeni y\u0131l etkinli\u011fi d\u00fczenlendi. Etkinlikte hasta \u00e7ocuklar, palya\u00e7o ve \u00e7izgi film kost\u00fcm\u00fc giyenlerle birlikte mutlu zaman ge\u00e7irdiler. \u00c7ocuk Sa\u011fl\u0131\u011f\u0131 ve Hastal\u0131klar\u0131 Poliklini\u011fin ortak alan\u0131nda ger\u00e7ekle\u015ftirilen etkinli\u011fe Akdeniz \u00dcniversitesi Rekt\u00f6r\u00fc Prof. Dr. \u00d6zlenen \u00d6zkan, Rekt\u00f6r Yard\u0131mc\u0131s\u0131 Prof. Dr. Ay\u015fe G\u00fclbin Ar\u0131c\u0131, Akdeniz \u00dcniversitesi Hastanesi Ba\u015fhekimi Prof. Dr. Y\u0131ld\u0131ray \u00c7ete, ba\u015fhekim yard\u0131mc\u0131lar\u0131, \u00c7ocuk Sa\u011fl\u0131\u011f\u0131 ve Hastal\u0131klar\u0131 Anabilim Dal\u0131 Ba\u015fkan\u0131 Prof. Dr. O\u011fuz Dursun, hekimler ve \u00e7ocuk hastalar ile aileleri kat\u0131ld\u0131.<\/p>\n\n\n\n<p>ETK\u0130NL\u0130\u011e\u0130 GER\u00c7EKLE\u015eT\u0130RENLERE TE\u015eEKK\u00dcR<\/p>\n\n\n\n<p>Akdeniz \u00dcniversitesi Rekt\u00f6r\u00fc Prof. Dr. \u00d6zlenen \u00d6zkan, etkinli\u011fin d\u00fczenlenmesinde eme\u011fi ge\u00e7enlere te\u015fekk\u00fcr ederek etkinli\u011fin bir hay\u0131rsever taraf\u0131ndan ger\u00e7ekle\u015ftirildi\u011fini ifade etti. Rekt\u00f6r \u00d6zkan, kat\u0131l\u0131mc\u0131lar\u0131n yeni y\u0131l\u0131n\u0131 tebrik ederken \u00e7ocuk hastalarla da bir s\u00fcre sohbet etti. Etkinlik Antalya B\u00fcy\u00fck\u015fehir Belediyesi \u0130smail Baha S\u00fcrelsan Konservatuvar\u0131 taraf\u0131ndan ger\u00e7ekle\u015ftirilen konser ve e\u011flenceli \u015fark\u0131larla s\u00fcrd\u00fc. \u00c7ocuklar g\u00f6n\u00fcllerince e\u011flenip \u015fark\u0131lar s\u00f6yledi.<\/p>\n\n\n\n<p>Akdeniz \u00dcniversitesi Rekt\u00f6rl\u00fc\u011f\u00fc \/ B\u00fclten<\/p>\n","protected":false},"excerpt":{"rendered":"<p>Akdeniz \u00dcniversitesi Rekt\u00f6r\u00fc Prof. Dr. \u00d6zlenen \u00d6zkan, Akdeniz \u00dcniversitesi Hastanesi \u00e7al\u0131\u015fanlar\u0131yla ve hastanede tedavi g\u00f6ren \u00e7ocuk hastalarla bir araya gelerek yeni y\u0131llar\u0131n\u0131 kutlad\u0131. Akdeniz \u00dcniversitesi <a href=\"https:\/\/akdenizhaber.com.tr\/index.php\/2025\/12\/29\/akdeniz-universitesi-hastanesinde-yeni-yil-coskusu\/\" class=\"read-more-link\">[more&#8230;]<\/a><\/p>\n","protected":false},"author":2,"featured_media":31256,"comment_status":"open","ping_status":"open","sticky":false,"template":"","format":"standard","meta":{"footnotes":""},"categories":[2],"tags":[],"class_list":["post-31255","post","type-post","status-publish","format-standard","has-post-thumbnail","hentry","category-gundem"],"_links":{"self":[{"href":"https:\/\/akdenizhaber.com.tr\/index.php\/wp-json\/wp\/v2\/posts\/31255","targetHints":{"allow":["GET"]}}],"collection":[{"href":"https:\/\/akdenizhaber.com.tr\/index.php\/wp-json\/wp\/v2\/posts"}],"about":[{"href":"https:\/\/akdenizhaber.com.tr\/index.php\/wp-json\/wp\/v2\/types\/post"}],"author":[{"embeddable":true,"href":"https:\/\/akdenizhaber.com.tr\/index.php\/wp-json\/wp\/v2\/users\/2"}],"replies":[{"embeddable":true,"href":"https:\/\/akdenizhaber.com.tr\/index.php\/wp-json\/wp\/v2\/comments?post=31255"}],"version-history":[{"count":1,"href":"https:\/\/akdenizhaber.com.tr\/index.php\/wp-json\/wp\/v2\/posts\/31255\/revisions"}],"predecessor-version":[{"id":31257,"href":"https:\/\/akdenizhaber.com.tr\/index.php\/wp-json\/wp\/v2\/posts\/31255\/revisions\/31257"}],"wp:featuredmedia":[{"embeddable":true,"href":"https:\/\/akdenizhaber.com.tr\/index.php\/wp-json\/wp\/v2\/media\/31256"}],"wp:attachment":[{"href":"https:\/\/akdenizhaber.com.tr\/index.php\/wp-json\/wp\/v2\/media?parent=31255"}],"wp:term":[{"taxonomy":"category","embeddable":true,"href":"https:\/\/akdenizhaber.com.tr\/index.php\/wp-json\/wp\/v2\/categories?post=31255"},{"taxonomy":"post_tag","embeddable":true,"href":"https:\/\/akdenizhaber.com.tr\/index.php\/wp-json\/wp\/v2\/tags?post=31255"}],"curies":[{"name":"wp","href":"https:\/\/api.w.org\/{rel}","templated":true}]}}