{"id":31249,"date":"2025-12-29T15:16:34","date_gmt":"2025-12-29T12:16:34","guid":{"rendered":"https:\/\/akdenizhaber.com.tr\/?p=31249"},"modified":"2025-12-29T15:16:34","modified_gmt":"2025-12-29T12:16:34","slug":"baskan-vekili-ozdemir-konyalilarla-bulustu","status":"publish","type":"post","link":"https:\/\/akdenizhaber.com.tr\/index.php\/2025\/12\/29\/baskan-vekili-ozdemir-konyalilarla-bulustu\/","title":{"rendered":"Ba\u015fkan Vekili \u00d6zdemir Konyal\u0131larla bulu\u015ftu"},"content":{"rendered":"\n<p>Antalya B\u00fcy\u00fck\u015fehir Belediyesi Ba\u015fkan Vekili B\u00fc\u015fra \u00d6zdemir, Akdeniz Konyal\u0131lar Federasyonu\u2019nun d\u00fczenledi\u011fi \u2018Geleneksel Bamya \u00c7orbas\u0131 Etkinli\u011fi\u2019nde Konyal\u0131 vatanda\u015flarla bir araya geldi. Ba\u015fkan Vekili \u00d6zdemir, bu etkinlikte bir \u00e7orbay\u0131 payla\u015fmaktan ziyade; bir gelene\u011fin, memleket \u00f6zleminin ve g\u00fc\u00e7l\u00fc bir dayan\u0131\u015fma k\u00fclt\u00fcr\u00fcn\u00fcn payla\u015f\u0131ld\u0131\u011f\u0131n\u0131 ifade etti.<\/p>\n\n\n\n<p>Akdeniz Konyal\u0131lar Federasyonu\u2019nun \u2018Geleneksel Bamya \u00c7orbas\u0131\u2019 etkinli\u011fine Antalya B\u00fcy\u00fck\u015fehir Belediyesi Ba\u015fkan Vekili B\u00fc\u015fra \u00d6zdemir\u2019in yan\u0131 s\u0131ra Muratpa\u015fa Kaymakam\u0131 \u0130hsan Kara, D\u00f6\u015femealt\u0131 Belediye Ba\u015fkan\u0131 Menderes Dal, Akdeniz Konyal\u0131lar Federasyonu Ba\u015fkan\u0131 Hasan H\u00fcseyin Cengiz, sivil toplum kurulu\u015flar\u0131n\u0131n temsilcileri ve federasyon \u00fcyeleri kat\u0131ld\u0131. Etkinlikte konu\u015fan Ba\u015fkan Vekili \u00d6zdemir, Antalya\u2019n\u0131n farkl\u0131 \u015fehirlerden gelen insanlar\u0131n kendi k\u00fclt\u00fcrlerini koruyarak ortak bir kent kimli\u011fi olu\u015fturdu\u011fu \u00e7ok \u00f6zel bir \u015fehir oldu\u011funu belirtti. Konyal\u0131 vatanda\u015flar\u0131n kente katt\u0131\u011f\u0131 emek, al\u0131n teri ve de\u011ferlerin son derece k\u0131ymetli oldu\u011funa dikkat \u00e7ekti.<\/p>\n\n\n\n<p>BU SOFRALARDA \u00c7OK G\u00dcZEL DOSTLUKLAR KURULUYOR<\/p>\n\n\n\n<p>\u201cSizler burada yaln\u0131zca bir \u00e7orbay\u0131 de\u011fil; bir gelene\u011fi, bir memleket \u00f6zlemini ve g\u00fc\u00e7l\u00fc bir dayan\u0131\u015fma k\u00fclt\u00fcr\u00fcn\u00fc payla\u015f\u0131yorsunuz\u201d diyen Ba\u015fkan Vekili \u00d6zdemir, \u015funlar\u0131 s\u00f6yledi \u201cAntalya B\u00fcy\u00fck\u015fehir Belediyesi olarak k\u00fclt\u00fcrel \u00e7e\u015fitlili\u011fi b\u00fcy\u00fck bir zenginlik, hem\u015fehrilik hukukunu ise en g\u00fc\u00e7l\u00fc ba\u011f\u0131m\u0131z olarak g\u00f6r\u00fcyoruz. Antalya B\u00fcy\u00fck\u015fehir Belediye Ba\u015fkan\u0131m\u0131z Muhittin B\u00f6cek\u2019in sizlere her zaman g\u00f6sterdi\u011fi samimiyet ve \u00f6nemi bizler de ayn\u0131 anlay\u0131\u015fla s\u00fcrd\u00fcr\u00fcyoruz. Bu sofralarda kurulan dostluklar ve bu bulu\u015fmalarda g\u00fc\u00e7lenen birlik duygusu, bizim en b\u00fcy\u00fck umudumuzdur. Hi\u00e7 kimseyi do\u011fdu\u011fu yere, inanc\u0131na, mezhebine ya da \u0131rk\u0131na g\u00f6re ay\u0131rmad\u0131k, ay\u0131rmayaca\u011f\u0131z.\u201d<\/p>\n\n\n\n<p>EME\u011e\u0130 GE\u00c7ENLERE TE\u015eEKK\u00dcR ETT\u0130<\/p>\n\n\n\n<p>Ba\u015fkan Vekili B\u00fc\u015fra \u00d6zdemir, konu\u015fmas\u0131n\u0131 \u015fu s\u00f6zlerle tamamlad\u0131: \u201cMevlana\u2019n\u0131n Konya\u2019dan insanl\u0131\u011fa miras b\u0131rakt\u0131\u011f\u0131; adaletin, karde\u015fli\u011fin ve insan sevgisinin en g\u00fc\u00e7l\u00fc ifadesi olan \u2018Gel, ne olursan ol yine gel\u2019 \u00e7a\u011fr\u0131s\u0131n\u0131 bug\u00fcn de ya\u015fatan ve bu anlaml\u0131 gelene\u011fi y\u0131llard\u0131r s\u00fcrd\u00fcren Akdeniz Konyal\u0131lar Federasyonu\u2019na ve eme\u011fi ge\u00e7en herkese g\u00f6n\u00fclden te\u015fekk\u00fcr ediyorum. \u201dEtkinli\u011fin sonunda Ba\u015fkan Vekili B\u00fc\u015fra \u00d6zdemir, Akdeniz Konyal\u0131lar Federasyonu Ba\u015fkan\u0131 Hasan H\u00fcseyin Cengiz\u2019e ev sahipli\u011fi i\u00e7in te\u015fekk\u00fcr ederek kat\u0131l\u0131mc\u0131larla birlikte hat\u0131ra foto\u011fraf\u0131 \u00e7ektirdi.<\/p>\n\n\n\n<p><a><\/a>Antalya B\u00fcy\u00fck\u015fehir Belediyesi \/ B\u00fclten<\/p>\n","protected":false},"excerpt":{"rendered":"<p>Antalya B\u00fcy\u00fck\u015fehir Belediyesi Ba\u015fkan Vekili B\u00fc\u015fra \u00d6zdemir, Akdeniz Konyal\u0131lar Federasyonu\u2019nun d\u00fczenledi\u011fi \u2018Geleneksel Bamya \u00c7orbas\u0131 Etkinli\u011fi\u2019nde Konyal\u0131 vatanda\u015flarla bir araya geldi. Ba\u015fkan Vekili \u00d6zdemir, bu etkinlikte <a href=\"https:\/\/akdenizhaber.com.tr\/index.php\/2025\/12\/29\/baskan-vekili-ozdemir-konyalilarla-bulustu\/\" class=\"read-more-link\">[more&#8230;]<\/a><\/p>\n","protected":false},"author":2,"featured_media":31250,"comment_status":"open","ping_status":"open","sticky":false,"template":"","format":"standard","meta":{"footnotes":""},"categories":[2],"tags":[],"class_list":["post-31249","post","type-post","status-publish","format-standard","has-post-thumbnail","hentry","category-gundem"],"_links":{"self":[{"href":"https:\/\/akdenizhaber.com.tr\/index.php\/wp-json\/wp\/v2\/posts\/31249","targetHints":{"allow":["GET"]}}],"collection":[{"href":"https:\/\/akdenizhaber.com.tr\/index.php\/wp-json\/wp\/v2\/posts"}],"about":[{"href":"https:\/\/akdenizhaber.com.tr\/index.php\/wp-json\/wp\/v2\/types\/post"}],"author":[{"embeddable":true,"href":"https:\/\/akdenizhaber.com.tr\/index.php\/wp-json\/wp\/v2\/users\/2"}],"replies":[{"embeddable":true,"href":"https:\/\/akdenizhaber.com.tr\/index.php\/wp-json\/wp\/v2\/comments?post=31249"}],"version-history":[{"count":1,"href":"https:\/\/akdenizhaber.com.tr\/index.php\/wp-json\/wp\/v2\/posts\/31249\/revisions"}],"predecessor-version":[{"id":31251,"href":"https:\/\/akdenizhaber.com.tr\/index.php\/wp-json\/wp\/v2\/posts\/31249\/revisions\/31251"}],"wp:featuredmedia":[{"embeddable":true,"href":"https:\/\/akdenizhaber.com.tr\/index.php\/wp-json\/wp\/v2\/media\/31250"}],"wp:attachment":[{"href":"https:\/\/akdenizhaber.com.tr\/index.php\/wp-json\/wp\/v2\/media?parent=31249"}],"wp:term":[{"taxonomy":"category","embeddable":true,"href":"https:\/\/akdenizhaber.com.tr\/index.php\/wp-json\/wp\/v2\/categories?post=31249"},{"taxonomy":"post_tag","embeddable":true,"href":"https:\/\/akdenizhaber.com.tr\/index.php\/wp-json\/wp\/v2\/tags?post=31249"}],"curies":[{"name":"wp","href":"https:\/\/api.w.org\/{rel}","templated":true}]}}