{"id":31240,"date":"2025-12-25T16:39:14","date_gmt":"2025-12-25T13:39:14","guid":{"rendered":"https:\/\/akdenizhaber.com.tr\/?p=31240"},"modified":"2025-12-25T16:39:14","modified_gmt":"2025-12-25T13:39:14","slug":"emrah-ekmekci-yardimci-antrenor-oldu","status":"publish","type":"post","link":"https:\/\/akdenizhaber.com.tr\/index.php\/2025\/12\/25\/emrah-ekmekci-yardimci-antrenor-oldu\/","title":{"rendered":"Emrah Ekmek\u00e7i Yard\u0131mc\u0131 Antren\u00f6r Oldu"},"content":{"rendered":"\n<p>Manavgat Belediyespor\u2019da teknik kadro anlam\u0131nda hareketli g\u00fcnler ya\u015fan\u0131yor.<\/p>\n\n\n\n<p>Kulu Belediyesi ma\u00e7\u0131 sonras\u0131 kar\u015f\u0131l\u0131kl\u0131 anla\u015farak teknik direkt\u00f6rl\u00fckten al\u0131nan Mustafa Y\u00fcksel sonras\u0131 Manavgat Belediyespor\u2019da yard\u0131mc\u0131 antren\u00f6rl\u00fc\u011fe deneyimli ve tecr\u00fcbeli futbolcu Emrah Ekmek\u00e7inin getirildi\u011fi kul\u00fcp y\u00f6netimi taraf\u0131ndan a\u00e7\u0131kland\u0131.<\/p>\n\n\n\n<p>Teknik ekibin tecr\u00fcbeli isimlerle g\u00fc\u00e7lendirildi\u011fine dikkat \u00e7ekilen a\u00e7\u0131klamada,\u201d Kariyeri ba\u015far\u0131larla dolu, Plaj Futbolu Milli Tak\u0131m\u0131m\u0131z\u0131n formas\u0131n\u0131 defalarca terleterek \u00fclkemizi gururla temsil etmi\u015f olan Emrah Ekmek\u00e7i, Yard\u0131mc\u0131 Antren\u00f6r olarak Manavgat Belediyespor ailesine kat\u0131lm\u0131\u015ft\u0131r. Ay-y\u0131ld\u0131zl\u0131 forma alt\u0131nda edindi\u011fi tecr\u00fcbeleri ve sahadaki kazan\u0131mlar\u0131n\u0131 art\u0131k tak\u0131m\u0131m\u0131z\u0131n ba\u015far\u0131s\u0131 i\u00e7in aktaracak olan Emrah Hocam\u0131za &#8216;ho\u015f geldin&#8217; diyor; kul\u00fcb\u00fcm\u00fcz \u00e7at\u0131s\u0131 alt\u0131nda nice zaferler ve ba\u015far\u0131lar diliyoruz\u201d denildi..<\/p>\n\n\n\n<p>B\u00fc\u015fra Deveci \/ Haber<\/p>\n","protected":false},"excerpt":{"rendered":"<p>Manavgat Belediyespor\u2019da teknik kadro anlam\u0131nda hareketli g\u00fcnler ya\u015fan\u0131yor. Kulu Belediyesi ma\u00e7\u0131 sonras\u0131 kar\u015f\u0131l\u0131kl\u0131 anla\u015farak teknik direkt\u00f6rl\u00fckten al\u0131nan Mustafa Y\u00fcksel sonras\u0131 Manavgat Belediyespor\u2019da yard\u0131mc\u0131 antren\u00f6rl\u00fc\u011fe deneyimli <a href=\"https:\/\/akdenizhaber.com.tr\/index.php\/2025\/12\/25\/emrah-ekmekci-yardimci-antrenor-oldu\/\" class=\"read-more-link\">[more&#8230;]<\/a><\/p>\n","protected":false},"author":2,"featured_media":31241,"comment_status":"open","ping_status":"open","sticky":false,"template":"","format":"standard","meta":{"footnotes":""},"categories":[2],"tags":[],"class_list":["post-31240","post","type-post","status-publish","format-standard","has-post-thumbnail","hentry","category-gundem"],"_links":{"self":[{"href":"https:\/\/akdenizhaber.com.tr\/index.php\/wp-json\/wp\/v2\/posts\/31240","targetHints":{"allow":["GET"]}}],"collection":[{"href":"https:\/\/akdenizhaber.com.tr\/index.php\/wp-json\/wp\/v2\/posts"}],"about":[{"href":"https:\/\/akdenizhaber.com.tr\/index.php\/wp-json\/wp\/v2\/types\/post"}],"author":[{"embeddable":true,"href":"https:\/\/akdenizhaber.com.tr\/index.php\/wp-json\/wp\/v2\/users\/2"}],"replies":[{"embeddable":true,"href":"https:\/\/akdenizhaber.com.tr\/index.php\/wp-json\/wp\/v2\/comments?post=31240"}],"version-history":[{"count":1,"href":"https:\/\/akdenizhaber.com.tr\/index.php\/wp-json\/wp\/v2\/posts\/31240\/revisions"}],"predecessor-version":[{"id":31242,"href":"https:\/\/akdenizhaber.com.tr\/index.php\/wp-json\/wp\/v2\/posts\/31240\/revisions\/31242"}],"wp:featuredmedia":[{"embeddable":true,"href":"https:\/\/akdenizhaber.com.tr\/index.php\/wp-json\/wp\/v2\/media\/31241"}],"wp:attachment":[{"href":"https:\/\/akdenizhaber.com.tr\/index.php\/wp-json\/wp\/v2\/media?parent=31240"}],"wp:term":[{"taxonomy":"category","embeddable":true,"href":"https:\/\/akdenizhaber.com.tr\/index.php\/wp-json\/wp\/v2\/categories?post=31240"},{"taxonomy":"post_tag","embeddable":true,"href":"https:\/\/akdenizhaber.com.tr\/index.php\/wp-json\/wp\/v2\/tags?post=31240"}],"curies":[{"name":"wp","href":"https:\/\/api.w.org\/{rel}","templated":true}]}}