{"id":31208,"date":"2025-12-25T16:40:04","date_gmt":"2025-12-25T13:40:04","guid":{"rendered":"https:\/\/akdenizhaber.com.tr\/?p=31208"},"modified":"2025-12-25T16:40:05","modified_gmt":"2025-12-25T13:40:05","slug":"esnaf-odasi-baskan-adayi-abdullah-doru-odayi-masa-basinda-degil-sahada-yonetecegiz","status":"publish","type":"post","link":"https:\/\/akdenizhaber.com.tr\/index.php\/2025\/12\/25\/esnaf-odasi-baskan-adayi-abdullah-doru-odayi-masa-basinda-degil-sahada-yonetecegiz\/","title":{"rendered":"Esnaf Odas\u0131 Ba\u015fkan Aday\u0131 Abdullah Doru; \u201cOday\u0131 Masa Ba\u015f\u0131nda De\u011fil, Sahada Y\u00f6netece\u011fiz\u201d"},"content":{"rendered":"\n<p><\/p>\n\n\n\n<p>Oda se\u00e7imlerinde geriye say\u0131m devam ediyor. D\u00f6rt adayl\u0131 Manavgat Esnaf ve Sanatk\u00e2rlar Odas\u0131 se\u00e7imleri il\u00e7emizde en \u00e7eki\u015fmeli se\u00e7im olarak g\u00f6zlemleniyor.<\/p>\n\n\n\n<p>Esnaf ve Sanatkarlar Odas\u0131 Ba\u015fkan Aday\u0131 Abdullah Doru, se\u00e7imlere aday olurken verdi\u011fi en \u00f6nemli vaatlerin ba\u015f\u0131nda masa ba\u015f\u0131nda de\u011fil, esnafla birlikte oday\u0131 sahada y\u00f6neteceklerinin sonuna dek arkas\u0131nda oldu\u011funu s\u00f6yledi.<\/p>\n\n\n\n<p>Ba\u015fkan aday\u0131 Abdullah Doru, makam de\u011fil, sorumluluk anlay\u0131\u015f\u0131 ile birlikte ekibiyle yola \u00e7\u0131kt\u0131klar\u0131n\u0131 ifade ederek, esnaf\u0131n sorunlar\u0131n\u0131 bilen bir y\u00f6netimle bu i\u015fi g\u00f6t\u00fcreceklerini s\u00f6yledi.<\/p>\n\n\n\n<p>Abdullah Doru bu konudaki g\u00f6r\u00fc\u015flerini \u015f\u00f6yle dile getirdi.<\/p>\n\n\n\n<p>\u201d Makam de\u011fil sorumluluk anlay\u0131\u015f\u0131 ile yola \u00e7\u0131kt\u0131k, ben ve y\u00f6netime talip aday arkada\u015flar\u0131m esnaf\u0131n sorunlar\u0131n\u0131 yak\u0131ndan bilen ki\u015fileriz. \u00c7\u00f6z\u00fcm \u00fcretmeye talip olduk. G\u00f6reve geldi\u011fimiz g\u00fcnden itibaren evrak d\u00fczenleyen bir oda olmaktan \u00f6te esnaf\u0131n yan\u0131nda olan, sahada aktif bir oda anlay\u0131\u015f\u0131 ile hareket ederek g\u00f6rev yapaca\u011f\u0131z. Bize destek olan ve g\u00fcven duyan t\u00fcm esnaflar\u0131m\u0131za y\u00fcrek dolusu te\u015fekk\u00fcrler\u201d dedi.<\/p>\n\n\n\n<p>B\u00fc\u015fra Deveci \/ Haber<\/p>\n","protected":false},"excerpt":{"rendered":"<p>Oda se\u00e7imlerinde geriye say\u0131m devam ediyor. D\u00f6rt adayl\u0131 Manavgat Esnaf ve Sanatk\u00e2rlar Odas\u0131 se\u00e7imleri il\u00e7emizde en \u00e7eki\u015fmeli se\u00e7im olarak g\u00f6zlemleniyor. Esnaf ve Sanatkarlar Odas\u0131 Ba\u015fkan <a href=\"https:\/\/akdenizhaber.com.tr\/index.php\/2025\/12\/25\/esnaf-odasi-baskan-adayi-abdullah-doru-odayi-masa-basinda-degil-sahada-yonetecegiz\/\" class=\"read-more-link\">[more&#8230;]<\/a><\/p>\n","protected":false},"author":2,"featured_media":31213,"comment_status":"open","ping_status":"open","sticky":false,"template":"","format":"standard","meta":{"footnotes":""},"categories":[2],"tags":[],"class_list":["post-31208","post","type-post","status-publish","format-standard","has-post-thumbnail","hentry","category-gundem"],"_links":{"self":[{"href":"https:\/\/akdenizhaber.com.tr\/index.php\/wp-json\/wp\/v2\/posts\/31208","targetHints":{"allow":["GET"]}}],"collection":[{"href":"https:\/\/akdenizhaber.com.tr\/index.php\/wp-json\/wp\/v2\/posts"}],"about":[{"href":"https:\/\/akdenizhaber.com.tr\/index.php\/wp-json\/wp\/v2\/types\/post"}],"author":[{"embeddable":true,"href":"https:\/\/akdenizhaber.com.tr\/index.php\/wp-json\/wp\/v2\/users\/2"}],"replies":[{"embeddable":true,"href":"https:\/\/akdenizhaber.com.tr\/index.php\/wp-json\/wp\/v2\/comments?post=31208"}],"version-history":[{"count":1,"href":"https:\/\/akdenizhaber.com.tr\/index.php\/wp-json\/wp\/v2\/posts\/31208\/revisions"}],"predecessor-version":[{"id":31215,"href":"https:\/\/akdenizhaber.com.tr\/index.php\/wp-json\/wp\/v2\/posts\/31208\/revisions\/31215"}],"wp:featuredmedia":[{"embeddable":true,"href":"https:\/\/akdenizhaber.com.tr\/index.php\/wp-json\/wp\/v2\/media\/31213"}],"wp:attachment":[{"href":"https:\/\/akdenizhaber.com.tr\/index.php\/wp-json\/wp\/v2\/media?parent=31208"}],"wp:term":[{"taxonomy":"category","embeddable":true,"href":"https:\/\/akdenizhaber.com.tr\/index.php\/wp-json\/wp\/v2\/categories?post=31208"},{"taxonomy":"post_tag","embeddable":true,"href":"https:\/\/akdenizhaber.com.tr\/index.php\/wp-json\/wp\/v2\/tags?post=31208"}],"curies":[{"name":"wp","href":"https:\/\/api.w.org\/{rel}","templated":true}]}}