{"id":31205,"date":"2025-12-25T16:39:53","date_gmt":"2025-12-25T13:39:53","guid":{"rendered":"https:\/\/akdenizhaber.com.tr\/?p=31205"},"modified":"2025-12-25T16:39:53","modified_gmt":"2025-12-25T13:39:53","slug":"anahtar-parti-ilce-baskani-gul-adviye-ozdenbu-rakam-yaptik-oldu-siyasetinin-ilanidir","status":"publish","type":"post","link":"https:\/\/akdenizhaber.com.tr\/index.php\/2025\/12\/25\/anahtar-parti-ilce-baskani-gul-adviye-ozdenbu-rakam-yaptik-oldu-siyasetinin-ilanidir\/","title":{"rendered":"Anahtar Parti \u0130l\u00e7e Ba\u015fkan\u0131 G\u00fcl Adviye \u00d6zden;\u201cBu Rakam Yapt\u0131k Oldu Siyasetinin \u0130lan\u0131d\u0131r\u201d"},"content":{"rendered":"\n<p><br>Asgari \u00fccretin belirlenmesinin ard\u0131ndan tepkiler devam ediyor.<br>Manavgat Anahtar Parti \u0130l\u00e7e Ba\u015fkan\u0131 G\u00fcl Adviye \u00d6zden, yap\u0131lan zamma kar\u015f\u0131n vatanda\u015flar\u0131n duyars\u0131z kalmamas\u0131n\u0131 ve tepki vermesi isterken<br>\u201cSESS\u0130Z KALMA\u201d uyar\u0131s\u0131nda bulundu.<br>Anahtar Parti \u0130l\u00e7e Ba\u015fkan\u0131 G\u00fcl Adviye \u00d6zden konuyla ilgili \u015f\u00f6yle konu\u015ftu;<br>\u201cYine bir masa kuruldu, yine rakamlar havada u\u00e7u\u015ftu ve nihayetinde milyonlarca ki\u015finin kaderi 28.075 TL olarak belirlendi. Ancak bu rakam, ne mutfaktaki yang\u0131n\u0131 s\u00f6nd\u00fcrmeye yeter ne de halk\u0131n s\u0131rt\u0131ndaki ge\u00e7im y\u00fck\u00fcn\u00fc hafifletmeye. Bu art\u0131\u015f, bir refah m\u00fcjdesi de\u011fil; derinle\u015fen yoksullu\u011fun ve &#8220;yapt\u0131k oldu&#8221; siyasetinin ilan\u0131d\u0131r.<br>Asgari \u00dccret Tespit Komisyonu\u2019nda i\u015f\u00e7i taraf\u0131n\u0131n (\u00f6zellikle T\u00dcRK-\u0130\u015e gibi b\u00fcy\u00fck sendikalar\u0131n) toplant\u0131ya kat\u0131lmad\u0131\u011f\u0131 belirtiliyor. Bu da siyasi ve sosyal uzla\u015f\u0131 eksikli\u011fidir.<br>Ba\u011f\u0131ms\u0131z hesaplamalar, a\u00e7l\u0131k ve yoksulluk s\u0131n\u0131r\u0131n\u0131n asgari \u00fccretin \u00e7ok \u00fczerinde oldu\u011funu g\u00f6steriyor. \u00d6zellikle bir aile i\u00e7in a\u00e7l\u0131k s\u0131n\u0131r\u0131, asgari \u00fccretle neredeyse e\u015fle\u015firken (yakla\u015f\u0131k 30 bin TL civar\u0131nda) pek \u00e7ok temel ihtiyac\u0131 kar\u015f\u0131lam\u0131yor.<br>Bu da, \u00f6zellikle h\u0131zla artan g\u0131da, kira, e\u011fitim ve enerji maliyetlerinin y\u00fcksek oldu\u011fu bir ortamda, asgari \u00fccretli kesimin h\u00e2l\u00e2 yoksulluk riski alt\u0131nda olmas\u0131na i\u015faret ediyor.<br>Bu ba\u011flamda, \u00fccret art\u0131\u015f\u0131n\u0131n bazen enflasyonun alt\u0131nda kalmas\u0131, i\u015f\u00e7i kesiminin reel kay\u0131plar\u0131n\u0131 s\u00fcrd\u00fcrebilir hale getirebilir.<br>Asgari \u00fccretteki nominal art\u0131\u015f, y\u00fczdesel olarak b\u00fcy\u00fck g\u00f6r\u00fcnse bile Reel al\u0131m g\u00fcc\u00fcn\u00fc artt\u0131rmada yetersiz,Ya\u015fam maliyeti ile \u00fccret aras\u0131ndaki fark h\u00e2l\u00e2 geni\u015f bir kesim i\u00e7in b\u00fcy\u00fck bir sorun\u201d dedi.<\/p>\n","protected":false},"excerpt":{"rendered":"<p>Asgari \u00fccretin belirlenmesinin ard\u0131ndan tepkiler devam ediyor.Manavgat Anahtar Parti \u0130l\u00e7e Ba\u015fkan\u0131 G\u00fcl Adviye \u00d6zden, yap\u0131lan zamma kar\u015f\u0131n vatanda\u015flar\u0131n duyars\u0131z kalmamas\u0131n\u0131 ve tepki vermesi isterken\u201cSESS\u0130Z KALMA\u201d <a href=\"https:\/\/akdenizhaber.com.tr\/index.php\/2025\/12\/25\/anahtar-parti-ilce-baskani-gul-adviye-ozdenbu-rakam-yaptik-oldu-siyasetinin-ilanidir\/\" class=\"read-more-link\">[more&#8230;]<\/a><\/p>\n","protected":false},"author":2,"featured_media":31206,"comment_status":"open","ping_status":"open","sticky":false,"template":"","format":"standard","meta":{"footnotes":""},"categories":[2],"tags":[],"class_list":["post-31205","post","type-post","status-publish","format-standard","has-post-thumbnail","hentry","category-gundem"],"_links":{"self":[{"href":"https:\/\/akdenizhaber.com.tr\/index.php\/wp-json\/wp\/v2\/posts\/31205","targetHints":{"allow":["GET"]}}],"collection":[{"href":"https:\/\/akdenizhaber.com.tr\/index.php\/wp-json\/wp\/v2\/posts"}],"about":[{"href":"https:\/\/akdenizhaber.com.tr\/index.php\/wp-json\/wp\/v2\/types\/post"}],"author":[{"embeddable":true,"href":"https:\/\/akdenizhaber.com.tr\/index.php\/wp-json\/wp\/v2\/users\/2"}],"replies":[{"embeddable":true,"href":"https:\/\/akdenizhaber.com.tr\/index.php\/wp-json\/wp\/v2\/comments?post=31205"}],"version-history":[{"count":1,"href":"https:\/\/akdenizhaber.com.tr\/index.php\/wp-json\/wp\/v2\/posts\/31205\/revisions"}],"predecessor-version":[{"id":31207,"href":"https:\/\/akdenizhaber.com.tr\/index.php\/wp-json\/wp\/v2\/posts\/31205\/revisions\/31207"}],"wp:featuredmedia":[{"embeddable":true,"href":"https:\/\/akdenizhaber.com.tr\/index.php\/wp-json\/wp\/v2\/media\/31206"}],"wp:attachment":[{"href":"https:\/\/akdenizhaber.com.tr\/index.php\/wp-json\/wp\/v2\/media?parent=31205"}],"wp:term":[{"taxonomy":"category","embeddable":true,"href":"https:\/\/akdenizhaber.com.tr\/index.php\/wp-json\/wp\/v2\/categories?post=31205"},{"taxonomy":"post_tag","embeddable":true,"href":"https:\/\/akdenizhaber.com.tr\/index.php\/wp-json\/wp\/v2\/tags?post=31205"}],"curies":[{"name":"wp","href":"https:\/\/api.w.org\/{rel}","templated":true}]}}