{"id":31037,"date":"2025-12-11T15:44:10","date_gmt":"2025-12-11T12:44:10","guid":{"rendered":"https:\/\/akdenizhaber.com.tr\/?p=31037"},"modified":"2025-12-11T15:44:12","modified_gmt":"2025-12-11T12:44:12","slug":"baskan-vekili-cicek-sulek-mahallesindeki-asfalt-calismalarini-inceledi","status":"publish","type":"post","link":"https:\/\/akdenizhaber.com.tr\/index.php\/2025\/12\/11\/baskan-vekili-cicek-sulek-mahallesindeki-asfalt-calismalarini-inceledi\/","title":{"rendered":"Ba\u015fkan Vekili \u00c7i\u00e7ek S\u00fclek Mahallesi\u2019ndeki Asfalt \u00c7al\u0131\u015fmalar\u0131n\u0131 \u0130nceledi"},"content":{"rendered":"\n<p>Manavgat Belediye Ba\u015fkan Vekili Av. Mehmet \u00c7i\u00e7ek, CHP Manavgat \u0130l\u00e7e Ba\u015fkan\u0131 Oykun Ba\u015far, CHP \u0130l\u00e7e Gen\u00e7lik Kollar\u0131 Ba\u015fkan\u0131 Hasan \u00d6zer ve belediye ba\u015fkan yard\u0131mc\u0131lar\u0131ndan olu\u015fan heyetle birlikte S\u00fclek Mahallesi\u2019nde devam eden 3 bin metrelik sathi kaplama asfalt \u00e7al\u0131\u015fmalar\u0131n\u0131 yerinde inceledi.<\/p>\n\n\n\n<p>Saha incelemesi \u00f6ncesinde heyet, S\u00fclek Mahallesi Muhtar\u0131 Ercan Mutlu ile bir araya gelerek \u00e7al\u0131\u015fmalar\u0131n genel seyri hakk\u0131nda de\u011ferlendirmelerde bulundu. Mutlu, mahalleye yap\u0131lan hizmetler i\u00e7in te\u015fekk\u00fcr ederek \u00e7al\u0131\u015fmalar\u0131n mahalle halk\u0131 taraf\u0131ndan memnuniyetle kar\u015f\u0131land\u0131\u011f\u0131n\u0131 aktard\u0131.<\/p>\n\n\n\n<p>Mahallede y\u00fcr\u00fct\u00fclen asfalt \u00e7al\u0131\u015fmalar\u0131na ili\u015fkin bir a\u00e7\u0131klama yapan Ba\u015fkan Vekili \u00c7i\u00e7ek, \u201cManavgat\u2019\u0131n merkezinde oldu\u011fu gibi k\u0131rsal mahallelerimizde de ya\u015fam kalitesini y\u00fckseltecek yat\u0131r\u0131mlar\u0131 s\u00fcrd\u00fcr\u00fcyoruz. K\u0131rsalda yapt\u0131\u011f\u0131m\u0131z her dokunu\u015fun, vatanda\u015flar\u0131m\u0131z\u0131n g\u00fcnl\u00fck hayat\u0131na do\u011frudan katk\u0131 sa\u011flad\u0131\u011f\u0131n\u0131 biliyor ve \u00e7al\u0131\u015fmalar\u0131m\u0131z\u0131 bu bilin\u00e7le y\u00fcr\u00fct\u00fcyoruz.\u201d dedi.<\/p>\n\n\n\n<p>Manavgat Belediyesi \/ B\u00fclten<\/p>\n","protected":false},"excerpt":{"rendered":"<p>Manavgat Belediye Ba\u015fkan Vekili Av. Mehmet \u00c7i\u00e7ek, CHP Manavgat \u0130l\u00e7e Ba\u015fkan\u0131 Oykun Ba\u015far, CHP \u0130l\u00e7e Gen\u00e7lik Kollar\u0131 Ba\u015fkan\u0131 Hasan \u00d6zer ve belediye ba\u015fkan yard\u0131mc\u0131lar\u0131ndan olu\u015fan <a href=\"https:\/\/akdenizhaber.com.tr\/index.php\/2025\/12\/11\/baskan-vekili-cicek-sulek-mahallesindeki-asfalt-calismalarini-inceledi\/\" class=\"read-more-link\">[more&#8230;]<\/a><\/p>\n","protected":false},"author":2,"featured_media":31038,"comment_status":"open","ping_status":"open","sticky":false,"template":"","format":"standard","meta":{"footnotes":""},"categories":[2],"tags":[],"class_list":["post-31037","post","type-post","status-publish","format-standard","has-post-thumbnail","hentry","category-gundem"],"_links":{"self":[{"href":"https:\/\/akdenizhaber.com.tr\/index.php\/wp-json\/wp\/v2\/posts\/31037","targetHints":{"allow":["GET"]}}],"collection":[{"href":"https:\/\/akdenizhaber.com.tr\/index.php\/wp-json\/wp\/v2\/posts"}],"about":[{"href":"https:\/\/akdenizhaber.com.tr\/index.php\/wp-json\/wp\/v2\/types\/post"}],"author":[{"embeddable":true,"href":"https:\/\/akdenizhaber.com.tr\/index.php\/wp-json\/wp\/v2\/users\/2"}],"replies":[{"embeddable":true,"href":"https:\/\/akdenizhaber.com.tr\/index.php\/wp-json\/wp\/v2\/comments?post=31037"}],"version-history":[{"count":1,"href":"https:\/\/akdenizhaber.com.tr\/index.php\/wp-json\/wp\/v2\/posts\/31037\/revisions"}],"predecessor-version":[{"id":31039,"href":"https:\/\/akdenizhaber.com.tr\/index.php\/wp-json\/wp\/v2\/posts\/31037\/revisions\/31039"}],"wp:featuredmedia":[{"embeddable":true,"href":"https:\/\/akdenizhaber.com.tr\/index.php\/wp-json\/wp\/v2\/media\/31038"}],"wp:attachment":[{"href":"https:\/\/akdenizhaber.com.tr\/index.php\/wp-json\/wp\/v2\/media?parent=31037"}],"wp:term":[{"taxonomy":"category","embeddable":true,"href":"https:\/\/akdenizhaber.com.tr\/index.php\/wp-json\/wp\/v2\/categories?post=31037"},{"taxonomy":"post_tag","embeddable":true,"href":"https:\/\/akdenizhaber.com.tr\/index.php\/wp-json\/wp\/v2\/tags?post=31037"}],"curies":[{"name":"wp","href":"https:\/\/api.w.org\/{rel}","templated":true}]}}