{"id":31034,"date":"2025-12-11T15:43:24","date_gmt":"2025-12-11T12:43:24","guid":{"rendered":"https:\/\/akdenizhaber.com.tr\/?p=31034"},"modified":"2025-12-11T15:43:24","modified_gmt":"2025-12-11T12:43:24","slug":"cicekten-temizlik-isleri-santiyesine-ziyaret","status":"publish","type":"post","link":"https:\/\/akdenizhaber.com.tr\/index.php\/2025\/12\/11\/cicekten-temizlik-isleri-santiyesine-ziyaret\/","title":{"rendered":"\u00c7i\u00e7ek\u2019ten Temizlik \u0130\u015fleri \u015eantiyesine Ziyaret"},"content":{"rendered":"\n<p>Manavgat Belediye Ba\u015fkan Vekili Av. Mehmet \u00c7i\u00e7ek, Temizlik \u0130\u015fleri M\u00fcd\u00fcrl\u00fc\u011f\u00fc \u015eantiyesini ziyaret ederek g\u00f6revli ekiplerle bir araya geldi.<\/p>\n\n\n\n<p>\u00c7al\u0131\u015fanlarla sohbet eden \u00c7i\u00e7ek, personelin sahadaki deneyimlerine, taleplerine ve \u00f6nerilerine ili\u015fkin de\u011ferlendirmelerde bulundu. Ziyarette temizlik personelinin \u00e7al\u0131\u015fma ko\u015fullar\u0131, g\u00fcnl\u00fck operasyonlar\u0131n i\u015fleyi\u015fi ve kent genelindeki temizlik hizmetlerinin verimlili\u011fine y\u00f6nelik g\u00f6r\u00fc\u015f al\u0131\u015fveri\u015fi yap\u0131ld\u0131.<\/p>\n\n\n\n<p>\u00c7i\u00e7ek, sahada \u00e7al\u0131\u015fan ekiplerin g\u00f6r\u00fc\u015flerinin belediye hizmetlerinin geli\u015ftirilmesi a\u00e7\u0131s\u0131ndan b\u00fcy\u00fck \u00f6nem ta\u015f\u0131d\u0131\u011f\u0131n\u0131 vurgulad\u0131. Ba\u015fkan Vekili \u00c7i\u00e7ek, \u201cSahadaki her g\u00f6r\u00fc\u015f, hizmetlerimizi daha da g\u00fc\u00e7lendirmek i\u00e7in \u00f6nemli bir rehber. Daha temiz bir Manavgat i\u00e7in \u00e7al\u0131\u015f\u0131yoruz.\u201d ifadelerini kullanarak t\u00fcm \u00e7al\u0131\u015fanlara \u00f6zverili \u00e7al\u0131\u015fmalar\u0131ndan dolay\u0131 te\u015fekk\u00fcr etti.<\/p>\n\n\n\n<p>Manavgat Belediyesi \/ B\u00fclten<\/p>\n","protected":false},"excerpt":{"rendered":"<p>Manavgat Belediye Ba\u015fkan Vekili Av. Mehmet \u00c7i\u00e7ek, Temizlik \u0130\u015fleri M\u00fcd\u00fcrl\u00fc\u011f\u00fc \u015eantiyesini ziyaret ederek g\u00f6revli ekiplerle bir araya geldi. \u00c7al\u0131\u015fanlarla sohbet eden \u00c7i\u00e7ek, personelin sahadaki deneyimlerine, <a href=\"https:\/\/akdenizhaber.com.tr\/index.php\/2025\/12\/11\/cicekten-temizlik-isleri-santiyesine-ziyaret\/\" class=\"read-more-link\">[more&#8230;]<\/a><\/p>\n","protected":false},"author":2,"featured_media":31035,"comment_status":"open","ping_status":"open","sticky":false,"template":"","format":"standard","meta":{"footnotes":""},"categories":[2],"tags":[],"class_list":["post-31034","post","type-post","status-publish","format-standard","has-post-thumbnail","hentry","category-gundem"],"_links":{"self":[{"href":"https:\/\/akdenizhaber.com.tr\/index.php\/wp-json\/wp\/v2\/posts\/31034","targetHints":{"allow":["GET"]}}],"collection":[{"href":"https:\/\/akdenizhaber.com.tr\/index.php\/wp-json\/wp\/v2\/posts"}],"about":[{"href":"https:\/\/akdenizhaber.com.tr\/index.php\/wp-json\/wp\/v2\/types\/post"}],"author":[{"embeddable":true,"href":"https:\/\/akdenizhaber.com.tr\/index.php\/wp-json\/wp\/v2\/users\/2"}],"replies":[{"embeddable":true,"href":"https:\/\/akdenizhaber.com.tr\/index.php\/wp-json\/wp\/v2\/comments?post=31034"}],"version-history":[{"count":1,"href":"https:\/\/akdenizhaber.com.tr\/index.php\/wp-json\/wp\/v2\/posts\/31034\/revisions"}],"predecessor-version":[{"id":31036,"href":"https:\/\/akdenizhaber.com.tr\/index.php\/wp-json\/wp\/v2\/posts\/31034\/revisions\/31036"}],"wp:featuredmedia":[{"embeddable":true,"href":"https:\/\/akdenizhaber.com.tr\/index.php\/wp-json\/wp\/v2\/media\/31035"}],"wp:attachment":[{"href":"https:\/\/akdenizhaber.com.tr\/index.php\/wp-json\/wp\/v2\/media?parent=31034"}],"wp:term":[{"taxonomy":"category","embeddable":true,"href":"https:\/\/akdenizhaber.com.tr\/index.php\/wp-json\/wp\/v2\/categories?post=31034"},{"taxonomy":"post_tag","embeddable":true,"href":"https:\/\/akdenizhaber.com.tr\/index.php\/wp-json\/wp\/v2\/tags?post=31034"}],"curies":[{"name":"wp","href":"https:\/\/api.w.org\/{rel}","templated":true}]}}