{"id":31017,"date":"2025-12-08T16:40:15","date_gmt":"2025-12-08T13:40:15","guid":{"rendered":"https:\/\/akdenizhaber.com.tr\/?p=31017"},"modified":"2025-12-08T16:40:15","modified_gmt":"2025-12-08T13:40:15","slug":"kocyigit-baskana-davullu-zurnali-karsilama","status":"publish","type":"post","link":"https:\/\/akdenizhaber.com.tr\/index.php\/2025\/12\/08\/kocyigit-baskana-davullu-zurnali-karsilama\/","title":{"rendered":"Ko\u00e7yi\u011fit Ba\u015fkana Davullu Zurnal\u0131 Kar\u015f\u0131lama"},"content":{"rendered":"\n<p>Manavgat \u015eof\u00f6rler Odas\u0131 Ba\u015fkan Aday\u0131 Muammer \u00dcnal, se\u00e7im \u00e7al\u0131\u015fmalar\u0131na ara vermeden gece-g\u00fcnd\u00fcz devam ediyor.<\/p>\n\n\n\n<p>Hali haz\u0131rda Manavgat \u015eof\u00f6rler Odas\u0131 Ba\u015fkanl\u0131\u011f\u0131 g\u00f6revini y\u00fcr\u00fcten ve Ocak ay\u0131nda yap\u0131lacak se\u00e7imlerde yeniden ba\u015fkan aday\u0131 olan Muammer \u00dcnal, se\u00e7im \u00e7al\u0131\u015fmalar\u0131 kapsam\u0131nda ge\u00e7ti\u011fimiz ak\u015fam G\u00fcndo\u011fdu dolmu\u015f dura\u011f\u0131nda Side, Kumk\u00f6y ve Evrenseki \u015fof\u00f6r esnaf\u0131 ile bir araya geldi.<\/p>\n\n\n\n<p>G\u00fcndo\u011fdu dolmu\u015f dura\u011f\u0131 \u015fof\u00f6r esnaflar\u0131 ba\u015fkan Muammer \u00dcnal\u2019\u0131 davul ve zurna e\u015fli\u011finde kar\u015f\u0131layarak \u201cBiz senden memnunuz, y\u0131llard\u0131r bir dedi\u011fimizi iki etmedin, geceni g\u00fcnd\u00fcz\u00fcne katarak 7\/24 saat hep yan\u0131 ba\u015f\u0131m\u0131zda oldun. Hastal\u0131\u011f\u0131m\u0131zda, d\u00fc\u011f\u00fcn\u00fcm\u00fczde, mutlulu\u011fumuzda ve k\u00f6t\u00fc g\u00fcnlerimizde hep sen vard\u0131n, bizler senin hakk\u0131n\u0131 \u00f6deyemeyiz Ko\u00e7 yi\u011fidimiz. Sonuna dek seninleyiz. Yolun a\u00e7\u0131k olsun, sen bizim ba\u015f\u0131m\u0131z\u0131n tac\u0131, y\u00fcre\u011fimizin a\u011fas\u0131s\u0131n, yeniden oda ba\u015fkanl\u0131\u011f\u0131n \u015fimdiden hay\u0131rl\u0131 olsun\u201d dediler.<\/p>\n\n\n\n<p>Duygulu anlar\u0131n ya\u015fand\u0131\u011f\u0131 G\u00fcndo\u011fmu\u015f dolmu\u015f dura\u011f\u0131 ziyaretinde ba\u015fkan \u00dcnal, gecenin ge\u00e7 saatine kadar \u015fof\u00f6r esnaf\u0131 ile sohbet ederek, yapt\u0131klar\u0131n\u0131 ve yapacaklar\u0131n\u0131 anlat\u0131rken, gelece\u011fin \u015fof\u00f6r esnaf\u0131 a\u00e7\u0131s\u0131ndan daha g\u00fczel olaca\u011f\u0131na inand\u0131\u011f\u0131n\u0131 s\u00f6yledi.<\/p>\n\n\n\n<p>Ba\u015fkan Muammer \u00dcnal, ula\u015f\u0131m sekt\u00f6r\u00fcn\u00fcn mevcut durumu, iyile\u015ftirilmesi gereken noktalar ve Manavgat\u2019ta yeni d\u00f6nem projeleri \u00fczerine kapsaml\u0131 isti\u015farelerde bulunarak, bug\u00fcne dek yapm\u0131\u015f oldu\u011fu g\u00f6revinde birlik ve dayan\u0131\u015fma ve karde\u015fli\u011fi hep \u00f6n planda tuttu\u011funu, bundan b\u00f6yle de ayn\u0131 \u015fekilde \u00f6ncelikle birlik ve karde\u015fli\u011fin devam\u0131n\u0131 sa\u011flamaya devam edece\u011fini s\u00f6zlerine ekledi.<\/p>\n\n\n\n<p>\u015eof\u00f6rler Odas\u0131 Ba\u015fkan\u0131 ve yeni d\u00f6nem aday\u0131 Muammer \u00dcnal, G\u00fcndo\u011fdu dolmu\u015f dura\u011f\u0131 ziyareti sonras\u0131 yapt\u0131\u011f\u0131 a\u00e7\u0131klamada \u015f\u00f6yle konu\u015ftu;<\/p>\n\n\n\n<p>&nbsp;\u201cManavgat \u015eof\u00f6rler Odas\u0131\u2019na kay\u0131tl\u0131 olup direksiyon ba\u015f\u0131nda ekme\u011fini kazanan her karde\u015fimizin sorunu bizim sorunumuzdur. Bug\u00fcne kadar oldu\u011fu gibi bundan sonra da \u015fof\u00f6r esnaf\u0131m\u0131z\u0131n ve odam\u0131za kay\u0131tl\u0131 t\u00fcm \u00fcyelerimizin hakk\u0131n\u0131, eme\u011fini ve gelece\u011fini korumaya devam edece\u011fiz.\u201d<\/p>\n\n\n\n<p>Manavgat \u015eof\u00f6rler Odas\u0131 ba\u015fkan\u0131 Muammer \u00dcnal\u2019\u0131n saha \u00e7al\u0131\u015fmalar\u0131n\u0131n devam edece\u011fi ve her g\u00fcn oda \u00fcyeleri ile bir araya gelmeye devam edece\u011fi \u00f6\u011frenildi.<\/p>\n\n\n\n<p>B\u00fc\u015fra Deveci \/ Haber<\/p>\n\n\n\n<p><\/p>\n","protected":false},"excerpt":{"rendered":"<p>Manavgat \u015eof\u00f6rler Odas\u0131 Ba\u015fkan Aday\u0131 Muammer \u00dcnal, se\u00e7im \u00e7al\u0131\u015fmalar\u0131na ara vermeden gece-g\u00fcnd\u00fcz devam ediyor. Hali haz\u0131rda Manavgat \u015eof\u00f6rler Odas\u0131 Ba\u015fkanl\u0131\u011f\u0131 g\u00f6revini y\u00fcr\u00fcten ve Ocak ay\u0131nda <a href=\"https:\/\/akdenizhaber.com.tr\/index.php\/2025\/12\/08\/kocyigit-baskana-davullu-zurnali-karsilama\/\" class=\"read-more-link\">[more&#8230;]<\/a><\/p>\n","protected":false},"author":2,"featured_media":31018,"comment_status":"open","ping_status":"open","sticky":false,"template":"","format":"standard","meta":{"footnotes":""},"categories":[2],"tags":[],"class_list":["post-31017","post","type-post","status-publish","format-standard","has-post-thumbnail","hentry","category-gundem"],"_links":{"self":[{"href":"https:\/\/akdenizhaber.com.tr\/index.php\/wp-json\/wp\/v2\/posts\/31017","targetHints":{"allow":["GET"]}}],"collection":[{"href":"https:\/\/akdenizhaber.com.tr\/index.php\/wp-json\/wp\/v2\/posts"}],"about":[{"href":"https:\/\/akdenizhaber.com.tr\/index.php\/wp-json\/wp\/v2\/types\/post"}],"author":[{"embeddable":true,"href":"https:\/\/akdenizhaber.com.tr\/index.php\/wp-json\/wp\/v2\/users\/2"}],"replies":[{"embeddable":true,"href":"https:\/\/akdenizhaber.com.tr\/index.php\/wp-json\/wp\/v2\/comments?post=31017"}],"version-history":[{"count":1,"href":"https:\/\/akdenizhaber.com.tr\/index.php\/wp-json\/wp\/v2\/posts\/31017\/revisions"}],"predecessor-version":[{"id":31019,"href":"https:\/\/akdenizhaber.com.tr\/index.php\/wp-json\/wp\/v2\/posts\/31017\/revisions\/31019"}],"wp:featuredmedia":[{"embeddable":true,"href":"https:\/\/akdenizhaber.com.tr\/index.php\/wp-json\/wp\/v2\/media\/31018"}],"wp:attachment":[{"href":"https:\/\/akdenizhaber.com.tr\/index.php\/wp-json\/wp\/v2\/media?parent=31017"}],"wp:term":[{"taxonomy":"category","embeddable":true,"href":"https:\/\/akdenizhaber.com.tr\/index.php\/wp-json\/wp\/v2\/categories?post=31017"},{"taxonomy":"post_tag","embeddable":true,"href":"https:\/\/akdenizhaber.com.tr\/index.php\/wp-json\/wp\/v2\/tags?post=31017"}],"curies":[{"name":"wp","href":"https:\/\/api.w.org\/{rel}","templated":true}]}}