{"id":31001,"date":"2025-12-08T16:27:46","date_gmt":"2025-12-08T13:27:46","guid":{"rendered":"https:\/\/akdenizhaber.com.tr\/?p=31001"},"modified":"2025-12-08T16:27:47","modified_gmt":"2025-12-08T13:27:47","slug":"efsane-baskan-ve-esine-ogrenci-ziyareti","status":"publish","type":"post","link":"https:\/\/akdenizhaber.com.tr\/index.php\/2025\/12\/08\/efsane-baskan-ve-esine-ogrenci-ziyareti\/","title":{"rendered":"Efsane Ba\u015fkan ve E\u015fine \u00d6\u011frenci Ziyareti"},"content":{"rendered":"\n<p>Side\u2019nin efsane belediye ba\u015fkan\u0131 Turgut \u015een ve e\u015fi Fatma \u015een\u2019i ge\u00e7ti\u011fimiz g\u00fcnlerde Fatma&amp;Turgut \u015een Anadolu Lisesi \u00f6\u011frencileri kabirlerinde ziyaret etti.<\/p>\n\n\n\n<p>Ya\u015farken Side\u2019ye kazand\u0131rd\u0131\u011f\u0131 Fatma&amp;Turgut \u015een Anadolu Lisesi bug\u00fcne dek y\u00fczlerce ki\u015finin yeti\u015fmesine b\u00fcy\u00fck katk\u0131lar sa\u011flad\u0131<\/p>\n\n\n\n<p>Ge\u00e7ti\u011fimiz g\u00fcnlerde Okul m\u00fcd\u00fcr\u00fc Ahmet Acar \u00f6nc\u00fcl\u00fc\u011f\u00fcnde; Din K\u00fclt\u00fcr\u00fc ve Ahlak Bilgisi \u00f6\u011fretmeni Fatma Kara, 9\/A s\u0131n\u0131f\u0131 rehber \u00f6\u011fretmeni Zehra Ku\u015fkonmaz ve 9\/B s\u0131n\u0131f\u0131 rehber \u00f6\u011fretmeni G\u00fcler \u015eahin ile birlikte 70 \u00f6\u011frenci, okul kurucular\u0131 merhum Turgut \u015een ve Fatma \u015een\u2019in kabirleri ba\u015f\u0131nda ziyaret etti.<\/p>\n\n\n\n<p>Merhumlar\u0131n mezar\u0131 ba\u015f\u0131nda Yasin-i \u015eerif okunarak ve dualar okundu.<\/p>\n\n\n\n<p>Merhum Turgut \u015een\u2019in o\u011flu Mehmet \u015een\u2019de ziyarete kat\u0131larak, \u00f6\u011frencileri samimi bir misafirperverlikle kar\u015f\u0131layarak pi\u015fi ve i\u00e7ecek ikram\u0131nda bulundu.<\/p>\n\n\n\n<p>B\u00fc\u015fra Deveci \/ Haber<\/p>\n\n\n\n<p><\/p>\n","protected":false},"excerpt":{"rendered":"<p>Side\u2019nin efsane belediye ba\u015fkan\u0131 Turgut \u015een ve e\u015fi Fatma \u015een\u2019i ge\u00e7ti\u011fimiz g\u00fcnlerde Fatma&amp;Turgut \u015een Anadolu Lisesi \u00f6\u011frencileri kabirlerinde ziyaret etti. Ya\u015farken Side\u2019ye kazand\u0131rd\u0131\u011f\u0131 Fatma&amp;Turgut \u015een <a href=\"https:\/\/akdenizhaber.com.tr\/index.php\/2025\/12\/08\/efsane-baskan-ve-esine-ogrenci-ziyareti\/\" class=\"read-more-link\">[more&#8230;]<\/a><\/p>\n","protected":false},"author":2,"featured_media":31002,"comment_status":"open","ping_status":"open","sticky":false,"template":"","format":"standard","meta":{"footnotes":""},"categories":[2],"tags":[],"class_list":["post-31001","post","type-post","status-publish","format-standard","has-post-thumbnail","hentry","category-gundem"],"_links":{"self":[{"href":"https:\/\/akdenizhaber.com.tr\/index.php\/wp-json\/wp\/v2\/posts\/31001","targetHints":{"allow":["GET"]}}],"collection":[{"href":"https:\/\/akdenizhaber.com.tr\/index.php\/wp-json\/wp\/v2\/posts"}],"about":[{"href":"https:\/\/akdenizhaber.com.tr\/index.php\/wp-json\/wp\/v2\/types\/post"}],"author":[{"embeddable":true,"href":"https:\/\/akdenizhaber.com.tr\/index.php\/wp-json\/wp\/v2\/users\/2"}],"replies":[{"embeddable":true,"href":"https:\/\/akdenizhaber.com.tr\/index.php\/wp-json\/wp\/v2\/comments?post=31001"}],"version-history":[{"count":1,"href":"https:\/\/akdenizhaber.com.tr\/index.php\/wp-json\/wp\/v2\/posts\/31001\/revisions"}],"predecessor-version":[{"id":31003,"href":"https:\/\/akdenizhaber.com.tr\/index.php\/wp-json\/wp\/v2\/posts\/31001\/revisions\/31003"}],"wp:featuredmedia":[{"embeddable":true,"href":"https:\/\/akdenizhaber.com.tr\/index.php\/wp-json\/wp\/v2\/media\/31002"}],"wp:attachment":[{"href":"https:\/\/akdenizhaber.com.tr\/index.php\/wp-json\/wp\/v2\/media?parent=31001"}],"wp:term":[{"taxonomy":"category","embeddable":true,"href":"https:\/\/akdenizhaber.com.tr\/index.php\/wp-json\/wp\/v2\/categories?post=31001"},{"taxonomy":"post_tag","embeddable":true,"href":"https:\/\/akdenizhaber.com.tr\/index.php\/wp-json\/wp\/v2\/tags?post=31001"}],"curies":[{"name":"wp","href":"https:\/\/api.w.org\/{rel}","templated":true}]}}