{"id":30989,"date":"2025-12-08T16:23:49","date_gmt":"2025-12-08T13:23:49","guid":{"rendered":"https:\/\/akdenizhaber.com.tr\/?p=30989"},"modified":"2025-12-08T16:23:50","modified_gmt":"2025-12-08T13:23:50","slug":"manavgat-belediyesi-selale-mesire-alaninda-yenileme-calismalarini-baslatiyor","status":"publish","type":"post","link":"https:\/\/akdenizhaber.com.tr\/index.php\/2025\/12\/08\/manavgat-belediyesi-selale-mesire-alaninda-yenileme-calismalarini-baslatiyor\/","title":{"rendered":"Manavgat Belediyesi \u015eelale Mesire Alan\u0131\u2019nda Yenileme \u00c7al\u0131\u015fmalar\u0131n\u0131 Ba\u015flat\u0131yor"},"content":{"rendered":"\n<p>Manavgat Belediyesi, kent genelinde y\u00fcr\u00fctt\u00fc\u011f\u00fc \u00e7evre d\u00fczenleme \u00e7al\u0131\u015fmalar\u0131na bir yenisini daha ekleyerek \u015eelale Mesire Alan\u0131\u2019nda kapsaml\u0131 bir yenileme s\u00fcreci ba\u015flat\u0131yor. Belediyeden yap\u0131lan a\u00e7\u0131klamaya g\u00f6re, alan 8 Aral\u0131k Pazartesi g\u00fcn\u00fc itibar\u0131yla bak\u0131m, onar\u0131m ve tadilat \u00e7al\u0131\u015fmalar\u0131 nedeniyle ge\u00e7ici s\u00fcreyle vatanda\u015flar\u0131n kullan\u0131m\u0131na kapat\u0131lacak.<\/p>\n\n\n\n<p>Mesire alan\u0131n\u0131n daha g\u00fcvenli, modern ve vatanda\u015flar\u0131n ihtiya\u00e7lar\u0131na uygun bir yap\u0131ya kavu\u015fturulmas\u0131 amac\u0131yla ger\u00e7ekle\u015ftirilecek \u00e7al\u0131\u015fmalar\u0131n k\u0131sa s\u00fcrede tamamlanmas\u0131 hedefleniyor.<\/p>\n\n\n\n<p>Manavgat Belediyesi\u2019nden yap\u0131lan a\u00e7\u0131klamada, \u201c\u015eelale Mesire Alan\u0131\u2019n\u0131 daha konforlu, g\u00fcvenli ve estetik bir yap\u0131ya kavu\u015fturmak ad\u0131na kapsaml\u0131 bir yenileme \u00e7al\u0131\u015fmas\u0131 ba\u015flat\u0131yoruz. \u00c7al\u0131\u015fmalar tamamland\u0131\u011f\u0131nda mesire alan\u0131m\u0131z, halk\u0131m\u0131z\u0131n taleplerine cevap verecek \u015fekilde modernize edilmi\u015f olacak.\u201d ifadelerine yer verildi.<\/p>\n\n\n\n<p>Manavgat Belediyesi \/ B\u00fclten<\/p>\n","protected":false},"excerpt":{"rendered":"<p>Manavgat Belediyesi, kent genelinde y\u00fcr\u00fctt\u00fc\u011f\u00fc \u00e7evre d\u00fczenleme \u00e7al\u0131\u015fmalar\u0131na bir yenisini daha ekleyerek \u015eelale Mesire Alan\u0131\u2019nda kapsaml\u0131 bir yenileme s\u00fcreci ba\u015flat\u0131yor. Belediyeden yap\u0131lan a\u00e7\u0131klamaya g\u00f6re, alan <a href=\"https:\/\/akdenizhaber.com.tr\/index.php\/2025\/12\/08\/manavgat-belediyesi-selale-mesire-alaninda-yenileme-calismalarini-baslatiyor\/\" class=\"read-more-link\">[more&#8230;]<\/a><\/p>\n","protected":false},"author":2,"featured_media":30990,"comment_status":"open","ping_status":"open","sticky":false,"template":"","format":"standard","meta":{"footnotes":""},"categories":[2],"tags":[],"class_list":["post-30989","post","type-post","status-publish","format-standard","has-post-thumbnail","hentry","category-gundem"],"_links":{"self":[{"href":"https:\/\/akdenizhaber.com.tr\/index.php\/wp-json\/wp\/v2\/posts\/30989","targetHints":{"allow":["GET"]}}],"collection":[{"href":"https:\/\/akdenizhaber.com.tr\/index.php\/wp-json\/wp\/v2\/posts"}],"about":[{"href":"https:\/\/akdenizhaber.com.tr\/index.php\/wp-json\/wp\/v2\/types\/post"}],"author":[{"embeddable":true,"href":"https:\/\/akdenizhaber.com.tr\/index.php\/wp-json\/wp\/v2\/users\/2"}],"replies":[{"embeddable":true,"href":"https:\/\/akdenizhaber.com.tr\/index.php\/wp-json\/wp\/v2\/comments?post=30989"}],"version-history":[{"count":1,"href":"https:\/\/akdenizhaber.com.tr\/index.php\/wp-json\/wp\/v2\/posts\/30989\/revisions"}],"predecessor-version":[{"id":30991,"href":"https:\/\/akdenizhaber.com.tr\/index.php\/wp-json\/wp\/v2\/posts\/30989\/revisions\/30991"}],"wp:featuredmedia":[{"embeddable":true,"href":"https:\/\/akdenizhaber.com.tr\/index.php\/wp-json\/wp\/v2\/media\/30990"}],"wp:attachment":[{"href":"https:\/\/akdenizhaber.com.tr\/index.php\/wp-json\/wp\/v2\/media?parent=30989"}],"wp:term":[{"taxonomy":"category","embeddable":true,"href":"https:\/\/akdenizhaber.com.tr\/index.php\/wp-json\/wp\/v2\/categories?post=30989"},{"taxonomy":"post_tag","embeddable":true,"href":"https:\/\/akdenizhaber.com.tr\/index.php\/wp-json\/wp\/v2\/tags?post=30989"}],"curies":[{"name":"wp","href":"https:\/\/api.w.org\/{rel}","templated":true}]}}