{"id":30983,"date":"2025-12-08T16:22:49","date_gmt":"2025-12-08T13:22:49","guid":{"rendered":"https:\/\/akdenizhaber.com.tr\/?p=30983"},"modified":"2025-12-08T16:22:50","modified_gmt":"2025-12-08T13:22:50","slug":"en-fazla-kitap-okuyani-odullu-osman-peksoy-vefat-etti","status":"publish","type":"post","link":"https:\/\/akdenizhaber.com.tr\/index.php\/2025\/12\/08\/en-fazla-kitap-okuyani-odullu-osman-peksoy-vefat-etti\/","title":{"rendered":"En Fazla Kitap Okuyan\u0131 \u00f6d\u00fcll\u00fc Osman Peksoy vefat etti"},"content":{"rendered":"\n<p>\u0130l\u00e7e Halk K\u00fct\u00fcphanesi M\u00fcd\u00fcrl\u00fc\u011f\u00fc taraf\u0131ndan &#8216;Manavgat&#8217;\u0131n En \u00c7ok kitap okuyan ki\u015fisi&#8217; unvan\u0131 verilen Osman Peksoy vefat etti.<\/p>\n\n\n\n<p>95 ya\u015f\u0131nda hayat\u0131n\u0131 kaybeden Osman Peksoy dede, s\u00fcrekli yan\u0131nda kitap bulunduran ve okuyan bir ki\u015fi olarak biliniyordu.<\/p>\n\n\n\n<p>Ya\u015fl\u0131 olmas\u0131na kar\u015f\u0131 g\u00fcn\u00fcn\u00fcn b\u00fcy\u00fck \u00e7o\u011funlu\u011funu Manavgat \u0130l\u00e7e Halk K\u00fct\u00fcphanesi M\u00fcd\u00fcrl\u00fc\u011f\u00fcnde ge\u00e7iren Osman Peksoy \u0130l\u00e7e K\u00fct\u00fcphane M\u00fcd\u00fcr\u00fc Hidayet Oktay taraf\u0131ndan Manavgat\u2019\u0131n En Fazla Kitap Okuyan ve kitap Severi unvan\u0131 verilerek \u00f6d\u00fcllendirilmi\u015fti.&nbsp;<\/p>\n\n\n\n<p>Manavgat \u0130l\u00e7e K\u00fct\u00fcphane M\u00fcd\u00fcr\u00fc Hidayet Oktay, hayat\u0131n\u0131 kaybeden Osman Peksoy, kitap okumada g\u00fcn\u00fcm\u00fcz \u00e7ocuklar\u0131, g\u00fcn\u00fcm\u00fcz gen\u00e7leri ve g\u00fcn\u00fcm\u00fcz insan\u0131na her zaman \u00f6rnek oldu\u011funu s\u00f6yledi.<\/p>\n\n\n\n<p>Osman Peksoy&#8217;un yak\u0131nlar\u0131na \u00e7ocuklar\u0131na ve kitap okurlar\u0131na ba\u015fsa\u011fl\u0131\u011f\u0131 dileyen M\u00fcd\u00fcr Osman Peksoy&#8217;u kaybetmenin derin \u00fcz\u00fcnt\u00fcs\u00fc i\u00e7inde oldu\u011funu ifade etti.<\/p>\n\n\n\n<p>Osman Peksoy&#8217;un cenazesi Sar\u0131lar Mahallesi&#8217;nden al\u0131narak Manavgat Kavakl\u0131 Mezarl\u0131\u011f\u0131&#8217;nda \u00f6\u011fle namaz\u0131na m\u00fcteakip cenaze namaz\u0131 sonras\u0131 sevenlerine taraf\u0131ndan topra\u011fa verildi.<\/p>\n\n\n\n<p>Haber\/Abdurrahman B\u00fcy\u00fckkeskin<\/p>\n","protected":false},"excerpt":{"rendered":"<p>\u0130l\u00e7e Halk K\u00fct\u00fcphanesi M\u00fcd\u00fcrl\u00fc\u011f\u00fc taraf\u0131ndan &#8216;Manavgat&#8217;\u0131n En \u00c7ok kitap okuyan ki\u015fisi&#8217; unvan\u0131 verilen Osman Peksoy vefat etti. 95 ya\u015f\u0131nda hayat\u0131n\u0131 kaybeden Osman Peksoy dede, s\u00fcrekli <a href=\"https:\/\/akdenizhaber.com.tr\/index.php\/2025\/12\/08\/en-fazla-kitap-okuyani-odullu-osman-peksoy-vefat-etti\/\" class=\"read-more-link\">[more&#8230;]<\/a><\/p>\n","protected":false},"author":2,"featured_media":30984,"comment_status":"open","ping_status":"open","sticky":false,"template":"","format":"standard","meta":{"footnotes":""},"categories":[2],"tags":[],"class_list":["post-30983","post","type-post","status-publish","format-standard","has-post-thumbnail","hentry","category-gundem"],"_links":{"self":[{"href":"https:\/\/akdenizhaber.com.tr\/index.php\/wp-json\/wp\/v2\/posts\/30983","targetHints":{"allow":["GET"]}}],"collection":[{"href":"https:\/\/akdenizhaber.com.tr\/index.php\/wp-json\/wp\/v2\/posts"}],"about":[{"href":"https:\/\/akdenizhaber.com.tr\/index.php\/wp-json\/wp\/v2\/types\/post"}],"author":[{"embeddable":true,"href":"https:\/\/akdenizhaber.com.tr\/index.php\/wp-json\/wp\/v2\/users\/2"}],"replies":[{"embeddable":true,"href":"https:\/\/akdenizhaber.com.tr\/index.php\/wp-json\/wp\/v2\/comments?post=30983"}],"version-history":[{"count":1,"href":"https:\/\/akdenizhaber.com.tr\/index.php\/wp-json\/wp\/v2\/posts\/30983\/revisions"}],"predecessor-version":[{"id":30985,"href":"https:\/\/akdenizhaber.com.tr\/index.php\/wp-json\/wp\/v2\/posts\/30983\/revisions\/30985"}],"wp:featuredmedia":[{"embeddable":true,"href":"https:\/\/akdenizhaber.com.tr\/index.php\/wp-json\/wp\/v2\/media\/30984"}],"wp:attachment":[{"href":"https:\/\/akdenizhaber.com.tr\/index.php\/wp-json\/wp\/v2\/media?parent=30983"}],"wp:term":[{"taxonomy":"category","embeddable":true,"href":"https:\/\/akdenizhaber.com.tr\/index.php\/wp-json\/wp\/v2\/categories?post=30983"},{"taxonomy":"post_tag","embeddable":true,"href":"https:\/\/akdenizhaber.com.tr\/index.php\/wp-json\/wp\/v2\/tags?post=30983"}],"curies":[{"name":"wp","href":"https:\/\/api.w.org\/{rel}","templated":true}]}}