{"id":30980,"date":"2025-12-08T16:22:16","date_gmt":"2025-12-08T13:22:16","guid":{"rendered":"https:\/\/akdenizhaber.com.tr\/?p=30980"},"modified":"2025-12-08T16:22:17","modified_gmt":"2025-12-08T13:22:17","slug":"gungor-ankarada-cumhurbaskani-yardimcisina-manavgat-is-dunyasinin-taleplerini-aktardi","status":"publish","type":"post","link":"https:\/\/akdenizhaber.com.tr\/index.php\/2025\/12\/08\/gungor-ankarada-cumhurbaskani-yardimcisina-manavgat-is-dunyasinin-taleplerini-aktardi\/","title":{"rendered":"G\u00fcng\u00f6r, Ankara\u2019da Cumhurba\u015fkan\u0131 Yard\u0131mc\u0131s\u0131na Manavgat \u0130\u015f D\u00fcnyas\u0131n\u0131n Taleplerini Aktard\u0131"},"content":{"rendered":"\n<p>MATSO Ba\u015fkan\u0131 Sn. Seydi Tahsin G\u00dcNG\u00d6R, TOBB \u0130kiz Kuleler\u2019de d\u00fczenlenen M\u00fc\u015fterek Konsey Toplant\u0131s\u0131\u2019nda yapt\u0131\u011f\u0131 konu\u015fmada Manavgat i\u015f d\u00fcnyas\u0131n\u0131n talep ve beklentilerini aktararak haz\u0131rlad\u0131klar\u0131 dosyay\u0131 Cumhurba\u015fkan\u0131 Yard\u0131mc\u0131s\u0131 Sn. Cevdet YILMAZ ve TOBB Ba\u015fkan\u0131 Sn. M. Rifat H\u0130SARCIKLIO\u011eLU\u2019na sundu.<\/p>\n\n\n\n<p>Manavgat Ticaret ve Sanayi Odam\u0131z (MATSO) Ba\u015fkan\u0131 Sn. Seydi Tahsin G\u00dcNG\u00d6R, Cumhurba\u015fkan\u0131 Yard\u0131mc\u0131s\u0131 Sn. Cevdet YILMAZ\u2019\u0131n te\u015frifleri ve T\u00fcrkiye Odalar ve Borsalar Birli\u011fi (TOBB) Ba\u015fkan\u0131 Sn. M. Rifat H\u0130SARCIKLIO\u011eLU\u2019nun ev sahipli\u011finde TOBB \u0130kiz Kuleler\u2019de d\u00fczenlenen Ticaret ve Sanayi Odalar\u0131, Sanayi Odalar\u0131, Ticaret Borsalar\u0131 ve Deniz Ticaret Odalar\u0131 M\u00fc\u015fterek Konsey Toplant\u0131s\u0131\u2019na kat\u0131ld\u0131. Toplant\u0131ya; Ticaret ve Sanayi Odalar\u0131, Sanayi Odalar\u0131, Ticaret Borsalar\u0131 ve Deniz Ticaret Odalar\u0131 ba\u015fkanlar\u0131, bakan yard\u0131mc\u0131lar\u0131 ve ilgili b\u00fcrokratlar kat\u0131ld\u0131. Toplant\u0131da piyasalarda ve sekt\u00f6rlerde ya\u015fanan sorunlar ele al\u0131narak i\u015f d\u00fcnyas\u0131n\u0131n talep ve \u00e7\u00f6z\u00fcm \u00f6nerileri de\u011ferlendirildi.<\/p>\n\n\n\n<p>Toplant\u0131da s\u00f6z alarak bir konu\u015fma yapan MATSO Ba\u015fkan\u0131 Sn. Seydi Tahsin G\u00dcNG\u00d6R, Manavgat i\u015f d\u00fcnyas\u0131n\u0131n sahadan gelen \u00f6ncelikli beklentilerini birinci elden aktard\u0131. Sn. G\u00dcNG\u00d6R, \u00fclkenin ekonomik, sosyal ve yap\u0131sal d\u00f6n\u00fc\u015f\u00fcm s\u00fcrecinde y\u00fcr\u00fct\u00fclen \u00e7al\u0131\u015fmalar\u0131n Manavgat\u2019taki yerel projelere y\u00f6n verdi\u011fini belirterek, bu s\u00fcrecin kendilerine g\u00fc\u00e7 ve ilham kayna\u011f\u0131 oldu\u011funu ifade etti.&nbsp; Manavgat\u2019\u0131n turizm potansiyeli, tar\u0131msal \u00fcretim g\u00fcc\u00fc, ticaret hacmi ve giri\u015fimci insan kayna\u011f\u0131yla T\u00fcrkiye\u2019nin dinamik il\u00e7elerinden biri oldu\u011funa dikkat \u00e7eken Sn. G\u00dcNG\u00d6R, bu potansiyelin s\u00fcrd\u00fcr\u00fclebilir kalk\u0131nma ilkeleri do\u011frultusunda daha etkin de\u011ferlendirilmesi gerekti\u011fini vurgulad\u0131.<\/p>\n\n\n\n<p>BA\u015eKAN SN. G\u00dcNG\u00d6R, B\u0130R\u00c7OK KONUYU CUMHURBA\u015eKANI YARDIMCISI SN. CEVDET YILMAZ\u2019A AKTARDI.<\/p>\n\n\n\n<p>Yang\u0131n g\u00fcvenli\u011fi mevzuat\u0131ndaki yetki karma\u015fas\u0131n\u0131n turizm tesisleri ve i\u015fletmelere uyum s\u00fcrecinde \u00e7e\u015fitli sorunlara yol a\u00e7t\u0131\u011f\u0131n\u0131 belirten Ba\u015fkan Sn. G\u00dcNG\u00d6R, yeni yang\u0131n y\u00f6netmeli\u011fiyle turizm tesisleri ve i\u015fletmelerinde zorunlu hale getirilen uygulamalar\u0131n sahadaki etkilerine ve sekt\u00f6r\u00fcn beklentilerine dikkat \u00e7ekti. Uygulama s\u00fcre\u00e7lerinde ya\u015fanan s\u0131k\u0131nt\u0131lar nedeniyle turizm tesisleri ve i\u015fletmelere 2027 y\u0131l\u0131 Nisan ay\u0131na kadar s\u00fcre tan\u0131nmas\u0131 gerekti\u011fini vurgulad\u0131.<\/p>\n\n\n\n<p>\u0130\u015f d\u00fcnyas\u0131n\u0131n finansmana eri\u015fimde ya\u015fad\u0131\u011f\u0131 zorluklar\u0131n t\u00fcm sekt\u00f6rleri olumsuz etkiledi\u011fini belirten Ba\u015fkan Sn. G\u00dcNG\u00d6R, bu konuda destek sa\u011flanmas\u0131 gerekti\u011fini vurgulayarak, \u00f6zellikle ticari kredilere eri\u015fimde esneklik tan\u0131nmas\u0131 ve finansmana ula\u015f\u0131m\u0131n kolayla\u015ft\u0131r\u0131lmas\u0131n\u0131n b\u00fcy\u00fck \u00f6nem ta\u015f\u0131d\u0131\u011f\u0131n\u0131 ifade etti.<\/p>\n\n\n\n<p>Kent merkezi ve turizm b\u00f6lgelerinde artan n\u00fcfus ve de\u011fi\u015fen yap\u0131la\u015fma ihtiya\u00e7lar\u0131 nedeniyle mevcut imar planlar\u0131n\u0131n yetersiz kald\u0131\u011f\u0131n\u0131 belirten Ba\u015fkan Sn. G\u00dcNG\u00d6R, emsal oranlar\u0131n\u0131n g\u00fcn\u00fcm\u00fcz ko\u015fullar\u0131na uygun \u015fekilde yeniden belirlenmesi i\u00e7in plan notlar\u0131n\u0131n g\u00fcncellenmesi ve emsal art\u0131\u015f\u0131 yap\u0131lmas\u0131 y\u00f6n\u00fcndeki talebi dile getirdi.<\/p>\n\n\n\n<p>Turizm tesislerinde imara ayk\u0131r\u0131l\u0131klar nedeniyle \u0130mar Kanunu\u2019nun 32. maddesinin uygulanmas\u0131nda ya\u015fanan sorunlara de\u011finen Ba\u015fkan Sn. G\u00dcNG\u00d6R, tapulara d\u00fc\u015f\u00fclen ayk\u0131r\u0131l\u0131k \u015ferhlerinin i\u015fletmelerin de\u011ferleme ve kredi s\u00fcre\u00e7lerinde ciddi s\u0131k\u0131nt\u0131lar olu\u015fturdu\u011funu belirterek, tapuya belirtme yap\u0131lmamas\u0131 veya yaln\u0131zca imara ayk\u0131r\u0131 b\u00f6l\u00fcmler i\u00e7in \u015ferh d\u00fc\u015f\u00fclmesi y\u00f6n\u00fcndeki sorunun \u00e7\u00f6z\u00fclmesi gerekti\u011fini ifade etti.&nbsp;<\/p>\n\n\n\n<p>Manavgat i\u015f insanlar\u0131n\u0131n Schengen vizesi alamamas\u0131 ve ye\u015fil pasaporttan yararlanamamas\u0131 sorununa de\u011finen Ba\u015fkan Sn. G\u00dcNG\u00d6R, bu durumun turizm ve ihracat\u0131 olumsuz etkiledi\u011fini belirterek vize ba\u015fvurular\u0131ndaki aksakl\u0131klar\u0131n giderilmesi ve i\u015f insanlar\u0131na ye\u015fil pasaport verilmesi y\u00f6n\u00fcndeki taleplerini aktard\u0131.<\/p>\n\n\n\n<p>Manavgat\u2019ta alt yap\u0131 ve ar\u0131tma tesislerinin kapasitesinin yetersiz kald\u0131\u011f\u0131n\u0131 belirten Ba\u015fkan G\u00fcng\u00f6r, alt yap\u0131n\u0131n g\u00fc\u00e7lendirilmesi,&nbsp; ar\u0131tma tesislerinin kapasitesinin art\u0131r\u0131lmas\u0131 ve yeni ar\u0131tma tesislerinin yap\u0131larak hayata ge\u00e7irilmesi gerekti\u011fini s\u00f6yledi.<\/p>\n\n\n\n<p>Ba\u015fkan Sn. G\u00dcNG\u00d6R, toplant\u0131da Manavgat i\u015f d\u00fcnyas\u0131n\u0131n kar\u015f\u0131la\u015ft\u0131\u011f\u0131 bir\u00e7ok konuyu ve genel beklentileri kapsaml\u0131 bir \u015fekilde aktararak b\u00f6lgenin ekonomik geli\u015fimi i\u00e7in at\u0131lmas\u0131 gereken ad\u0131mlara dikkat \u00e7ekti. \u0130\u015f d\u00fcnyas\u0131n\u0131n sahadaki durumunu, kar\u015f\u0131la\u015f\u0131lan zorluklar\u0131 ve \u00e7\u00f6z\u00fcm ihtiya\u00e7lar\u0131n\u0131 ilgili makamlara ileten Ba\u015fkan G\u00dcNG\u00d6R, rapor halinde Cumhurba\u015fkan\u0131 Yard\u0131mc\u0131s\u0131 Sn. Cevdet YILMAZ ve TOBB Ba\u015fkan\u0131 Sn. M. Rifat H\u0130SARCIKLIO\u011eLU\u2019na dosya olarak sundu.<\/p>\n\n\n\n<p>HAZIRLADIKLARI RAPORUN YOL G\u00d6STER\u0130C\u0130 N\u0130TEL\u0130KTE OLDU\u011eUNU BEL\u0130RTT\u0130<\/p>\n\n\n\n<p>MATSO olarak haz\u0131rlad\u0131klar\u0131 \u00e7al\u0131\u015fmayla il\u00e7enin ekonomik ve sekt\u00f6rel yap\u0131s\u0131n\u0131 b\u00fct\u00fcnc\u00fcl bir yakla\u015f\u0131mla ele ald\u0131klar\u0131n\u0131 belirten Sn. G\u00dcNG\u00d6R, raporda kar\u015f\u0131la\u015f\u0131lan sorunlara y\u00f6nelik \u00e7\u00f6z\u00fcm \u00f6nerileri ve geli\u015fim alanlar\u0131n\u0131n kapsaml\u0131 \u015fekilde ortaya konuldu\u011funu s\u00f6yledi.<\/p>\n\n\n\n<p>Haz\u0131rlad\u0131klar\u0131 dosyan\u0131n; yat\u0131r\u0131m, \u00fcretim, istihdam ve ihracat odakl\u0131 ekonomi politikalar\u0131 kapsam\u0131nda b\u00f6lgesel stratejilerin olu\u015fmas\u0131na katk\u0131 sa\u011flayaca\u011f\u0131n\u0131 ifade eden Sn. G\u00dcNG\u00d6R, kamu yat\u0131r\u0131mlar\u0131n\u0131n y\u00f6nlendirilmesi ve yerel potansiyelin de\u011ferlendirilmesi a\u00e7\u0131s\u0131ndan bu raporun yol g\u00f6sterici olmas\u0131n\u0131 temenni etti.<\/p>\n\n\n\n<p>Devlet deste\u011fi ile yerel dinamiklerin birle\u015fmesi halinde Manavgat\u2019\u0131n ulusal \u00f6l\u00e7ekte g\u00fc\u00e7l\u00fc bir ekonomik merkez olabilece\u011fini vurgulayan Sn. G\u00dcNG\u00d6R, \u201c\u00dclkemizin her k\u00f6\u015fesinde oldu\u011fu gibi Manavgat\u2019ta da yat\u0131r\u0131m ortam\u0131n\u0131n iyile\u015ftirilmesi, \u00fcretimin ve istihdam\u0131n art\u0131r\u0131lmas\u0131 y\u00f6n\u00fcndeki \u00e7abalar\u0131n\u0131za i\u015f d\u00fcnyam\u0131z b\u00fcy\u00fck bir takdirle \u015fahitlik etmektedir. Devletimizin deste\u011fi, yerel dinamiklerle birle\u015fti\u011finde Manavgat\u2019\u0131n yaln\u0131zca b\u00f6lgesel de\u011fil, ulusal \u00f6l\u00e7ekte de \u00f6nemli bir ekonomik merkez olma potansiyeline sahip oldu\u011funa inan\u0131yoruz\u201d dedi.<\/p>\n\n\n\n<p>G\u00dcNG\u00d6R, BA\u015eKAN H\u0130SARCIKLIO\u011eLU\u2019NA TE\u015eEKK\u00dcR ETT\u0130<\/p>\n\n\n\n<p>Ba\u015fkan Sn. G\u00dcNG\u00d6R, ev sahipli\u011fi i\u00e7in Sn. M. Rifat H\u0130SARCIKLIO\u011eLU\u2019na te\u015fekk\u00fcr ederek, toplant\u0131ya kat\u0131larak g\u00f6r\u00fc\u015f ve katk\u0131 sunan t\u00fcm oda ve borsa ba\u015fkanlar\u0131na \u015f\u00fckranlar\u0131n\u0131 sundu ve \u201cToplant\u0131da al\u0131nan kararlar\u0131n \u00fclkemize, b\u00f6lgemize ve i\u015f d\u00fcnyas\u0131na hay\u0131rl\u0131 olmas\u0131n\u0131 temenni ediyorum\u201d dedi.<\/p>\n\n\n\n<p>Manavgat Ticaret ve Sanayi Odas\u0131 \/ B\u00fclten<\/p>\n","protected":false},"excerpt":{"rendered":"<p>MATSO Ba\u015fkan\u0131 Sn. Seydi Tahsin G\u00dcNG\u00d6R, TOBB \u0130kiz Kuleler\u2019de d\u00fczenlenen M\u00fc\u015fterek Konsey Toplant\u0131s\u0131\u2019nda yapt\u0131\u011f\u0131 konu\u015fmada Manavgat i\u015f d\u00fcnyas\u0131n\u0131n talep ve beklentilerini aktararak haz\u0131rlad\u0131klar\u0131 dosyay\u0131 Cumhurba\u015fkan\u0131 <a href=\"https:\/\/akdenizhaber.com.tr\/index.php\/2025\/12\/08\/gungor-ankarada-cumhurbaskani-yardimcisina-manavgat-is-dunyasinin-taleplerini-aktardi\/\" class=\"read-more-link\">[more&#8230;]<\/a><\/p>\n","protected":false},"author":2,"featured_media":30981,"comment_status":"open","ping_status":"open","sticky":false,"template":"","format":"standard","meta":{"footnotes":""},"categories":[2],"tags":[],"class_list":["post-30980","post","type-post","status-publish","format-standard","has-post-thumbnail","hentry","category-gundem"],"_links":{"self":[{"href":"https:\/\/akdenizhaber.com.tr\/index.php\/wp-json\/wp\/v2\/posts\/30980","targetHints":{"allow":["GET"]}}],"collection":[{"href":"https:\/\/akdenizhaber.com.tr\/index.php\/wp-json\/wp\/v2\/posts"}],"about":[{"href":"https:\/\/akdenizhaber.com.tr\/index.php\/wp-json\/wp\/v2\/types\/post"}],"author":[{"embeddable":true,"href":"https:\/\/akdenizhaber.com.tr\/index.php\/wp-json\/wp\/v2\/users\/2"}],"replies":[{"embeddable":true,"href":"https:\/\/akdenizhaber.com.tr\/index.php\/wp-json\/wp\/v2\/comments?post=30980"}],"version-history":[{"count":1,"href":"https:\/\/akdenizhaber.com.tr\/index.php\/wp-json\/wp\/v2\/posts\/30980\/revisions"}],"predecessor-version":[{"id":30982,"href":"https:\/\/akdenizhaber.com.tr\/index.php\/wp-json\/wp\/v2\/posts\/30980\/revisions\/30982"}],"wp:featuredmedia":[{"embeddable":true,"href":"https:\/\/akdenizhaber.com.tr\/index.php\/wp-json\/wp\/v2\/media\/30981"}],"wp:attachment":[{"href":"https:\/\/akdenizhaber.com.tr\/index.php\/wp-json\/wp\/v2\/media?parent=30980"}],"wp:term":[{"taxonomy":"category","embeddable":true,"href":"https:\/\/akdenizhaber.com.tr\/index.php\/wp-json\/wp\/v2\/categories?post=30980"},{"taxonomy":"post_tag","embeddable":true,"href":"https:\/\/akdenizhaber.com.tr\/index.php\/wp-json\/wp\/v2\/tags?post=30980"}],"curies":[{"name":"wp","href":"https:\/\/api.w.org\/{rel}","templated":true}]}}