{"id":30977,"date":"2025-12-08T16:21:29","date_gmt":"2025-12-08T13:21:29","guid":{"rendered":"https:\/\/akdenizhaber.com.tr\/?p=30977"},"modified":"2025-12-08T16:21:30","modified_gmt":"2025-12-08T13:21:30","slug":"iyi-parti-genel-baskan-yardimcisi-kevser-ofluoglu-kadin-guclenirse-turkiye-guclenir","status":"publish","type":"post","link":"https:\/\/akdenizhaber.com.tr\/index.php\/2025\/12\/08\/iyi-parti-genel-baskan-yardimcisi-kevser-ofluoglu-kadin-guclenirse-turkiye-guclenir\/","title":{"rendered":"\u0130Y\u0130 Parti Genel Ba\u015fkan Yard\u0131mc\u0131s\u0131 Kevser Ofluo\u011flu \u2018Kad\u0131n g\u00fc\u00e7lenirse T\u00fcrkiye g\u00fc\u00e7lenir\u2019"},"content":{"rendered":"\n<p><\/p>\n\n\n\n<p>\u0130Y\u0130 Parti Kad\u0131n Aile ve Sosyal Hizmetler Ba\u015fkan\u0131 <a>Kevser Ofluo\u011flu<\/a>, 5 Aral\u0131k T\u00fcrk Kad\u0131n\u0131na se\u00e7me ve se\u00e7ilme hakk\u0131 tan\u0131nmas\u0131n\u0131n y\u0131ld\u00f6n\u00fcm\u00fc dolay\u0131s\u0131yla yapt\u0131\u011f\u0131 a\u00e7\u0131klamada kad\u0131n haklar\u0131n\u0131n siyasetin pazarl\u0131k konusu olamayaca\u011f\u0131n\u0131 vurgulad\u0131.<\/p>\n\n\n\n<p>Kevser Ofluo\u011flu, 5 Aral\u0131k Kad\u0131n Haklar\u0131 G\u00fcn\u00fc nedeniyle bir bas\u0131n a\u00e7\u0131klamas\u0131 yay\u0131mlad\u0131. A\u00e7\u0131klamada, 1934\u2019te T\u00fcrk kad\u0131n\u0131na bir\u00e7ok \u00fclkeden \u00f6nce tan\u0131nan se\u00e7me ve se\u00e7ilme hakk\u0131n\u0131n Cumhuriyet\u2019in en \u00f6nemli kazan\u0131mlar\u0131ndan biri oldu\u011fu belirtildi. T\u00fcrkiye Cumhuriyeti\u2019nin o d\u00f6nemde att\u0131\u011f\u0131 ad\u0131m\u0131n yaln\u0131zca hukuki bir d\u00fczenleme de\u011fil, ayn\u0131 zamanda bir medeniyet devrimi oldu\u011fu ifade edildi. Ofluo\u011flu a\u00e7\u0131klamas\u0131nda \u015funlar\u0131 s\u00f6yledi:<\/p>\n\n\n\n<p>TBMM\u2019ye 1935 y\u0131l\u0131nda 17 kad\u0131n milletvekilinin girmesinin tarihi bir ad\u0131md\u0131. Ancak bug\u00fcn gelinen noktada kad\u0131n temsilinin hala arzu edilen seviyede olmad\u0131\u011f\u0131n\u0131 g\u00f6r\u00fcyoruz. TBMM\u2019deki kad\u0131n oran\u0131n\u0131n y\u00fczde 20\u2019lerde olup siyasi partilerin karar mekanizmalar\u0131nda erkek egemen yap\u0131n\u0131n s\u00fcrd\u00fc\u011f\u00fcn\u00fc g\u00f6rmekteyiz. Kad\u0131nlar\u0131m\u0131z i\u015f hayat\u0131nda, e\u011fitimde, sosyal ya\u015famda pek \u00e7ok e\u015fitsizlikle kar\u015f\u0131 kar\u015f\u0131yad\u0131r. Kad\u0131n istihdam\u0131n\u0131n d\u00fc\u015f\u00fck seviyelerde oldu\u011fu, \u00fccret e\u015fitsizli\u011finin s\u00fcrd\u00fc\u011f\u00fc ve kad\u0131nlar\u0131n \u00f6nemli bir b\u00f6l\u00fcm\u00fcn\u00fcn kay\u0131t d\u0131\u015f\u0131, g\u00fcvencesiz i\u015flerde \u00e7al\u0131\u015ft\u0131\u011f\u0131 bir ger\u00e7ektir. Kad\u0131na y\u00f6nelik \u015fiddetin geldi\u011fi boyutun ise toplumsal vicdan\u0131 yaralamaktad\u0131r. \u0130Y\u0130 Parti olarak kad\u0131na y\u00f6nelik \u015fiddetle m\u00fccadelede daha g\u00fc\u00e7l\u00fc mekanizmalar kurulmas\u0131 gerekti\u011fini s\u00fcrekli ifade etmekteyiz. Koruma kararlar\u0131 ve kolluk s\u00fcre\u00e7lerinin iyile\u015ftirilmesini, kad\u0131n destek merkezlerinin yayg\u0131nla\u015ft\u0131r\u0131lmas\u0131n\u0131 istiyoruz. &nbsp;Ayr\u0131ca \u00fccretsiz kre\u015f, ya\u015fl\u0131 ve engelli bak\u0131m hizmetlerinin kamusal politika h\u00e2line getirilmesi \u00f6nem arz etmektedir.\u2019\u2019<\/p>\n\n\n\n<p>\u0130Y\u0130 Parti Kad\u0131n Aile ve Sosyal Hizmetler Ba\u015fkan\u0131 Kevser Ofluo\u011flu Kad\u0131n haklar\u0131 konusuna parti olarak \u00f6nem verdiklerini ifade ederek bu konudaki \u00f6nerilerini de \u015f\u00f6yle a\u00e7\u0131klad\u0131:<\/p>\n\n\n\n<p>\u2018\u2019Siyasi partilerde cinsiyet kotas\u0131n\u0131n yasal zorunluluk haline getirilmesi, kad\u0131nlar\u0131n yerel ve merkezi siyasete kat\u0131l\u0131m\u0131n\u0131 destekleyici fon ve e\u011fitim programlar\u0131n\u0131n olu\u015fturulmas\u0131 gerekmektedir. E\u015fit i\u015fe e\u015fit \u00fccret ilkesinin etkin uygulanmas\u0131, kad\u0131n giri\u015fimcili\u011finin desteklenmesi ve do\u011fum sonras\u0131 i\u015f hayat\u0131na d\u00f6n\u00fc\u015f\u00fc kolayla\u015ft\u0131ran modellerin yayg\u0131nla\u015ft\u0131r\u0131lmas\u0131 da \u0130Y\u0130 Parti\u2019nin Kad\u0131n haklar\u0131 konusundaki \u00f6ncelikleri aras\u0131nda yer almaktad\u0131r. \u015eu bir ger\u00e7ek ki; Kad\u0131n \u00f6zg\u00fcrle\u015firse demokrasi b\u00fcy\u00fcr. Kad\u0131n e\u015fit olursa Cumhuriyet tamamlan\u0131r. Kad\u0131n g\u00fc\u00e7lenirse T\u00fcrkiye g\u00fc\u00e7lenir\u201d<\/p>\n\n\n\n<p>Haber Merkezi<\/p>\n","protected":false},"excerpt":{"rendered":"<p>\u0130Y\u0130 Parti Kad\u0131n Aile ve Sosyal Hizmetler Ba\u015fkan\u0131 Kevser Ofluo\u011flu, 5 Aral\u0131k T\u00fcrk Kad\u0131n\u0131na se\u00e7me ve se\u00e7ilme hakk\u0131 tan\u0131nmas\u0131n\u0131n y\u0131ld\u00f6n\u00fcm\u00fc dolay\u0131s\u0131yla yapt\u0131\u011f\u0131 a\u00e7\u0131klamada kad\u0131n haklar\u0131n\u0131n <a href=\"https:\/\/akdenizhaber.com.tr\/index.php\/2025\/12\/08\/iyi-parti-genel-baskan-yardimcisi-kevser-ofluoglu-kadin-guclenirse-turkiye-guclenir\/\" class=\"read-more-link\">[more&#8230;]<\/a><\/p>\n","protected":false},"author":2,"featured_media":30978,"comment_status":"open","ping_status":"open","sticky":false,"template":"","format":"standard","meta":{"footnotes":""},"categories":[2],"tags":[],"class_list":["post-30977","post","type-post","status-publish","format-standard","has-post-thumbnail","hentry","category-gundem"],"_links":{"self":[{"href":"https:\/\/akdenizhaber.com.tr\/index.php\/wp-json\/wp\/v2\/posts\/30977","targetHints":{"allow":["GET"]}}],"collection":[{"href":"https:\/\/akdenizhaber.com.tr\/index.php\/wp-json\/wp\/v2\/posts"}],"about":[{"href":"https:\/\/akdenizhaber.com.tr\/index.php\/wp-json\/wp\/v2\/types\/post"}],"author":[{"embeddable":true,"href":"https:\/\/akdenizhaber.com.tr\/index.php\/wp-json\/wp\/v2\/users\/2"}],"replies":[{"embeddable":true,"href":"https:\/\/akdenizhaber.com.tr\/index.php\/wp-json\/wp\/v2\/comments?post=30977"}],"version-history":[{"count":1,"href":"https:\/\/akdenizhaber.com.tr\/index.php\/wp-json\/wp\/v2\/posts\/30977\/revisions"}],"predecessor-version":[{"id":30979,"href":"https:\/\/akdenizhaber.com.tr\/index.php\/wp-json\/wp\/v2\/posts\/30977\/revisions\/30979"}],"wp:featuredmedia":[{"embeddable":true,"href":"https:\/\/akdenizhaber.com.tr\/index.php\/wp-json\/wp\/v2\/media\/30978"}],"wp:attachment":[{"href":"https:\/\/akdenizhaber.com.tr\/index.php\/wp-json\/wp\/v2\/media?parent=30977"}],"wp:term":[{"taxonomy":"category","embeddable":true,"href":"https:\/\/akdenizhaber.com.tr\/index.php\/wp-json\/wp\/v2\/categories?post=30977"},{"taxonomy":"post_tag","embeddable":true,"href":"https:\/\/akdenizhaber.com.tr\/index.php\/wp-json\/wp\/v2\/tags?post=30977"}],"curies":[{"name":"wp","href":"https:\/\/api.w.org\/{rel}","templated":true}]}}